{"id":204177,"date":"2025-04-24T23:36:13","date_gmt":"2025-04-25T02:36:13","guid":{"rendered":"https:\/\/corrientesdetarde.com\/?p=204177"},"modified":"2025-04-24T23:36:17","modified_gmt":"2025-04-25T02:36:17","slug":"el-senado-propicia-creacion-de-un-centro-provincial-de-ia","status":"publish","type":"post","link":"https:\/\/corrientesdetarde.com\/index.php\/tecnologia\/el-senado-propicia-creacion-de-un-centro-provincial-de-ia\/","title":{"rendered":"El Senado propicia creaci\u00f3n de un centro provincial de IA"},"content":{"rendered":"\n<p>En la sesi\u00f3n de este jueves adem\u00e1s se llevaron a cabo dos audiencias p\u00fablicas , se aprobaron tres leyes y se rindi\u00f3 homenaje al extinto Papa Francisco Una iniciativa conjunta de varios senadores y propicia la creaci\u00f3n de un &#8220;Laboratorio Provincial de Inteligencia Artificial, Innovaci\u00f3n y Transformaci\u00f3n Digital (IACTES), El proyecto recibi\u00f3 media sanci\u00f3n y pas\u00f3 a la c\u00e1mara de Diputados para su tratamiento.<\/p>\n\n\n\n<p>Durante la sesi\u00f3n los senadores destacaron la conducta coherente de Francisco durante su papado y su protagonismo por la paz en el mundo.<\/p>\n\n\n\n<p>Al inicio dse realiz\u00f3 la audiencia p\u00fablica por la cual el Poder Ejecutivo Provincial solicit\u00f3 acuerdo para la designaci\u00f3n en el cargo de Asesor de Menores e Incapaces de la Cuarta Circunscripci\u00f3n Judicial con asiento en la ciudad de Paso de los Libres (Corrientes), para la Dra. Mar\u00eda Fiorella Cusinatto.<\/p>\n\n\n\n<p>Luego se realiz\u00f3 la audiencia p\u00fablica para la designaci\u00f3n en el cargo de Asesor de Menores e Incapaces de la Segunda Circunscripci\u00f3n Judicial con asiento en la ciudad de Esquina (Corrientes), para la Dra. Anal\u00eda Granero.<\/p>\n\n\n\n<p>Adem\u00e1s, se fij\u00f3 fecha para una pr\u00f3xima audiencia por la que el Poder Ejecutivo Provincial solicita acuerdo para la designaci\u00f3n en el cargo de Fiscal de Investigaci\u00f3n de la Primera Circunscripci\u00f3n Judicial con asiento en la ciudad de Corrientes, para la Dra. Silvia Gabriela Ibarra, el mismo pas\u00f3 a la comisi\u00f3n de poderes, peticiones, acuerdos y reglamento, la misma tendr\u00e1 lugar el 22 de mayo.<\/p>\n\n\n\n<p>La Senadora Asc\u00faa present\u00f3 un proyecto de resoluci\u00f3n por el que se solicita al Poder Ejecutivo informe sobre los tipos de relaci\u00f3n laboral que tiene el Estado Provincial con respecto a enfermeros, que pas\u00f3 a comisi\u00f3n de trabajo y previsi\u00f3n social.<\/p>\n\n\n\n<p>Se convirti\u00f3 en ley el proyecto que declara Monumento Hist\u00f3rico e integrante del Patrimonio Cultural Provincial al monumento al sargento Juan Bautista Cabral, situado en Plaza Cabral de la ciudad de Saladas.<\/p>\n\n\n\n<p>Recibi\u00f3 media sanci\u00f3n el proyecto sobre el abordaje integral para la prevenci\u00f3n, detecci\u00f3n precoz, tratamiento, difusi\u00f3n y concientizaci\u00f3n de la Endometriosis; as\u00ed como el proyecto que declara Fiesta Provincial de la &#8220;pesca de la palometa con degustaci\u00f3n&#8221; que se realiza en la &#8220;M\u00edtica Laguna Totora&#8221; de San Cosme.<\/p>\n\n\n\n<p>Luego se convirti\u00f3 en ley el proyecto de adhesi\u00f3n a la Provincia de Corrientes a la Ley Nacional N\u00b027.590 &#8220;Ley Mica Ortega&#8221;- que establece la creaci\u00f3n del &#8220;Programa Nacional de Prevenci\u00f3n y Concientizaci\u00f3n del Grooming o Ciberacoso contra Ni\u00f1as, Ni\u00f1os y Adolescentes&#8221;.<\/p>\n","protected":false},"excerpt":{"rendered":"<p>En la sesi\u00f3n de este jueves adem\u00e1s se llevaron a cabo dos audiencias p\u00fablicas , se aprobaron tres leyes y se rindi\u00f3 homenaje al extinto Papa Francisco Una iniciativa conjunta&hellip; <\/p>\n","protected":false},"author":4,"featured_media":204178,"comment_status":"closed","ping_status":"open","sticky":false,"template":"","format":"standard","meta":{"footnotes":""},"categories":[24],"tags":[],"class_list":["post-204177","post","type-post","status-publish","format-standard","has-post-thumbnail","hentry","category-tecnologia"],"_links":{"self":[{"href":"https:\/\/corrientesdetarde.com\/index.php\/wp-json\/wp\/v2\/posts\/204177","targetHints":{"allow":["GET"]}}],"collection":[{"href":"https:\/\/corrientesdetarde.com\/index.php\/wp-json\/wp\/v2\/posts"}],"about":[{"href":"https:\/\/corrientesdetarde.com\/index.php\/wp-json\/wp\/v2\/types\/post"}],"author":[{"embeddable":true,"href":"https:\/\/corrientesdetarde.com\/index.php\/wp-json\/wp\/v2\/users\/4"}],"replies":[{"embeddable":true,"href":"https:\/\/corrientesdetarde.com\/index.php\/wp-json\/wp\/v2\/comments?post=204177"}],"version-history":[{"count":1,"href":"https:\/\/corrientesdetarde.com\/index.php\/wp-json\/wp\/v2\/posts\/204177\/revisions"}],"predecessor-version":[{"id":204179,"href":"https:\/\/corrientesdetarde.com\/index.php\/wp-json\/wp\/v2\/posts\/204177\/revisions\/204179"}],"wp:featuredmedia":[{"embeddable":true,"href":"https:\/\/corrientesdetarde.com\/index.php\/wp-json\/wp\/v2\/media\/204178"}],"wp:attachment":[{"href":"https:\/\/corrientesdetarde.com\/index.php\/wp-json\/wp\/v2\/media?parent=204177"}],"wp:term":[{"taxonomy":"category","embeddable":true,"href":"https:\/\/corrientesdetarde.com\/index.php\/wp-json\/wp\/v2\/categories?post=204177"},{"taxonomy":"post_tag","embeddable":true,"href":"https:\/\/corrientesdetarde.com\/index.php\/wp-json\/wp\/v2\/tags?post=204177"}],"curies":[{"name":"wp","href":"https:\/\/api.w.org\/{rel}","templated":true}]}}