{"id":204289,"date":"2025-04-25T10:39:15","date_gmt":"2025-04-25T13:39:15","guid":{"rendered":"https:\/\/corrientesdetarde.com\/?p=204289"},"modified":"2025-04-25T10:39:19","modified_gmt":"2025-04-25T13:39:19","slug":"ypf-descarta-planta-de-gnl-en-rio-negro-y-refuerza-la-posicion-de-kicillof-frente-a-milei","status":"publish","type":"post","link":"https:\/\/corrientesdetarde.com\/index.php\/economia\/ypf-descarta-planta-de-gnl-en-rio-negro-y-refuerza-la-posicion-de-kicillof-frente-a-milei\/","title":{"rendered":"YPF DESCARTA PLANTA DE GNL EN R\u00cdO NEGRO Y REFUERZA LA POSICI\u00d3N DE KICILLOF FRENTE A MILEI"},"content":{"rendered":"\n<p>(Corresponsal\u00eda Buenos Aires) &#8211; La petrolera estatal YPF ha decidido no continuar con la construcci\u00f3n de una planta terrestre de gas natural licuado (GNL) en R\u00edo Negro, optando en su lugar por utilizar buques de licuefacci\u00f3n flotantes. Esta decisi\u00f3n, anunciada por el CEO Horacio Mar\u00edn en una entrevista con Diario R\u00edo Negro, se basa en que los buques ofrecen plazos m\u00e1s r\u00e1pidos y costos predecibles en comparaci\u00f3n con las instalaciones en tierra. \u200b<br>Este cambio de estrategia se produce en el contexto de diferencias entre YPF y el gobierno de la provincia de Buenos Aires, liderado por Axel Kicillof. Inicialmente, se hab\u00eda considerado la posibilidad de ubicar la planta en Buenos Aires, pero las discrepancias llevaron a la empresa a buscar alternativas. La decisi\u00f3n de YPF de no avanzar con el proyecto en R\u00edo Negro refuerza la posici\u00f3n de Kicillof frente al gobierno nacional de Javier Milei, al destacar la importancia de la planificaci\u00f3n y el consenso en proyectos de esta magnitud.\u200b<br>Adem\u00e1s, YPF ha firmado un acuerdo con Shell para el desarrollo del proyecto Argentina LNG, que contempla la producci\u00f3n en Vaca Muerta, el transporte a trav\u00e9s de gasoductos de 580 kil\u00f3metros y una terminal de procesamiento y licuefacci\u00f3n en Sierra Grande, R\u00edo Negro. Este acuerdo marca la entrada de Shell en la primera fase del proyecto, con una capacidad de licuefacci\u00f3n de 10 millones de toneladas al a\u00f1o. \u200bLa decisi\u00f3n de YPF de optar por buques de licuefacci\u00f3n flotantes y la colaboraci\u00f3n con Shell subrayan la necesidad de adaptarse a las circunstancias y buscar soluciones eficientes en el desarrollo energ\u00e9tico del pa\u00eds. Al mismo tiempo, pone de relieve la importancia de la cooperaci\u00f3n entre las distintas jurisdicciones y niveles de gobierno para llevar adelante proyectos estrat\u00e9gicos que beneficien a toda la naci\u00f3n.<\/p>\n\n\n\n<p><\/p>\n","protected":false},"excerpt":{"rendered":"<p>(Corresponsal\u00eda Buenos Aires) &#8211; La petrolera estatal YPF ha decidido no continuar con la construcci\u00f3n de una planta terrestre de gas natural licuado (GNL) en R\u00edo Negro, optando en su&hellip; <\/p>\n","protected":false},"author":11,"featured_media":204290,"comment_status":"closed","ping_status":"open","sticky":false,"template":"","format":"standard","meta":{"footnotes":""},"categories":[20],"tags":[2860,663],"class_list":["post-204289","post","type-post","status-publish","format-standard","has-post-thumbnail","hentry","category-economia","tag-marin","tag-ypf"],"_links":{"self":[{"href":"https:\/\/corrientesdetarde.com\/index.php\/wp-json\/wp\/v2\/posts\/204289","targetHints":{"allow":["GET"]}}],"collection":[{"href":"https:\/\/corrientesdetarde.com\/index.php\/wp-json\/wp\/v2\/posts"}],"about":[{"href":"https:\/\/corrientesdetarde.com\/index.php\/wp-json\/wp\/v2\/types\/post"}],"author":[{"embeddable":true,"href":"https:\/\/corrientesdetarde.com\/index.php\/wp-json\/wp\/v2\/users\/11"}],"replies":[{"embeddable":true,"href":"https:\/\/corrientesdetarde.com\/index.php\/wp-json\/wp\/v2\/comments?post=204289"}],"version-history":[{"count":1,"href":"https:\/\/corrientesdetarde.com\/index.php\/wp-json\/wp\/v2\/posts\/204289\/revisions"}],"predecessor-version":[{"id":204291,"href":"https:\/\/corrientesdetarde.com\/index.php\/wp-json\/wp\/v2\/posts\/204289\/revisions\/204291"}],"wp:featuredmedia":[{"embeddable":true,"href":"https:\/\/corrientesdetarde.com\/index.php\/wp-json\/wp\/v2\/media\/204290"}],"wp:attachment":[{"href":"https:\/\/corrientesdetarde.com\/index.php\/wp-json\/wp\/v2\/media?parent=204289"}],"wp:term":[{"taxonomy":"category","embeddable":true,"href":"https:\/\/corrientesdetarde.com\/index.php\/wp-json\/wp\/v2\/categories?post=204289"},{"taxonomy":"post_tag","embeddable":true,"href":"https:\/\/corrientesdetarde.com\/index.php\/wp-json\/wp\/v2\/tags?post=204289"}],"curies":[{"name":"wp","href":"https:\/\/api.w.org\/{rel}","templated":true}]}}