{"id":204539,"date":"2025-04-27T18:40:00","date_gmt":"2025-04-27T21:40:00","guid":{"rendered":"https:\/\/corrientesdetarde.com\/?p=204539"},"modified":"2025-04-27T18:33:50","modified_gmt":"2025-04-27T21:33:50","slug":"francos-se-prepara-para-la-interpelacion-por-libra","status":"publish","type":"post","link":"https:\/\/corrientesdetarde.com\/index.php\/politica\/francos-se-prepara-para-la-interpelacion-por-libra\/","title":{"rendered":"Francos se prepara para la interpelaci\u00f3n por Libra."},"content":{"rendered":"\n<h2 class=\"wp-block-heading\">La base del discurso oficial la trabaj\u00f3 la secretaria de Legal y T\u00e9cnica, Mar\u00eda Ibarzabal, junto a su equipo de abogados. Es la primera vez en 30 a\u00f1os que ocurre este proceso.<\/h2>\n\n\n\n<p>Este martes desde las 14, el jefe de Gabinete, <strong>Guillermo Francos,\u00a0<\/strong>participar\u00e1 de la interpelaci\u00f3n que le har\u00e1 el Congreso\u00a0<strong>por el caso de la criptomoneda Libra. All\u00ed apostar\u00e1 por desligar al Presidente y a su hermana, Karina Milei,\u00a0<\/strong>del esc\u00e1ndalo y evitar\u00e1 dar detalles sobre la\u00a0<strong>documentaci\u00f3n\u00a0<\/strong>que reuni\u00f3 la Unidad de Tareas de Investigaci\u00f3n (UTI) -que depende del Ministerio de Justicia. Francos tampoco responder\u00e1 preguntas sobre el proyecto financiero.<\/p>\n\n\n\n<p>\u201c<strong>Eso lo tienen que responder los autores de la iniciativa, no el Estado argentino<\/strong>\u201d, expresan en Naci\u00f3n. Es por eso que el ministro coordinador no dar\u00e1 precisiones sobre las consultas respecto a los empresarios Julian Peh (KIP Protocol), Mauricio Novelli (N&amp;W Professional Traders) y Hayden Davis (Kelsier) y tampoco hablar\u00e1 sobre el dise\u00f1o de la moneda.<\/p>\n\n\n\n<p><strong>La base del discurso oficial la trabaj\u00f3 la secretaria de Legal y T\u00e9cnica, Mar\u00eda Ibarzabal<\/strong>, junto a su equipo de abogados. La estrategia de la Casa Rosada est\u00e1 basada en argumentar que no hubo un delito administrativo por parte del Estado y en desligar al presidente y a la secretaria general de la Presidencia, Karina Milei, de la conformaci\u00f3n del proyecto.<\/p>\n\n\n\n<p>El asesor presidencial&nbsp;<strong>Santiago Caputo tambi\u00e9n particip\u00f3 del trabajo discursivo, que tendr\u00e1 una parte pol\u00edtica y otra jur\u00eddica<\/strong>, que incluye normas actuales sobre del mercado de valores. Francos mantuvo reuniones en los \u00faltimos d\u00edas con el ministro de Justicia, Mariano C\u00faneo Libarona, y con el viceministro, Sebasti\u00e1n Amerio, para definir detalles t\u00e9cnicos de la presentaci\u00f3n. Estuvo tambi\u00e9n con el titular de la Comisi\u00f3n Nacional de Valores (CNV), Roberto Silva.<\/p>\n\n\n\n<p>El Gobierno&nbsp;<strong>responder\u00e1 por escrito el pedido de informaci\u00f3n de la C\u00e1mara de Diputados por $Libra<\/strong>, pero no entregar\u00e1 las respuestas a las 70 consultas sobre la criptomoneda que fueron hechas en el marco del informe de gesti\u00f3n, que ya fue entregado la semana pasada a los legisladores. \u201cSe defini\u00f3 diferenciar la exposici\u00f3n por $Libra de las consultas por la gesti\u00f3n\u201d, agregan en el oficialismo.<\/p>\n\n\n\n<p>Francos&nbsp;<strong>reconocer\u00e1<\/strong>&nbsp;<strong>los contactos entre el c\u00edrculo \u00edntimo del jefe de Estado y los empresarios<\/strong>, pero mantendr\u00e1 la postura de que el jefe de Estado \u201csolo le dio difusi\u00f3n\u201d al proyecto. El jefe de Gabinete -como la mayor\u00eda de los funcionarios- no estaba al tanto de que el presidente iba a promocionar el proyecto a trav\u00e9s de sus redes.<\/p>\n\n\n\n<p>La Casa Rosada&nbsp;<strong>asegura adem\u00e1s que contin\u00faa recabando informaci\u00f3n de organismos estatales&nbsp;<\/strong>-como de la Unidad de Informaci\u00f3n Financiera (UIF) y de la Agencia de Recaudaci\u00f3n y Control Aduanero (ARCA)- para completar el informe que presentar\u00e1 ante la Justicia. La funcionaria a cargo es la jefa de gabinete del Ministerio de Justicia, Mar\u00eda Florencia Zicavo. Los cercanos al presidente sostienen que no dar\u00e1n a conocer detalles en el corto plazo porque es \u201csecreto\u201d.<\/p>\n\n\n\n<p>La mesa judicial de Balcarce 50&nbsp;<strong>quiere frenar adem\u00e1s la investigaci\u00f3n que est\u00e1 realizando el fiscal Eduardo Taiano<\/strong>, que ya solicit\u00f3levantar el secreto fiscal del jefe de Estado y de la secretaria general de la Presidencia. La jueza Mar\u00eda Servini -que debe autorizar la medida- tiene un v\u00ednculo personal con el apoderado de LLA, Santiago Viola. Se trata de un abogado cercano a la hermana del presidente.<\/p>\n","protected":false},"excerpt":{"rendered":"<p>La base del discurso oficial la trabaj\u00f3 la secretaria de Legal y T\u00e9cnica, Mar\u00eda Ibarzabal, junto a su equipo de abogados. Es la primera vez en 30 a\u00f1os que ocurre&hellip; <\/p>\n","protected":false},"author":6,"featured_media":204540,"comment_status":"closed","ping_status":"open","sticky":false,"template":"","format":"standard","meta":{"footnotes":""},"categories":[3],"tags":[],"class_list":["post-204539","post","type-post","status-publish","format-standard","has-post-thumbnail","hentry","category-politica"],"_links":{"self":[{"href":"https:\/\/corrientesdetarde.com\/index.php\/wp-json\/wp\/v2\/posts\/204539","targetHints":{"allow":["GET"]}}],"collection":[{"href":"https:\/\/corrientesdetarde.com\/index.php\/wp-json\/wp\/v2\/posts"}],"about":[{"href":"https:\/\/corrientesdetarde.com\/index.php\/wp-json\/wp\/v2\/types\/post"}],"author":[{"embeddable":true,"href":"https:\/\/corrientesdetarde.com\/index.php\/wp-json\/wp\/v2\/users\/6"}],"replies":[{"embeddable":true,"href":"https:\/\/corrientesdetarde.com\/index.php\/wp-json\/wp\/v2\/comments?post=204539"}],"version-history":[{"count":1,"href":"https:\/\/corrientesdetarde.com\/index.php\/wp-json\/wp\/v2\/posts\/204539\/revisions"}],"predecessor-version":[{"id":204541,"href":"https:\/\/corrientesdetarde.com\/index.php\/wp-json\/wp\/v2\/posts\/204539\/revisions\/204541"}],"wp:featuredmedia":[{"embeddable":true,"href":"https:\/\/corrientesdetarde.com\/index.php\/wp-json\/wp\/v2\/media\/204540"}],"wp:attachment":[{"href":"https:\/\/corrientesdetarde.com\/index.php\/wp-json\/wp\/v2\/media?parent=204539"}],"wp:term":[{"taxonomy":"category","embeddable":true,"href":"https:\/\/corrientesdetarde.com\/index.php\/wp-json\/wp\/v2\/categories?post=204539"},{"taxonomy":"post_tag","embeddable":true,"href":"https:\/\/corrientesdetarde.com\/index.php\/wp-json\/wp\/v2\/tags?post=204539"}],"curies":[{"name":"wp","href":"https:\/\/api.w.org\/{rel}","templated":true}]}}