{"id":204545,"date":"2025-04-27T19:00:00","date_gmt":"2025-04-27T22:00:00","guid":{"rendered":"https:\/\/corrientesdetarde.com\/?p=204545"},"modified":"2025-04-27T18:39:53","modified_gmt":"2025-04-27T21:39:53","slug":"jesica-cirio-rompio-el-silencio-sobre-la-muerte-de-su-hermana","status":"publish","type":"post","link":"https:\/\/corrientesdetarde.com\/index.php\/espectaculos\/jesica-cirio-rompio-el-silencio-sobre-la-muerte-de-su-hermana\/","title":{"rendered":"Jesica Cirio rompi\u00f3 el silencio sobre la muerte de su hermana."},"content":{"rendered":"\n<h2 class=\"wp-block-heading\">A ra\u00edz de los trascendidos, la conductora realiz\u00f3 un posteo en sus redes sociales para aclarar las versiones.<\/h2>\n\n\n\n<p><strong>Jesica Cirio<\/strong> rompi\u00f3 el silencio tras la muerte de su hermana\u00a0Ver\u00f3nica Mestre. A ra\u00edz de los trascendidos, la modelo y conductora quiso aclarar algunas cuestiones.<\/p>\n\n\n\n<p>\u201cCon relaci\u00f3n al fallecimiento de mi hermana y viendo que en algunos medios est\u00e1n diciendo cosas que no son ciertas, me veo en la necesidad de hacer algunas aclaraciones\u201d, comenz\u00f3 escribiendo en una historia de Instagram.<\/p>\n\n\n\n<figure class=\"wp-block-image size-large\"><img loading=\"lazy\" decoding=\"async\" width=\"528\" height=\"1024\" src=\"https:\/\/corrientesdetarde.com\/wp-content\/uploads\/2025\/04\/image-1054-528x1024.png\" alt=\"\" class=\"wp-image-204547\" srcset=\"https:\/\/corrientesdetarde.com\/wp-content\/uploads\/2025\/04\/image-1054-528x1024.png 528w, https:\/\/corrientesdetarde.com\/wp-content\/uploads\/2025\/04\/image-1054-155x300.png 155w, https:\/\/corrientesdetarde.com\/wp-content\/uploads\/2025\/04\/image-1054-768x1490.png 768w, https:\/\/corrientesdetarde.com\/wp-content\/uploads\/2025\/04\/image-1054-792x1536.png 792w, https:\/\/corrientesdetarde.com\/wp-content\/uploads\/2025\/04\/image-1054-1056x2048.png 1056w, https:\/\/corrientesdetarde.com\/wp-content\/uploads\/2025\/04\/image-1054.png 1440w\" sizes=\"auto, (max-width: 528px) 100vw, 528px\" \/><figcaption class=\"wp-element-caption\">Jesica Cirio rompi\u00f3 el silencio tras la muerte de su hermana Ver\u00f3nica: \u201cNo estoy pasando un buen momento\u201d (Foto: Instagram \/jesicacirio)<\/figcaption><\/figure>\n\n\n\n<p>Acto seguido, explic\u00f3: \u201c<strong>Mi hermana Ver\u00f3nica falleci\u00f3 hace dos meses<\/strong>. \u00c9ramos hermanas por parte de mi mam\u00e1 y siempre tuvimos un buen v\u00ednculo\u201d. \u201cElla estaba enferma hac\u00eda m\u00e1s de diez a\u00f1os por sufrir una enfermedad neurol\u00f3gica. A causa de ello, la internaron durante diez d\u00edas y&nbsp;<strong>falleci\u00f3 por un paro card\u00edaco de manera natural<\/strong>\u201d.<\/p>\n\n\n\n<p>\u201cPor respeto hacia ella y a la familia, decidimos no hablar ni contar nada en su momento. Mi hermana no es conocida en los medios y adem\u00e1s yo no estaba ni estoy pasando por un buen momento\u201d, sostuvo. Y concluy\u00f3: \u201cEspero sepan comprender\u201d.<\/p>\n\n\n\n<figure class=\"wp-block-image\"><img decoding=\"async\" src=\"https:\/\/tn.com.ar\/resizer\/v2\/murio-la-hermana-mayor-de-jesica-cirio-foto-captura-de-net-tv-7IBVOA5HY5GX5PRRS52M5MBPHY.jpg?auth=e734df20612ec5a8f326932d826cbcec9d37640b61f947c5de5023556000e9e1&amp;width=767\" alt=\"Muri\u00f3 la hermana mayor de Jesica Cirio. (Foto: captura de NET TV)\"\/><figcaption class=\"wp-element-caption\">Muri\u00f3 la hermana mayor de Jesica Cirio. (Foto: captura de NET TV)<\/figcaption><\/figure>\n\n\n\n<h2 class=\"wp-block-heading\">Cu\u00e1les hab\u00edan sido los trascendidos sobre la muerte de Ver\u00f3nica, la hermana mayor de Jesica Cirio<\/h2>\n\n\n\n<p>Este viernes se conoci\u00f3 la noticia de la muerte de la hermana de Jesica Cirio. Al aire de&nbsp;<em>Entrometidos (NET),&nbsp;<\/em>el periodista Diego Su\u00e1rez Mazzea dijo que el deceso se hab\u00eda producido semanas atr\u00e1s.<\/p>\n\n\n\n<p>Sin embargo, luego surgieron versiones que hac\u00edan referencia a una muerte dudosa, por lo que la familia estaba a la espera de una autopsia.<\/p>\n\n\n\n<p>&#8220;<strong>Muri\u00f3 sola en circunstancias que nadie aclara hasta ahora. Lleg\u00f3 con algo particular en el cuerpo, por eso se espera el resultado de la autopsia&#8221;<\/strong>, coment\u00f3 \u00c1ngel de Brito, quien adem\u00e1s desliz\u00f3 que no hab\u00eda habido velorio.<\/p>\n\n\n\n<p>Jesica Cirio, que en los \u00faltimos meses no deja de estar en las noticias por cuestiones personales, decidi\u00f3 romper el silencio en sus redes y terminar con las especulaciones.<\/p>\n","protected":false},"excerpt":{"rendered":"<p>A ra\u00edz de los trascendidos, la conductora realiz\u00f3 un posteo en sus redes sociales para aclarar las versiones. Jesica Cirio rompi\u00f3 el silencio tras la muerte de su hermana\u00a0Ver\u00f3nica Mestre.&hellip; <\/p>\n","protected":false},"author":6,"featured_media":204546,"comment_status":"closed","ping_status":"open","sticky":false,"template":"","format":"standard","meta":{"footnotes":""},"categories":[19],"tags":[],"class_list":["post-204545","post","type-post","status-publish","format-standard","has-post-thumbnail","hentry","category-espectaculos"],"_links":{"self":[{"href":"https:\/\/corrientesdetarde.com\/index.php\/wp-json\/wp\/v2\/posts\/204545","targetHints":{"allow":["GET"]}}],"collection":[{"href":"https:\/\/corrientesdetarde.com\/index.php\/wp-json\/wp\/v2\/posts"}],"about":[{"href":"https:\/\/corrientesdetarde.com\/index.php\/wp-json\/wp\/v2\/types\/post"}],"author":[{"embeddable":true,"href":"https:\/\/corrientesdetarde.com\/index.php\/wp-json\/wp\/v2\/users\/6"}],"replies":[{"embeddable":true,"href":"https:\/\/corrientesdetarde.com\/index.php\/wp-json\/wp\/v2\/comments?post=204545"}],"version-history":[{"count":1,"href":"https:\/\/corrientesdetarde.com\/index.php\/wp-json\/wp\/v2\/posts\/204545\/revisions"}],"predecessor-version":[{"id":204548,"href":"https:\/\/corrientesdetarde.com\/index.php\/wp-json\/wp\/v2\/posts\/204545\/revisions\/204548"}],"wp:featuredmedia":[{"embeddable":true,"href":"https:\/\/corrientesdetarde.com\/index.php\/wp-json\/wp\/v2\/media\/204546"}],"wp:attachment":[{"href":"https:\/\/corrientesdetarde.com\/index.php\/wp-json\/wp\/v2\/media?parent=204545"}],"wp:term":[{"taxonomy":"category","embeddable":true,"href":"https:\/\/corrientesdetarde.com\/index.php\/wp-json\/wp\/v2\/categories?post=204545"},{"taxonomy":"post_tag","embeddable":true,"href":"https:\/\/corrientesdetarde.com\/index.php\/wp-json\/wp\/v2\/tags?post=204545"}],"curies":[{"name":"wp","href":"https:\/\/api.w.org\/{rel}","templated":true}]}}