{"id":204551,"date":"2025-04-27T19:30:00","date_gmt":"2025-04-27T22:30:00","guid":{"rendered":"https:\/\/corrientesdetarde.com\/?p=204551"},"modified":"2025-04-27T18:46:10","modified_gmt":"2025-04-27T21:46:10","slug":"conmocion-por-la-muerte-de-jiggly-caliente-una-de-las-estrellas-de-rupauls-drag-race","status":"publish","type":"post","link":"https:\/\/corrientesdetarde.com\/index.php\/espectaculos\/conmocion-por-la-muerte-de-jiggly-caliente-una-de-las-estrellas-de-rupauls-drag-race\/","title":{"rendered":"Conmoci\u00f3n por la muerte de Jiggly Caliente, una de las estrellas de RuPaul\u2019s Drag Race."},"content":{"rendered":"\n<h2 class=\"wp-block-heading\">Bianca Castro-Arebejo, conocida como Jiggly Caliente, falleci\u00f3 este domingo a los 44 a\u00f1os.<\/h2>\n\n\n\n<p>La actriz&nbsp;<em>drag queen<\/em>&nbsp;<strong>Bianca Castro-Arebejo<\/strong>, popularmente conocida por su nombre art\u00edstico&nbsp;<strong>Jiggly Caliente, muri\u00f3 este domingo a los 44 a\u00f1os<\/strong>. La noticia fue confirmada por su familia a trav\u00e9s de un comunicado.<\/p>\n\n\n\n<p>\u201cDeclaraci\u00f3n de la familia de Bianca Castro (Jiggly Caliente): con profundo pesar\u00a0<strong>anunciamos el fallecimiento de Bianca Castro-Arebejo<\/strong>, conocida en el mundo y querida por muchos como\u00a0<em>Jiggly Caliente<\/em>\u201d, escribieron en un posteo. Donde precisaron que \u201cfalleci\u00f3 pac\u00edficamente el 27 de abril de 2025,\u00a0<strong>a las 4:42 AM, rodeada de su querida familia y amigos cercanos&#8221;<\/strong>.<\/p>\n\n\n\n<figure class=\"wp-block-image size-large\"><img loading=\"lazy\" decoding=\"async\" width=\"1024\" height=\"646\" src=\"https:\/\/corrientesdetarde.com\/wp-content\/uploads\/2025\/04\/image-1058-1024x646.png\" alt=\"\" class=\"wp-image-204558\" srcset=\"https:\/\/corrientesdetarde.com\/wp-content\/uploads\/2025\/04\/image-1058-1024x646.png 1024w, https:\/\/corrientesdetarde.com\/wp-content\/uploads\/2025\/04\/image-1058-300x189.png 300w, https:\/\/corrientesdetarde.com\/wp-content\/uploads\/2025\/04\/image-1058-768x484.png 768w, https:\/\/corrientesdetarde.com\/wp-content\/uploads\/2025\/04\/image-1058.png 1440w\" sizes=\"auto, (max-width: 1024px) 100vw, 1024px\" \/><\/figure>\n\n\n\n<h2 class=\"wp-block-heading\">Qu\u00e9 dijo la familia de Jiggly Caliente sobre su muerte<\/h2>\n\n\n\n<p>Respecto a la trayectoria de la actriz drag queen, quien salt\u00f3 a la fama en Estados Unidos gracias al programa de&nbsp;<em>RuPaul\u2019s Drag Race&nbsp;<\/em>y se gan\u00f3 el coraz\u00f3n del p\u00fablico, destacaron: \u201cFue una presencia luminosa en los mundos del entretenimiento y la defensa de los derechos\u201d.<\/p>\n\n\n\n<p>\u201cJiggly Caliente fue celebrada por su energ\u00eda contagiosa, su ingenio feroz y su autenticidad inquebrantable. Conmovi\u00f3 a innumerables personas a trav\u00e9s de su arte, su activismo y la conexi\u00f3n genuina que logr\u00f3 con sus fans alrededor del mundo.&nbsp;<strong>Su legado es de amor, valent\u00eda y luz&#8221;<\/strong>, sostuvieron.<\/p>\n\n\n\n<p>A modo de cierre, expresaron: \u201cAunque ya no est\u00e9 f\u00edsicamente entre nosotros, la alegr\u00eda que comparti\u00f3 y el espacio que ayud\u00f3 a crear permanecer\u00e1n para siempre. La vamos a extra\u00f1ar profundamente, la amaremos siempre y la recordaremos eternamente\u201d.&nbsp;<strong>\u201cEn memoria de Bianca Castro-Arebejo (Jiggly Caliente), 29 de noviembre de 1980 \u2014 27 de abril de 2025\u201d<\/strong>, concluyeron.<\/p>\n\n\n\n<p>D\u00edas atr\u00e1s, el entorno de la artista hab\u00eda publicado un comunicado en el que informaron que, debido a un \u201cgrave problema de salud\u201d, la artista&nbsp;<strong>hab\u00eda perdido \u201cla mayor parte de su pierna derecha\u201d,&nbsp;<\/strong>motivo por el cual ya no har\u00eda apariciones p\u00fablicas ni seguir\u00eda como jurado en la versi\u00f3n filipina de&nbsp;<em>RuPaul\u2019s Drag Race<\/em>.<\/p>\n\n\n\n<p>La noticia provoc\u00f3 conmoci\u00f3n en el mundo del espect\u00e1culo y el entretenimiento estadounidense. Varias estrellas que compartieron escenarios o proyectos con&nbsp;<strong>Jiggly Caliente expresaron su dolor y le enviaron mensajes de apoyo y cari\u00f1o a su familia<\/strong>.<\/p>\n","protected":false},"excerpt":{"rendered":"<p>Bianca Castro-Arebejo, conocida como Jiggly Caliente, falleci\u00f3 este domingo a los 44 a\u00f1os. La actriz&nbsp;drag queen&nbsp;Bianca Castro-Arebejo, popularmente conocida por su nombre art\u00edstico&nbsp;Jiggly Caliente, muri\u00f3 este domingo a los 44&hellip; <\/p>\n","protected":false},"author":6,"featured_media":204556,"comment_status":"closed","ping_status":"open","sticky":false,"template":"","format":"standard","meta":{"footnotes":""},"categories":[19],"tags":[],"class_list":["post-204551","post","type-post","status-publish","format-standard","has-post-thumbnail","hentry","category-espectaculos"],"_links":{"self":[{"href":"https:\/\/corrientesdetarde.com\/index.php\/wp-json\/wp\/v2\/posts\/204551","targetHints":{"allow":["GET"]}}],"collection":[{"href":"https:\/\/corrientesdetarde.com\/index.php\/wp-json\/wp\/v2\/posts"}],"about":[{"href":"https:\/\/corrientesdetarde.com\/index.php\/wp-json\/wp\/v2\/types\/post"}],"author":[{"embeddable":true,"href":"https:\/\/corrientesdetarde.com\/index.php\/wp-json\/wp\/v2\/users\/6"}],"replies":[{"embeddable":true,"href":"https:\/\/corrientesdetarde.com\/index.php\/wp-json\/wp\/v2\/comments?post=204551"}],"version-history":[{"count":1,"href":"https:\/\/corrientesdetarde.com\/index.php\/wp-json\/wp\/v2\/posts\/204551\/revisions"}],"predecessor-version":[{"id":204559,"href":"https:\/\/corrientesdetarde.com\/index.php\/wp-json\/wp\/v2\/posts\/204551\/revisions\/204559"}],"wp:featuredmedia":[{"embeddable":true,"href":"https:\/\/corrientesdetarde.com\/index.php\/wp-json\/wp\/v2\/media\/204556"}],"wp:attachment":[{"href":"https:\/\/corrientesdetarde.com\/index.php\/wp-json\/wp\/v2\/media?parent=204551"}],"wp:term":[{"taxonomy":"category","embeddable":true,"href":"https:\/\/corrientesdetarde.com\/index.php\/wp-json\/wp\/v2\/categories?post=204551"},{"taxonomy":"post_tag","embeddable":true,"href":"https:\/\/corrientesdetarde.com\/index.php\/wp-json\/wp\/v2\/tags?post=204551"}],"curies":[{"name":"wp","href":"https:\/\/api.w.org\/{rel}","templated":true}]}}