{"id":204560,"date":"2025-04-27T20:00:00","date_gmt":"2025-04-27T23:00:00","guid":{"rendered":"https:\/\/corrientesdetarde.com\/?p=204560"},"modified":"2025-04-27T19:00:59","modified_gmt":"2025-04-27T22:00:59","slug":"el-mensaje-a-maria-becerra-en-los-premios-platino-tras-la-suspension-de-su-show-por-su-internacion","status":"publish","type":"post","link":"https:\/\/corrientesdetarde.com\/index.php\/espectaculos\/el-mensaje-a-maria-becerra-en-los-premios-platino-tras-la-suspension-de-su-show-por-su-internacion\/","title":{"rendered":"El mensaje a Mar\u00eda Becerra en los Premios Platino tras la suspensi\u00f3n de su show por su internaci\u00f3n."},"content":{"rendered":"\n<h2 class=\"wp-block-heading\">Los conductores de la gala, Aislinn Derbez y Asier Etxeand\u00eda, le dedicaron unas palabras en vivo a la cantante que se iba a presentar esa noche.<\/h2>\n\n\n\n<p>La entrega de los<strong>\u00a0Premios Platino<\/strong>, que distingue lo mejor del cine y las series de Iberoam\u00e9rica, comenz\u00f3 con una menci\u00f3n especial para\u00a0<strong>Mar\u00eda Becerra<\/strong>. La artista se iba a presentar esa noche en el Palacio Municipal IFEMA de Madrid, pero su hospitalizaci\u00f3n por una\u00a0hemorragia interna provocada por un embarazo ect\u00f3pico, situaci\u00f3n que deriv\u00f3 en una intervenci\u00f3n quir\u00fargica de emergencia, oblig\u00f3 a que tenga que cancelar su show.<\/p>\n\n\n\n<p>Aislinn Derbez y Asier Etxeand\u00eda, los conductores de la gala, luego de las palabras y chistes de ocasi\u00f3n, anunciaron las presentaciones musicales que iban a tener durante la premiaci\u00f3n y tuvieron un mensaje especial para la cantante.<\/p>\n\n\n\n<p>\u201cQueremos tomarnos un momento para enviarle un saludo muy especial a una gran artista que iba a estar con nosotros esta noche, pero que lamentablemente por un problema de salud no ha podido acompa\u00f1arnos, as\u00ed que<strong>&nbsp;desde aqu\u00ed Mar\u00eda Becerra te mandamos un abrazo y un beso gigante. Recup\u00e9rate<\/strong>\u201d, afirm\u00f3 el actor espa\u00f1ol de&nbsp;<em>Dolor y gloria<\/em>&nbsp;y&nbsp;<em>Sky Rojo&nbsp;<\/em>en su rol de presentador, mientras su compa\u00f1era, la actriz mexicana, le lanzaba un beso junto a los aplausos de todas las figuras en el lugar.<\/p>\n\n\n\n<p>La int\u00e9rprete se iba a presentar en los Premios Platino junto a Prince Royce y Pablo Albor\u00e1n. Fue el jueves que el equipo de la cantante a trav\u00e9s de sus redes realiz\u00f3 un comunicado oficial informando sobre su situaci\u00f3n de salud y la cancelaci\u00f3n de su actuaci\u00f3n. Reci\u00e9n ayer recibi\u00f3 el alta m\u00e9dica y ahora permanece en su casa.<\/p>\n\n\n\n<p>\u201cMari volvi\u00f3 a atravesar un embarazo ect\u00f3pico que deriv\u00f3 en una hemorragia interna con riesgo de vida\u201d,\u00a0se\u00f1alaba el texto difundido por su entorno m\u00e1s cercano desde su cuenta de Instagram\u00a0el d\u00eda jueves. La situaci\u00f3n fue tan grave que requiri\u00f3 una r\u00e1pida intervenci\u00f3n m\u00e9dica, en la que fue clave la actuaci\u00f3n de su pareja, J Rei, quien no se despeg\u00f3 de ella en ning\u00fan momento y tambi\u00e9n public\u00f3 el comunicado en su cuenta. \u201cGracias a la r\u00e1pida intervenci\u00f3n de Juli, del equipo m\u00e9dico y el entorno que los acompa\u00f1a, se logr\u00f3 actuar a tiempo\u201d, continu\u00f3 el texto.<\/p>\n\n\n\n<p>La operaci\u00f3n fue exitosa, pero el proceso no termin\u00f3 ah\u00ed. \u201cMari sali\u00f3 sana y salva de la operaci\u00f3n, con todo lo que eso implica. Hoy se encuentra estable, en recuperaci\u00f3n y en reposo\u201d, detallaron.<img loading=\"lazy\" decoding=\"async\" height=\"917\" width=\"515\" src=\"https:\/\/www.infobae.com\/resizer\/v2\/FZUWNMHSHJD4VP4NYPSM2EPOJA.jpeg?auth=14fd8dd1e9ef39f36db5a1c4a12186292166faf6ddb9463a851364b81a5d6835&amp;smart=true&amp;width=350&amp;height=622&amp;quality=85\" alt=\"El posteo de Mar\u00eda Becerra\"><\/p>\n\n\n\n<p>El posteo de Mar\u00eda Becerra (Instagram)<\/p>\n\n\n\n<p>Desde su c\u00edrculo \u00edntimo hablaron de una sanaci\u00f3n profunda, no solo f\u00edsica, sino tambi\u00e9n emocional. \u201cEste es un proceso de sanaci\u00f3n profundo, que requiere tiempo, cuidados y mucho amor. En este momento, su bienestar f\u00edsico y emocional es la \u00fanica prioridad\u201d, expresaron en la historia que subieron a las redes.<\/p>\n\n\n\n<p>Por ese motivo, tanto Mar\u00eda como J Rei decidieron suspender todas sus actividades profesionales y p\u00fablicas hasta nuevo aviso, con el foco puesto exclusivamente en su mejor\u00eda. \u201cLas actividades profesionales y p\u00fablicas de ambos artistas quedan suspendidas hasta nuevo aviso, priorizando por completo su recuperaci\u00f3n\u201d. El comunicado cerr\u00f3 con un mensaje de agradecimiento a todos los que se mantuvieron cerca, desde el respeto y el silencio: \u201cMari y Juli agradecen de coraz\u00f3n el cari\u00f1o, la comprensi\u00f3n y el respeto de siempre\u201d.<\/p>\n\n\n\n<p>En la ma\u00f1ana del s\u00e1bado,\u00a0la cantante acudi\u00f3 a sus redes para anunciar que hab\u00eda sido dada de alta. \u201cVolviendo a casa con el amor de mi vida\u201d, escribi\u00f3 junto al emoji de un coraz\u00f3n y sobre una foto con su novio, J Rei, su pareja y sost\u00e9n de todas estas horas dif\u00edciles. \u201cNo alcanzan las palabras para agradecerte por haberme salvado la vida, por cuidarme como lo hiciste todos estos d\u00edas\u201d, se\u00f1al\u00f3 con gratitud.<img loading=\"lazy\" decoding=\"async\" height=\"906\" width=\"494\" src=\"https:\/\/www.infobae.com\/resizer\/v2\/PB6FZSY7OVAKRGAGICXGT3YNCU.jpg?auth=7c199c5d5dff535eae28b1e89552c3d07b83d83036ee3f225da763ec6e530cc8&amp;smart=true&amp;width=350&amp;height=622&amp;quality=85\" alt=\"El comunicado de Mar\u00eda Becerra\"><\/p>\n\n\n\n<p>El comunicado de Mar\u00eda Becerra sobre su salud<\/p>\n\n\n\n<p>Por \u00faltimo, La Nena de Argentina cerr\u00f3 su mensaje con unas palabras optimistas de cara al futuro. \u201c\u00a1Ahora solo queda seguir sanando y rodearnos de amor! Gracias mi Dios que me diste una segunda oportunidad de vida\u201c.<\/p>\n\n\n\n<p>Minutos despu\u00e9s, Becerra public\u00f3 otro mensaje en el que aclaraba los pasos a seguir tanto en lo profesional como en lo personal: \u201cGracias a todos\/as por esos mensajes llenos de amor y empat\u00eda, voy a dejar toda comunicaci\u00f3n a manos de mi equipo\u201d, advirti\u00f3.<\/p>\n\n\n\n<p><a href=\"https:\/\/www.infobae.com\/teleshow\/2025\/04\/27\/como-sigue-el-estado-de-salud-de-madame-papin-va-mejorando-pero-sigue-en-terapia-intensiva\/\" target=\"_blank\" rel=\"noreferrer noopener\"><\/a><\/p>\n","protected":false},"excerpt":{"rendered":"<p>Los conductores de la gala, Aislinn Derbez y Asier Etxeand\u00eda, le dedicaron unas palabras en vivo a la cantante que se iba a presentar esa noche. La entrega de los\u00a0Premios&hellip; <\/p>\n","protected":false},"author":6,"featured_media":204567,"comment_status":"closed","ping_status":"open","sticky":false,"template":"","format":"standard","meta":{"footnotes":""},"categories":[19],"tags":[],"class_list":["post-204560","post","type-post","status-publish","format-standard","has-post-thumbnail","hentry","category-espectaculos"],"_links":{"self":[{"href":"https:\/\/corrientesdetarde.com\/index.php\/wp-json\/wp\/v2\/posts\/204560","targetHints":{"allow":["GET"]}}],"collection":[{"href":"https:\/\/corrientesdetarde.com\/index.php\/wp-json\/wp\/v2\/posts"}],"about":[{"href":"https:\/\/corrientesdetarde.com\/index.php\/wp-json\/wp\/v2\/types\/post"}],"author":[{"embeddable":true,"href":"https:\/\/corrientesdetarde.com\/index.php\/wp-json\/wp\/v2\/users\/6"}],"replies":[{"embeddable":true,"href":"https:\/\/corrientesdetarde.com\/index.php\/wp-json\/wp\/v2\/comments?post=204560"}],"version-history":[{"count":1,"href":"https:\/\/corrientesdetarde.com\/index.php\/wp-json\/wp\/v2\/posts\/204560\/revisions"}],"predecessor-version":[{"id":204568,"href":"https:\/\/corrientesdetarde.com\/index.php\/wp-json\/wp\/v2\/posts\/204560\/revisions\/204568"}],"wp:featuredmedia":[{"embeddable":true,"href":"https:\/\/corrientesdetarde.com\/index.php\/wp-json\/wp\/v2\/media\/204567"}],"wp:attachment":[{"href":"https:\/\/corrientesdetarde.com\/index.php\/wp-json\/wp\/v2\/media?parent=204560"}],"wp:term":[{"taxonomy":"category","embeddable":true,"href":"https:\/\/corrientesdetarde.com\/index.php\/wp-json\/wp\/v2\/categories?post=204560"},{"taxonomy":"post_tag","embeddable":true,"href":"https:\/\/corrientesdetarde.com\/index.php\/wp-json\/wp\/v2\/tags?post=204560"}],"curies":[{"name":"wp","href":"https:\/\/api.w.org\/{rel}","templated":true}]}}