{"id":204569,"date":"2025-04-27T20:30:00","date_gmt":"2025-04-27T23:30:00","guid":{"rendered":"https:\/\/corrientesdetarde.com\/?p=204569"},"modified":"2025-04-27T20:21:30","modified_gmt":"2025-04-27T23:21:30","slug":"un-camion-de-basura-atropello-y-mato-a-un-joven-de-15-anos","status":"publish","type":"post","link":"https:\/\/corrientesdetarde.com\/index.php\/crimen-y-justicia\/un-camion-de-basura-atropello-y-mato-a-un-joven-de-15-anos\/","title":{"rendered":"Un cami\u00f3n de basura atropell\u00f3 y mat\u00f3 a un joven de 15 a\u00f1os."},"content":{"rendered":"\n<h2 class=\"wp-block-heading\">Byron Distaulo iba en bicicleta junto a su amigo Alan a buscar unos botines a Grand Bourg cuando un rodado lo pas\u00f3 por encima. Agoniz\u00f3 casi 20 d\u00edas.<\/h2>\n\n\n\n<p>Un adolescente de 15 a\u00f1os muri\u00f3 luego de ser<strong>&nbsp;atropellado por un cami\u00f3n de basura&nbsp;<\/strong>de la Municipalidad de Malvinas Argentinas. Ahora, la familia reclama justicia y denuncia que el conductor no quiso auxiliarlo: \u201cQue pague lo que tenga que pagar\u201d.<\/p>\n\n\n\n<p>La v\u00edctima, identificada como&nbsp;<strong>Byron Distaulo<\/strong>, iba en bicicleta con un amigo a buscar unos botines de f\u00fatbol cuando fue impactado por el cami\u00f3n Ford Cargo.<\/p>\n\n\n\n<p>El hecho ocurri\u00f3 sobre un puente ubicado en la calle Cura Brochero y 9 de Marzo, en la localidad de Grand Bourg. Su amigo Alan, que viajaba sentado sobre el manubrio de la bicicleta, alcanz\u00f3 a saltar cuando vio que el veh\u00edculo los embestir\u00eda y solo sufri\u00f3 una lesi\u00f3n en la mano derecha.<\/p>\n\n\n\n<p>Byron se llev\u00f3 la peor parte: seg\u00fan el relato de Alan,&nbsp;<strong>el cami\u00f3n \u201clo pas\u00f3 por encima\u201d<\/strong>. La secuencia qued\u00f3 registrada por las c\u00e1maras de seguridad.<\/p>\n\n\n\n<p>Vecinos y testigos del hecho aseguraron que el conductor del cami\u00f3n, identificado como&nbsp;<strong>Horacio Cerd\u00e1<\/strong>, de 42 a\u00f1os, mir\u00f3 por el espejo retrovisor pero nunca se detuvo a auxiliar a los chicos.<\/p>\n\n\n\n<p>En ese momento, un chofer de Uber que presenci\u00f3 toda la secuencia lo sigui\u00f3 siete cuadras tocando bocina para pedirle que volviera y se hiciera cargo.<\/p>\n\n\n\n<p><strong>Byron sufri\u00f3 fracturas m\u00faltiples y politraumatismos<\/strong>, por lo que fue derivado de urgencia al Hospital de Traumas y Emergencias Federico Abete, en la localidad de Pablo Nogu\u00e9s. Estuvo internado 18 d\u00edas en terapia intensiva hasta que falleci\u00f3 el 19 de abril por un paro card\u00edaco.<\/p>\n\n\n\n<p>En las \u00faltimas horas, la hermana de la v\u00edctima public\u00f3 un extenso posteo para visibilizar el tr\u00e1gico incidente y exigi\u00f3 justicia.<\/p>\n\n\n\n<p>\u201cPedimos justicia por Byron. Fueron 18 d\u00edas de agon\u00eda tanto de Byron como de la familia.&nbsp;<strong>Pedimos que salga a la luz, que se haga justicia como se debe y que no tapen esto.<\/strong>&nbsp;No hubo respuestas ni explicaciones, solo quer\u00edan ocultar todo. Ten\u00eda 15 a\u00f1os, una vida por seguir. Que este&nbsp;<em>hdp&nbsp;<\/em>vaya preso y pague lo que tenga que pagar&#8221;, manifest\u00f3 en Facebook.<\/p>\n\n\n\n<figure class=\"wp-block-image size-large\"><img loading=\"lazy\" decoding=\"async\" width=\"869\" height=\"1024\" src=\"https:\/\/corrientesdetarde.com\/wp-content\/uploads\/2025\/04\/image-1065-869x1024.png\" alt=\"\" class=\"wp-image-204577\" srcset=\"https:\/\/corrientesdetarde.com\/wp-content\/uploads\/2025\/04\/image-1065-869x1024.png 869w, https:\/\/corrientesdetarde.com\/wp-content\/uploads\/2025\/04\/image-1065-255x300.png 255w, https:\/\/corrientesdetarde.com\/wp-content\/uploads\/2025\/04\/image-1065-768x905.png 768w, https:\/\/corrientesdetarde.com\/wp-content\/uploads\/2025\/04\/image-1065-1304x1536.png 1304w, https:\/\/corrientesdetarde.com\/wp-content\/uploads\/2025\/04\/image-1065.png 1440w\" sizes=\"auto, (max-width: 869px) 100vw, 869px\" \/><\/figure>\n\n\n\n<p>Gabriela, la mam\u00e1, tambi\u00e9n cuestion\u00f3 duramente la actitud del conductor.&nbsp;<strong>\u201cMi hijo solo era un chico de 15 a\u00f1os, con sue\u00f1os de llegar a la universidad<\/strong>, y me lo atropell\u00f3 diciendo: \u2018Pens\u00e9 que era una bolsa de basura que se cay\u00f3\u2019\u201d, expres\u00f3 en declaraciones a&nbsp;<em>Clar\u00edn.<\/em><\/p>\n\n\n\n<p>El chofer, que pas\u00f3 seis d\u00edas detenido, asegur\u00f3 que fue agredido por vecinos y cont\u00f3 otra versi\u00f3n de los hechos:<strong>&nbsp;\u201cFue un accidente. Para m\u00ed los chicos se resbalaron y dieron contra la parte de atr\u00e1s del cami\u00f3n\u201d.&nbsp;<\/strong>Tambi\u00e9n neg\u00f3 haberse escapado y afirm\u00f3 que solo hizo \u201cuna cuadra y media\u201d antes de dar la vuelta, algo que desmienten los relatos de los testigos.<\/p>\n\n\n\n<p>Cerd\u00e1 fue imputado por \u201chomicidio culposo y lesiones culposas agravadas por conducci\u00f3n de veh\u00edculo y darse a la fuga\u201d. La causa est\u00e1 a cargo de la fiscal Ana De Leo, de la UFI N\u00b04 de Delitos Culposos del Departamento Judicial San Mart\u00edn.<\/p>\n","protected":false},"excerpt":{"rendered":"<p>Byron Distaulo iba en bicicleta junto a su amigo Alan a buscar unos botines a Grand Bourg cuando un rodado lo pas\u00f3 por encima. Agoniz\u00f3 casi 20 d\u00edas. Un adolescente&hellip; <\/p>\n","protected":false},"author":6,"featured_media":204576,"comment_status":"closed","ping_status":"open","sticky":false,"template":"","format":"standard","meta":{"footnotes":""},"categories":[5],"tags":[],"class_list":["post-204569","post","type-post","status-publish","format-standard","has-post-thumbnail","hentry","category-crimen-y-justicia"],"_links":{"self":[{"href":"https:\/\/corrientesdetarde.com\/index.php\/wp-json\/wp\/v2\/posts\/204569","targetHints":{"allow":["GET"]}}],"collection":[{"href":"https:\/\/corrientesdetarde.com\/index.php\/wp-json\/wp\/v2\/posts"}],"about":[{"href":"https:\/\/corrientesdetarde.com\/index.php\/wp-json\/wp\/v2\/types\/post"}],"author":[{"embeddable":true,"href":"https:\/\/corrientesdetarde.com\/index.php\/wp-json\/wp\/v2\/users\/6"}],"replies":[{"embeddable":true,"href":"https:\/\/corrientesdetarde.com\/index.php\/wp-json\/wp\/v2\/comments?post=204569"}],"version-history":[{"count":1,"href":"https:\/\/corrientesdetarde.com\/index.php\/wp-json\/wp\/v2\/posts\/204569\/revisions"}],"predecessor-version":[{"id":204578,"href":"https:\/\/corrientesdetarde.com\/index.php\/wp-json\/wp\/v2\/posts\/204569\/revisions\/204578"}],"wp:featuredmedia":[{"embeddable":true,"href":"https:\/\/corrientesdetarde.com\/index.php\/wp-json\/wp\/v2\/media\/204576"}],"wp:attachment":[{"href":"https:\/\/corrientesdetarde.com\/index.php\/wp-json\/wp\/v2\/media?parent=204569"}],"wp:term":[{"taxonomy":"category","embeddable":true,"href":"https:\/\/corrientesdetarde.com\/index.php\/wp-json\/wp\/v2\/categories?post=204569"},{"taxonomy":"post_tag","embeddable":true,"href":"https:\/\/corrientesdetarde.com\/index.php\/wp-json\/wp\/v2\/tags?post=204569"}],"curies":[{"name":"wp","href":"https:\/\/api.w.org\/{rel}","templated":true}]}}