{"id":204579,"date":"2025-04-27T21:00:00","date_gmt":"2025-04-28T00:00:00","guid":{"rendered":"https:\/\/corrientesdetarde.com\/?p=204579"},"modified":"2025-04-27T20:42:06","modified_gmt":"2025-04-27T23:42:06","slug":"el-encuentro-de-gobernadores-de-la-region-litoral-estara-encabezado-por-valdes","status":"publish","type":"post","link":"https:\/\/corrientesdetarde.com\/index.php\/politica\/el-encuentro-de-gobernadores-de-la-region-litoral-estara-encabezado-por-valdes\/","title":{"rendered":"El encuentro de gobernadores de la Regi\u00f3n Litoral estar\u00e1 encabezado por Vald\u00e9s."},"content":{"rendered":"\n<h2 class=\"wp-block-heading\">Los mandatarios de la zona que comprende Chaco, Misiones, Formosa, Santa Fe, Corrientes y Entre R\u00edos se reunir\u00e1n ma\u00f1ana en Resistencia. El correntino encabezar\u00e1 el encuentro en el que se entregar\u00e1n informes t\u00e9cnicos. Habr\u00e1 una ronda de negocios.<\/h2>\n\n\n\n<p>Gustavo Vald\u00e9s cerrar\u00e1 el ciclo como presidente pro tempore de la Regi\u00f3n Litoral. Junto a sus pares, el Gobernador encabezar\u00e1 el encuentro en el que se entregar\u00e1n resultados de estudios t\u00e9cnicos relacionados con la hidrov\u00eda, energ\u00eda y pesca, entre otras \u00e1reas. Tambi\u00e9n, se realizar\u00e1 una ronda de negocios y el recambio de autoridades.<\/p>\n\n\n\n<p>El correntino presidir\u00e1 la tercera reuni\u00f3n de la Junta de Gobernadores de la Regi\u00f3n Litoral que comprende a Chaco, Misiones, Formosa, Santa Fe, Corrientes y Entre R\u00edos. El encuentro ser\u00e1 este lunes a partir de las 8:30 en el Centro de Convenciones del Hotel Gala en Resistencia, la capital de Chaco. El radical Leandro Zdero ser\u00e1 el anfitri\u00f3n.<\/p>\n\n\n\n<p>En la ocasi\u00f3n, el presidente pro tempore recibir\u00e1 los resultados de los equipos t\u00e9cnicos que trabajaron en materia de hidrov\u00eda, energ\u00eda, pesca, trabajo y turismo. La coordinadora del bloque, Claudia Giaccone, de la provincia de Santa Fe, estar\u00e1 a cargo de la entrega de los informes realizados durante los primeros seis meses desde la creaci\u00f3n del conjunto que nuclea a los titulares de los Ejecutivos Provinciales de dicha \u00e1rea geogr\u00e1fica.<\/p>\n\n\n\n<p>El coordinador por Corrientes del grupo regional y ministro de Hacienda y Finanzas de la Provincia, Marcelo Rivas Piasentini, tambi\u00e9n disertar\u00e1 sobre aspectos t\u00e9cnicos del trabajo desarrollado en el marco de la reuni\u00f3n de la Mesa Ejecutiva con los gobernadores, quienes previamente mantendr\u00e1n un encuentro privado.<\/p>\n\n\n\n<p>Cerca del mediod\u00eda, los gobernadores realizar\u00e1n el acto protocolar y responder\u00e1n preguntas de la prensa. Por la siesta, realizar\u00e1n un recorrido por los stands que se dispondr\u00e1n en el marco de la ronda de negocios.<\/p>\n\n\n\n<h2 class=\"wp-block-heading\">Nuevas autoridades<\/h2>\n\n\n\n<p>A las 11, est\u00e1 previsto que la Junta de Gobernadores elija a un nuevo presidente pro tempore de la Regi\u00f3n Litoral por un periodo de seis meses. Cabe recordar que Vald\u00e9s fue electo por sus pares en octubre pasado durante el encuentro de conformaci\u00f3n formal del bloque.<\/p>\n\n\n\n<p>El anuncio de la necesidad de formar la regi\u00f3n surgi\u00f3 en un encuentro de mandatarios que se hab\u00eda realizado en septiembre pasado en Bella Vista, Corrientes, donde Vald\u00e9s fue anfitri\u00f3n. Entonces estuvieron presentes su par chaque\u00f1o Zdero y de Santa Fe, Maximiliano Pullaro.<\/p>\n\n\n\n<p>En el encuentro de Gobernadores, adem\u00e1s se elegir\u00e1 la nueva coordinaci\u00f3n de la Mesa Ejecutiva y se realizar\u00e1 la creaci\u00f3n de la Mesa T\u00e9cnica de Hidrov\u00eda de la Regi\u00f3n Litoral. Est\u00e1 previsto el desarrollo del Sistema de Licencia \u00danica de Pesca, Sistema de Veda Unificado, Sistemas de Control y Fiscalizaci\u00f3n, de acuerdo con lo comunicado oficialmente.<\/p>\n\n\n\n<h2 class=\"wp-block-heading\">Ronda de negocios<\/h2>\n\n\n\n<p>El encuentro se realizar\u00e1 en simult\u00e1neo con la Tercera Ronda de Negocios de la Regi\u00f3n Litoral, en la cual habr\u00e1 participaci\u00f3n de Buenos Aires y C\u00f3rdoba, como as\u00ed, de Brasil y Paraguay. Habr\u00e1 un showroom con productos locales y participar\u00e1n de las actividades, bancos y organismos de comercio exterior.<\/p>\n\n\n\n<p>Cabe mencionar que las regiones objetivos son Paraguay, Paran\u00e1, R\u00edo Grande del Sur y Santa Catarina, Litoral, que incluye Chaco, Corrientes, Formosa, Misiones, Santa Fe y Entre R\u00edos, como as\u00ed otras jurisdicciones tales como Buenos Aires y C\u00f3rdoba. Los principales rubros, aunque no excluyentes, en exhibici\u00f3n ser\u00e1n alimentos y supermercadismo, alimentos balanceados, industria en general, metalmec\u00e1nica, maderas, agro, agroindustria, servicios, software e IT.<\/p>\n\n\n\n<p>Como antecedente de rondas de negocios, se pueden mencionar Norte Grande y Paraguay que en 2024 propici\u00f3 la cobertura de 300 empresas y 1.900 reuniones, confluyendo las oportunidades de negocios en un 83%. Otras regiones que se pueden mencionar son Comex RN, NEA y Paraguay en 2023, con la participaci\u00f3n de 75 empresas y 458 reuniones realizadas. Tambi\u00e9n, es posible considerar la Expo Norte Grande de 2022.<\/p>\n\n\n\n<h2 class=\"wp-block-heading\">El encuentro<\/h2>\n\n\n\n<p>&#8220;Se trabajar\u00e1 un temario extenso que incluyen la hidrov\u00eda, pesca, trabajo y otros temas que hacen a la problem\u00e1tica de la regi\u00f3n litoral&#8221;, inform\u00f3 el secretario de coordinaci\u00f3n de Gabinete de la Provincia de Chaco, Livio Guti\u00e9rrez. &#8220;Entendemos que el trabajo regional tiene que ver con fortalecer no solo la provincia del Chaco sino a toda la regi\u00f3n en el marco de plantear cuestiones a nivel nacional que tiene que ver con nuestra jurisdicci\u00f3n como provincia, dentro del marco de la hidrov\u00eda y participar dentro de la nueva licitaci\u00f3n que se va a realizar&#8221;, anticip\u00f3 el funcionario.<\/p>\n\n\n\n<p>Potenciar los puertos locales ser\u00e1 otro de los temas que se abordar\u00e1n los gobernadores. Un aspecto que resulta de inter\u00e9s para Corrientes. &#8220;Queremos plantar las bases para los pr\u00f3ximos 10 o 15 a\u00f1os en materia de transporte fluvial, es un tema que nos importa a todos&#8221;, sostuvo Guti\u00e9rrez.<\/p>\n\n\n\n<p>El secretario coment\u00f3 que el encuentro cuenta con el apoyo del Consejo Federal de Inversiones (CFI) y la Confederaci\u00f3n Argentina de la Mediana Empresa (CAME), que participar\u00e1n en simult\u00e1neo al encuentro, con mesas t\u00e9cnicas y rondas de trabajo y negocios con representantes de distintos rubros como alimentos, industria metal mec\u00e1nica, maderas, agroindustria, servicios, entre otros.<\/p>\n\n\n\n<p>&#8220;En estas rondas se sumar\u00e1n empresarios de Misiones, Formosa, Santa Fe, Corrientes y Entre R\u00edos, adem\u00e1s de la provincia de C\u00f3rdoba. Tambi\u00e9n asistir\u00e1n empresarios de Paraguay y Brasil&#8221;, confirm\u00f3 d\u00edas atr\u00e1s a la prensa el funcionario chaque\u00f1o. &#8220;Tendr\u00e1 una gran implicancia regional y esperamos una importante afluencia y participaci\u00f3n&#8221;, agreg\u00f3.<\/p>\n\n\n\n<p>&#8220;Desde nuestro bloque hemos propuesto disminuir la presi\u00f3n tributaria en materia de ingresos brutos; hacer que la provincia sea m\u00e1s amigable para la radicaci\u00f3n de la inversi\u00f3n&#8221;, explic\u00f3 el funcionario. As\u00ed, mencion\u00f3 tambi\u00e9n la prorrogaci\u00f3n de la promoci\u00f3n industrial como otra de las &#8220;cuestiones m\u00e1s que importantes para motorizar el empleo genuino y privado&#8221;, indic\u00f3 en referencia a los trabajos legislativos que impulsa el Gobierno del Chaco. Finalmente, el funcionario invit\u00f3 a representantes del sector empresarial, comercial e industrial de a participar de la jornada.<\/p>\n","protected":false},"excerpt":{"rendered":"<p>Los mandatarios de la zona que comprende Chaco, Misiones, Formosa, Santa Fe, Corrientes y Entre R\u00edos se reunir\u00e1n ma\u00f1ana en Resistencia. El correntino encabezar\u00e1 el encuentro en el que se&hellip; <\/p>\n","protected":false},"author":6,"featured_media":204587,"comment_status":"closed","ping_status":"open","sticky":false,"template":"","format":"standard","meta":{"footnotes":""},"categories":[3],"tags":[],"class_list":["post-204579","post","type-post","status-publish","format-standard","has-post-thumbnail","hentry","category-politica"],"_links":{"self":[{"href":"https:\/\/corrientesdetarde.com\/index.php\/wp-json\/wp\/v2\/posts\/204579","targetHints":{"allow":["GET"]}}],"collection":[{"href":"https:\/\/corrientesdetarde.com\/index.php\/wp-json\/wp\/v2\/posts"}],"about":[{"href":"https:\/\/corrientesdetarde.com\/index.php\/wp-json\/wp\/v2\/types\/post"}],"author":[{"embeddable":true,"href":"https:\/\/corrientesdetarde.com\/index.php\/wp-json\/wp\/v2\/users\/6"}],"replies":[{"embeddable":true,"href":"https:\/\/corrientesdetarde.com\/index.php\/wp-json\/wp\/v2\/comments?post=204579"}],"version-history":[{"count":1,"href":"https:\/\/corrientesdetarde.com\/index.php\/wp-json\/wp\/v2\/posts\/204579\/revisions"}],"predecessor-version":[{"id":204588,"href":"https:\/\/corrientesdetarde.com\/index.php\/wp-json\/wp\/v2\/posts\/204579\/revisions\/204588"}],"wp:featuredmedia":[{"embeddable":true,"href":"https:\/\/corrientesdetarde.com\/index.php\/wp-json\/wp\/v2\/media\/204587"}],"wp:attachment":[{"href":"https:\/\/corrientesdetarde.com\/index.php\/wp-json\/wp\/v2\/media?parent=204579"}],"wp:term":[{"taxonomy":"category","embeddable":true,"href":"https:\/\/corrientesdetarde.com\/index.php\/wp-json\/wp\/v2\/categories?post=204579"},{"taxonomy":"post_tag","embeddable":true,"href":"https:\/\/corrientesdetarde.com\/index.php\/wp-json\/wp\/v2\/tags?post=204579"}],"curies":[{"name":"wp","href":"https:\/\/api.w.org\/{rel}","templated":true}]}}