{"id":204581,"date":"2025-04-27T20:40:00","date_gmt":"2025-04-27T23:40:00","guid":{"rendered":"https:\/\/corrientesdetarde.com\/?p=204581"},"modified":"2025-04-27T20:35:01","modified_gmt":"2025-04-27T23:35:01","slug":"la-actividad-metalurgica-pyme-crecio-27-interanual-en-marzo","status":"publish","type":"post","link":"https:\/\/corrientesdetarde.com\/index.php\/economia\/la-actividad-metalurgica-pyme-crecio-27-interanual-en-marzo\/","title":{"rendered":"La actividad metal\u00fargica pyme creci\u00f3 2,7% interanual en marzo."},"content":{"rendered":"\n<h2 class=\"wp-block-heading\">El sector acumul\u00f3 una variaci\u00f3n positiva del 3,4% en el primer trimestre, pero la din\u00e1mica no fue uniforme entre las distintas ramas, seg\u00fan un sondeo de Camima.<\/h2>\n\n\n\n<p>La\u00a0<strong>actividad\u00a0metal\u00fargica pyme creci\u00f3 2,7% interanual en marzo, pero cay\u00f3 1,2% respecto de febrero<\/strong>, seg\u00fan un sondeo realizado por la\u00a0<em>C\u00e1mara de la Peque\u00f1a y Mediana Industria Metal\u00fargica Argentina\u00a0<\/em>(<strong>Camima<\/strong>). El sector acumul\u00f3 una\u00a0<strong>variaci\u00f3n positiva del 3,4% en el primer trimestre,<\/strong>\u00a0pero la din\u00e1mica no fue uniforme entre las distintas ramas.<\/p>\n\n\n\n<p>As\u00ed, de acuerdo con estos datos, mientras que el rubro de&nbsp;<strong>Agroindustria&nbsp;<\/strong>lider\u00f3 el crecimiento, con un avance interanual del&nbsp;<strong>18,4%<\/strong>, y<strong>&nbsp;M\u00e1quinas y Bienes de Capital&nbsp;<\/strong>mostr\u00f3 una expansi\u00f3n del&nbsp;<strong>2,6%<\/strong>;en contraposici\u00f3n,&nbsp;<strong>Fundici\u00f3n&nbsp;<\/strong>se desplom\u00f3&nbsp;<strong>-14,2%<\/strong>, y&nbsp;<strong>Autopartes<\/strong>&nbsp;se con<em><strong>trajo un -4%.<\/strong><\/em><\/p>\n\n\n\n<p>Tambi\u00e9n destac\u00f3 como \u201c<strong>muy auspicioso<\/strong>\u201d, que se haya logrado \u201cla&nbsp;<strong>eliminaci\u00f3n del aporte obligatorio del 1%<\/strong>&nbsp;de la llamada Contribuci\u00f3n Convencional a empresas metal\u00fargicas, a trav\u00e9s del Decreto N\u00b0149\/2025 del Poder Ejecutivo&#8221;.<\/p>\n\n\n\n<h2 class=\"wp-block-heading\">Dispar recuperaci\u00f3n de la actividad metal\u00fargica<\/h2>\n\n\n\n<p>En cuando al&nbsp;<strong>comercio exterior del sector metal\u00fargico&nbsp;<\/strong>durante&nbsp;<strong>febrero&nbsp;<\/strong>de este a\u00f1o (\u00faltimo dato disponible), Camima detall\u00f3 que se constat\u00f3 un<strong>&nbsp;aumento interanual del 33% en las exportaciones y un incremento del 48% en las importaciones.<\/strong><\/p>\n\n\n\n<p>Otros datos destacados del sondeo son que en marzo la&nbsp;<strong>utilizaci\u00f3n de la capacidad instalada<\/strong>&nbsp;en la industria metal\u00fargica se ubic\u00f3 en un nivel cercano al&nbsp;<strong>47%<\/strong>; en tanto que el<strong>&nbsp;nivel de empleo<\/strong>, registr\u00f3 una<strong>&nbsp;disminuci\u00f3n interanual cercana al -2,5%,<\/strong>&nbsp;manteni\u00e9ndose pr\u00e1cticamente sin cambios en comparaci\u00f3n con febrero.<\/p>\n\n\n\n<p>El informe de Camima tambi\u00e9n hace referencia al<strong>&nbsp;acuerdo con el Fondo Monetario Internacional (FMI)<\/strong>. Al respecto, dijo que \u201c<strong>ha quitado la incertidumbre que ten\u00eda el mercado<\/strong>\u201d y que \u201cla<strong>&nbsp;salida parcial del cepo<\/strong>&nbsp;deber\u00eda ser trasladada a una mayor&nbsp;<strong>estabilidad&nbsp;<\/strong>de los precios\u201d. Sin embargo, destac\u00f3 que \u201cla Argentina debe acumular&nbsp;<strong>reservas<\/strong>\u201d, pero que \u201cel aporte del<strong>&nbsp;intercambio comercial es d\u00e9bil<\/strong>\u201d, al tiempo que \u201c<strong>el aumento de la inflaci\u00f3n tensa las negociaciones paritarias<\/strong>\u201d.<\/p>\n\n\n\n<p>\u201c<strong>El IPC del mes de marzo refleja una tendencia alcista en los precios<\/strong>&nbsp;y es una se\u00f1al que debe ser tenida en cuenta por su&nbsp;<strong>impacto&nbsp;<\/strong>presente, pero tambi\u00e9n traslada un remanente al pr\u00f3ximo mes. De alguna manera, las&nbsp;<strong>especulaciones&nbsp;<\/strong>cambiarias han tenido su impacto en los precios y adelantado traslados a precios por una posible&nbsp;<strong>devaluaci\u00f3n<\/strong>, hecho que no ocurri\u00f3 por el momento\u201d, analiz\u00f3 la c\u00e1mara metal\u00fargica pyme.<\/p>\n\n\n\n<p>Camima adem\u00e1s manifest\u00f3&nbsp;<strong>preocupaci\u00f3n por el nivel de \u201cdesinversi\u00f3n en infraestructura\u201d<\/strong>, que impacta negativamente en la&nbsp;<strong>competitividad<\/strong>, y por los altos costos log\u00edsticos.<\/p>\n\n\n\n<p>\u201cLa competitividad de nuestras industrias comienza a ser el tema central y sobre el cual necesitamos&nbsp;<strong>poner en marcha acciones de mejoras<\/strong>&nbsp;en el tiempo. La&nbsp;<strong>guerra comercial&nbsp;<\/strong>desatada a nivel global&nbsp;<strong>no juega a favor de la Argentina.&nbsp;<\/strong>Seguramente, habr\u00e1 una reconfiguraci\u00f3n y la Argentina debe decidir cu\u00e1l es el rol que le va a dar a la industria nacional y al entramado de empresas que lo componen; adem\u00e1s, cu\u00e1l ser\u00e1 su pol\u00edtica de negociaci\u00f3n con el resto del mundo. Por ahora el enfoque est\u00e1 solo orientado a los temas financieros y control del d\u00e9ficit fiscal, auspicioso este \u00faltimo objetivo\u201d, plante\u00f3.<\/p>\n","protected":false},"excerpt":{"rendered":"<p>El sector acumul\u00f3 una variaci\u00f3n positiva del 3,4% en el primer trimestre, pero la din\u00e1mica no fue uniforme entre las distintas ramas, seg\u00fan un sondeo de Camima. La\u00a0actividad\u00a0metal\u00fargica pyme creci\u00f3&hellip; <\/p>\n","protected":false},"author":6,"featured_media":204582,"comment_status":"closed","ping_status":"open","sticky":false,"template":"","format":"standard","meta":{"footnotes":""},"categories":[20],"tags":[],"class_list":["post-204581","post","type-post","status-publish","format-standard","has-post-thumbnail","hentry","category-economia"],"_links":{"self":[{"href":"https:\/\/corrientesdetarde.com\/index.php\/wp-json\/wp\/v2\/posts\/204581","targetHints":{"allow":["GET"]}}],"collection":[{"href":"https:\/\/corrientesdetarde.com\/index.php\/wp-json\/wp\/v2\/posts"}],"about":[{"href":"https:\/\/corrientesdetarde.com\/index.php\/wp-json\/wp\/v2\/types\/post"}],"author":[{"embeddable":true,"href":"https:\/\/corrientesdetarde.com\/index.php\/wp-json\/wp\/v2\/users\/6"}],"replies":[{"embeddable":true,"href":"https:\/\/corrientesdetarde.com\/index.php\/wp-json\/wp\/v2\/comments?post=204581"}],"version-history":[{"count":1,"href":"https:\/\/corrientesdetarde.com\/index.php\/wp-json\/wp\/v2\/posts\/204581\/revisions"}],"predecessor-version":[{"id":204583,"href":"https:\/\/corrientesdetarde.com\/index.php\/wp-json\/wp\/v2\/posts\/204581\/revisions\/204583"}],"wp:featuredmedia":[{"embeddable":true,"href":"https:\/\/corrientesdetarde.com\/index.php\/wp-json\/wp\/v2\/media\/204582"}],"wp:attachment":[{"href":"https:\/\/corrientesdetarde.com\/index.php\/wp-json\/wp\/v2\/media?parent=204581"}],"wp:term":[{"taxonomy":"category","embeddable":true,"href":"https:\/\/corrientesdetarde.com\/index.php\/wp-json\/wp\/v2\/categories?post=204581"},{"taxonomy":"post_tag","embeddable":true,"href":"https:\/\/corrientesdetarde.com\/index.php\/wp-json\/wp\/v2\/tags?post=204581"}],"curies":[{"name":"wp","href":"https:\/\/api.w.org\/{rel}","templated":true}]}}