{"id":204591,"date":"2025-04-27T21:10:00","date_gmt":"2025-04-28T00:10:00","guid":{"rendered":"https:\/\/corrientesdetarde.com\/?p=204591"},"modified":"2025-04-27T20:53:54","modified_gmt":"2025-04-27T23:53:54","slug":"un-fuerte-sismo-sacudio-a-la-provincia-de-mendoza","status":"publish","type":"post","link":"https:\/\/corrientesdetarde.com\/index.php\/destacados\/un-fuerte-sismo-sacudio-a-la-provincia-de-mendoza\/","title":{"rendered":"Un fuerte sismo sacudi\u00f3 a la provincia de Mendoza."},"content":{"rendered":"\n<h2 class=\"wp-block-heading\">El suceso natural se produjo en la ma\u00f1ana de este domingo, en el Valle de Uco. No se reportaron da\u00f1os materiales ni personas heridas.<\/h2>\n\n\n\n<p>Un fuerte sismo se registr\u00f3 este domingo a las 8:37 en el Valle de Uco, provincia de Mendoza, seg\u00fan inform\u00f3 el Instituto Nacional de Prevenci\u00f3n S\u00edsmica (Inpres). El temblor alcanz\u00f3 una magnitud de 5\u00ba en la escala de Richter, con un epicentro ubicado a 75 km al noroeste de San Rafael y a 246 km al sur de la ciudad de Mendoza. La profundidad del movimiento tel\u00farico fue de 30 kil\u00f3metros.<\/p>\n\n\n\n<p>Inicialmente, un informe preliminar autom\u00e1tico hab\u00eda calculado la magnitud en 5,7\u00ba, pero tras el an\u00e1lisis manual de los sism\u00f3logos del Inpres, se ajust\u00f3 a 5\u00ba. La profundidad del sismo contribuy\u00f3 a que se sintiera de manera prolongada en toda la regi\u00f3n.<\/p>\n\n\n\n<p>El fen\u00f3meno tambi\u00e9n fue registrado por el Centro Sismol\u00f3gico Nacional de Chile, que report\u00f3 una magnitud de momento de 4,4\u00ba, ubicando el epicentro en la misma zona del Valle de Uco, aunque m\u00e1s pr\u00f3ximo al l\u00edmite internacional, en la cordillera de los Andes. A los pocos minutos de percibirse el temblor, numerosos mendocinos alertaron la situaci\u00f3n a trav\u00e9s de las redes sociales, manifestando su sorpresa ante un fen\u00f3meno relativamente frecuente en la regi\u00f3n cuyana, pero que puede resultar impactante, especialmente para los turistas.<\/p>\n\n\n\n<p>Afortunadamente, hasta el momento no se han reportado da\u00f1os materiales ni v\u00edctimas como consecuencia del sismo. Sin embargo, las autoridades locales permanecen en estado de alerta para evaluar posibles efectos secundarios en edificaciones e infraestructura vial de la regi\u00f3n.<\/p>\n\n\n\n<p>Cabe destacar que durante el s\u00e1bado se hab\u00edan registrado otros dos sismos de menor intensidad en la provincia de Mendoza: uno de 2,7\u00ba con epicentro cerca de Las Cuevas y otro de 2,5\u00ba al noreste de Lavalle.<\/p>\n\n\n\n<figure class=\"wp-block-image size-large\"><img loading=\"lazy\" decoding=\"async\" width=\"683\" height=\"1024\" src=\"https:\/\/corrientesdetarde.com\/wp-content\/uploads\/2025\/04\/image-1071-683x1024.png\" alt=\"\" class=\"wp-image-204593\" srcset=\"https:\/\/corrientesdetarde.com\/wp-content\/uploads\/2025\/04\/image-1071-683x1024.png 683w, https:\/\/corrientesdetarde.com\/wp-content\/uploads\/2025\/04\/image-1071-200x300.png 200w, https:\/\/corrientesdetarde.com\/wp-content\/uploads\/2025\/04\/image-1071-768x1152.png 768w, https:\/\/corrientesdetarde.com\/wp-content\/uploads\/2025\/04\/image-1071.png 992w\" sizes=\"auto, (max-width: 683px) 100vw, 683px\" \/><\/figure>\n","protected":false},"excerpt":{"rendered":"<p>El suceso natural se produjo en la ma\u00f1ana de este domingo, en el Valle de Uco. No se reportaron da\u00f1os materiales ni personas heridas. Un fuerte sismo se registr\u00f3 este&hellip; <\/p>\n","protected":false},"author":6,"featured_media":204592,"comment_status":"closed","ping_status":"open","sticky":false,"template":"","format":"standard","meta":{"footnotes":""},"categories":[26],"tags":[],"class_list":["post-204591","post","type-post","status-publish","format-standard","has-post-thumbnail","hentry","category-destacados"],"_links":{"self":[{"href":"https:\/\/corrientesdetarde.com\/index.php\/wp-json\/wp\/v2\/posts\/204591","targetHints":{"allow":["GET"]}}],"collection":[{"href":"https:\/\/corrientesdetarde.com\/index.php\/wp-json\/wp\/v2\/posts"}],"about":[{"href":"https:\/\/corrientesdetarde.com\/index.php\/wp-json\/wp\/v2\/types\/post"}],"author":[{"embeddable":true,"href":"https:\/\/corrientesdetarde.com\/index.php\/wp-json\/wp\/v2\/users\/6"}],"replies":[{"embeddable":true,"href":"https:\/\/corrientesdetarde.com\/index.php\/wp-json\/wp\/v2\/comments?post=204591"}],"version-history":[{"count":1,"href":"https:\/\/corrientesdetarde.com\/index.php\/wp-json\/wp\/v2\/posts\/204591\/revisions"}],"predecessor-version":[{"id":204594,"href":"https:\/\/corrientesdetarde.com\/index.php\/wp-json\/wp\/v2\/posts\/204591\/revisions\/204594"}],"wp:featuredmedia":[{"embeddable":true,"href":"https:\/\/corrientesdetarde.com\/index.php\/wp-json\/wp\/v2\/media\/204592"}],"wp:attachment":[{"href":"https:\/\/corrientesdetarde.com\/index.php\/wp-json\/wp\/v2\/media?parent=204591"}],"wp:term":[{"taxonomy":"category","embeddable":true,"href":"https:\/\/corrientesdetarde.com\/index.php\/wp-json\/wp\/v2\/categories?post=204591"},{"taxonomy":"post_tag","embeddable":true,"href":"https:\/\/corrientesdetarde.com\/index.php\/wp-json\/wp\/v2\/tags?post=204591"}],"curies":[{"name":"wp","href":"https:\/\/api.w.org\/{rel}","templated":true}]}}