{"id":204702,"date":"2025-04-28T13:35:25","date_gmt":"2025-04-28T16:35:25","guid":{"rendered":"https:\/\/corrientesdetarde.com\/?p=204702"},"modified":"2025-04-28T13:35:29","modified_gmt":"2025-04-28T16:35:29","slug":"putin-anuncio-una-tregua-de-tres-dias-con-ucrania-por-el-aniversario-de-la-segunda-guerra-mundial","status":"publish","type":"post","link":"https:\/\/corrientesdetarde.com\/index.php\/internacionales\/putin-anuncio-una-tregua-de-tres-dias-con-ucrania-por-el-aniversario-de-la-segunda-guerra-mundial\/","title":{"rendered":"Putin anunci\u00f3 una tregua de tres d\u00edas con Ucrania por el aniversario de la Segunda Guerra Mundial"},"content":{"rendered":"\n<p>El alto el fuego empezar\u00e1 el 8 de mayo. Rusia recibir\u00e1 a los principales l\u00edderes mundiales. El gobierno ucraniano pidi\u00f3 que la medida sea de al menos 30 d\u00edas.<\/p>\n\n\n\n<p>El presidente ruso,\u00a0<strong>Vladimir Putin, anunci\u00f3 una\u00a0tregua con Ucrania<\/strong>\u00a0por el 80\u00b0 aniversario de la Segunda Guerra Mundial. Ante esto,\u00a0<strong>el gobierno ucraniano solicit\u00f3 que la medida sea de al menos 30 d\u00edas.<\/strong><\/p>\n\n\n\n<p>El alto el fuego durar\u00e1 tres d\u00edas en los que el Kremlin recibir\u00e1 a los principales l\u00edderes mundiales afines.<strong>&nbsp;Se llevar\u00e1 a cabo desde el 8 de mayo hasta el 11<\/strong>, seg\u00fan informaron las autoridades rusas en un comunicado.<\/p>\n\n\n\n<p>El 9 de mayo m\u00e1s de veinte autoridades internacionales, entre los que se encuentran el mandatario chino, Xi Jinping; el brasile\u00f1o, Lula da Silva, y el eslovaco Robert Fico, llegar\u00e1n a Rusia.<\/p>\n\n\n\n<p>Ante este evento, el gobierno ruso busca&nbsp;<strong>garantizar la seguridad&nbsp;<\/strong>y que ning\u00fan drone enemigo pueda interrumpir el desfile militar en la plaza Roja.<\/p>\n\n\n\n<figure class=\"wp-block-image\"><img decoding=\"async\" src=\"https:\/\/tn.com.ar\/resizer\/v2\/putin-establecio-una-tregua-con-ucrania-foto-sputnikmikhail-metzelpool-via-reuters-PZCCNPB6ZTLUAW5VI5R6JDXFFQ.jpg?auth=196891255fd87b75ee9938c74198deb5c0210d103a761adef1d1de4c6ab7a2fa&amp;width=767\" alt=\"Putin estableci\u00f3 una tregua con Ucrania. (Foto: Sputnik\/Mikhail Metzel\/Pool via REUTERS)\"\/><\/figure>\n\n\n\n<p>En respuesta al comunicado del Kremlin,<strong>&nbsp;el gobierno ucraniano pidi\u00f3 que la tregua se extienda a 30 d\u00edas.<\/strong>&nbsp;\u201cSi Rusia realmente quiere la paz, debe cesar el fuego de inmediato\u201d, expres\u00f3 el Ministro de Exteriores de Ucrania, Andrii Sibiga, a trav\u00e9s de sus redes.<\/p>\n\n\n\n<p>\u201c\u00bfPor qu\u00e9 esperar hasta el 8 de mayo? Si el fuego puede extinguirse ahora y en cualquier momento durante 30 d\u00edas, entonces es real, no solo para un desfile.<strong>&nbsp;Ucrania est\u00e1 dispuesta a apoyar un alto el fuego completo, duradero y duradero.<\/strong>&nbsp;Y esto es lo que proponemos constantemente, durante al menos 30 d\u00edas&#8221;, complet\u00f3.<\/p>\n\n\n\n<p>En el documento expedido por Rusia se destac\u00f3 que la decisi\u00f3n de la tregua fue tomada por el Kremlin&nbsp;<strong>\u201cpor motivos humanitarios\u201d.<\/strong>&nbsp;\u201cConsidera que la parte ucraniana debe seguir este ejemplo\u201d, se destac\u00f3.<\/p>\n\n\n\n<p>Adem\u00e1s, remarcaron que en el caso de que el pa\u00eds comandado por Volodimir Zelenski viole el alto el fuego, \u201clas Fuerzas Armadas de Rusia dar\u00e1n una respuesta adecuada y efectiva\u201d.<\/p>\n\n\n\n<p>\u201cLa parte rusa expresa una vez m\u00e1s su disposici\u00f3n a&nbsp;<strong>participar en unas negociaciones de paz<\/strong>&nbsp;sin condiciones previas que est\u00e9n dirigidas a eliminar las causas primarias de la crisis ucraniana y a cooperar de manera constructiva con sus socios internacionales\u201d, sumaron.<\/p>\n\n\n\n<p>Putin ya hab\u00eda declarado unilateralmente el 19 de abril una tregua por la Pascua ortodoxa, a la que Ucrania se sum\u00f3 poco despu\u00e9s. Luego de que se comprob\u00f3 que durante 30 horas se redujo la actividad militar en casi todos los frentes, el Kremlin se mostr\u00f3 dispuesto a reanudar las negociaciones de una guerra que ya lleva tres a\u00f1os.<\/p>\n\n\n\n<p>Este lunes, el ministro de Exteriores de Rusia, Sergu\u00e9i Lavrov, exigi\u00f3 el reconocimiento internacional de las regiones ucranianas anexadas por Mosc\u00fa, incluido la pen\u00ednsula de Crimea, como condici\u00f3n para un arreglo pac\u00edfico del conflicto.<\/p>\n\n\n\n<p>\u201cEs imperativo&nbsp;<strong>el reconocimiento internacional de la pertenencia a Rusia de Crimea,&nbsp;<\/strong>Sebastopol, la rep\u00fablica popular de Donetsk, la rep\u00fablica popular de Lugansk, Jers\u00f3n y Zaporiyia\u201d, dijo en una entrevista con el diario&nbsp;<em>O Globo<\/em>.<\/p>\n\n\n\n<p>Inclusive, se\u00f1al\u00f3 que las otras condiciones son la&nbsp;<strong>neutralidad ucraniana en l\u00ednea con la declaraci\u00f3n sobre la soberan\u00eda estatal de Ucrania&nbsp;<\/strong>(1990), lo que significa el&nbsp;<strong>no ingreso del pa\u00eds en bloques militares como la OTAN.<\/strong><\/p>\n\n\n\n<p>En el mismo sentido, pidi\u00f3 derogar las leyes que persiguen \u201ctodo lo ruso\u201d: desde el idioma, a la cultura, los medios de comunicaci\u00f3n, las tradiciones y la Iglesia Ortodoxa, adoptadas desde 2014. \u201cTodas las obligaciones de Kiev deben ser fijadas jur\u00eddicamente y deben tener un mecanismo de supervisi\u00f3n y un car\u00e1cter indefinido\u201d, dijo.<\/p>\n\n\n\n<p>Adem\u00e1s, el ministro asegur\u00f3 que permanecen en la agenda \u201cla desmilitarizaci\u00f3n y desnazificaci\u00f3n de Ucrania, el levantamiento de las sanciones, las denuncias judiciales y las \u00f3rdenes de arresto, y el retorno de los activos rusos congelados en Occidente\u201d.<\/p>\n\n\n\n<p>\u201cTambi\u00e9n intentaremos lograr garant\u00edas de seguridad fiables para Rusia ante las amenazas que surgen de las actividades hostiles de la OTAN, la Uni\u00f3n Europea y ciertos estados miembros en nuestras fronteras occidentales\u201d, cerr\u00f3.<\/p>\n","protected":false},"excerpt":{"rendered":"<p>El alto el fuego empezar\u00e1 el 8 de mayo. Rusia recibir\u00e1 a los principales l\u00edderes mundiales. El gobierno ucraniano pidi\u00f3 que la medida sea de al menos 30 d\u00edas. El&hellip; <\/p>\n","protected":false},"author":8,"featured_media":204703,"comment_status":"closed","ping_status":"open","sticky":false,"template":"","format":"standard","meta":{"footnotes":""},"categories":[11],"tags":[],"class_list":["post-204702","post","type-post","status-publish","format-standard","has-post-thumbnail","hentry","category-internacionales"],"_links":{"self":[{"href":"https:\/\/corrientesdetarde.com\/index.php\/wp-json\/wp\/v2\/posts\/204702","targetHints":{"allow":["GET"]}}],"collection":[{"href":"https:\/\/corrientesdetarde.com\/index.php\/wp-json\/wp\/v2\/posts"}],"about":[{"href":"https:\/\/corrientesdetarde.com\/index.php\/wp-json\/wp\/v2\/types\/post"}],"author":[{"embeddable":true,"href":"https:\/\/corrientesdetarde.com\/index.php\/wp-json\/wp\/v2\/users\/8"}],"replies":[{"embeddable":true,"href":"https:\/\/corrientesdetarde.com\/index.php\/wp-json\/wp\/v2\/comments?post=204702"}],"version-history":[{"count":1,"href":"https:\/\/corrientesdetarde.com\/index.php\/wp-json\/wp\/v2\/posts\/204702\/revisions"}],"predecessor-version":[{"id":204704,"href":"https:\/\/corrientesdetarde.com\/index.php\/wp-json\/wp\/v2\/posts\/204702\/revisions\/204704"}],"wp:featuredmedia":[{"embeddable":true,"href":"https:\/\/corrientesdetarde.com\/index.php\/wp-json\/wp\/v2\/media\/204703"}],"wp:attachment":[{"href":"https:\/\/corrientesdetarde.com\/index.php\/wp-json\/wp\/v2\/media?parent=204702"}],"wp:term":[{"taxonomy":"category","embeddable":true,"href":"https:\/\/corrientesdetarde.com\/index.php\/wp-json\/wp\/v2\/categories?post=204702"},{"taxonomy":"post_tag","embeddable":true,"href":"https:\/\/corrientesdetarde.com\/index.php\/wp-json\/wp\/v2\/tags?post=204702"}],"curies":[{"name":"wp","href":"https:\/\/api.w.org\/{rel}","templated":true}]}}