{"id":204858,"date":"2025-04-29T09:46:30","date_gmt":"2025-04-29T12:46:30","guid":{"rendered":"https:\/\/corrientesdetarde.com\/?p=204858"},"modified":"2025-04-29T09:46:34","modified_gmt":"2025-04-29T12:46:34","slug":"matias-ferreira-el-futuro-rey-del-candombe-lanza-donde-estas-my-love-una-fusion-de-tradicion-y-pop-latino","status":"publish","type":"post","link":"https:\/\/corrientesdetarde.com\/index.php\/espectaculos\/matias-ferreira-el-futuro-rey-del-candombe-lanza-donde-estas-my-love-una-fusion-de-tradicion-y-pop-latino\/","title":{"rendered":"Mat\u00edas Ferreira, el futuro Rey del Candombe, lanza \u2018D\u00f3nde est\u00e1s My Love\u2019: una\u00a0fusi\u00f3n de\u00a0tradici\u00f3n y pop latino"},"content":{"rendered":"\n<p><\/p>\n\n\n\n<figure class=\"wp-block-table\"><table class=\"has-fixed-layout\"><tbody><tr><td>El nuevo sencillo de&nbsp;<strong>Mat\u00edas Ferreira<\/strong>, &#8220;D\u00f3nde est\u00e1s MY LOVE&#8221;, es una verdadera declaraci\u00f3n art\u00edstica. Se trata de una emotiva canci\u00f3n que explora la b\u00fasqueda del amor verdadero en un mundo de conexiones ef\u00edmeras, un tema universal que resuena profundamente con el p\u00fablico contempor\u00e1neo. La canci\u00f3n se destaca por su letra conmovedora y por su innovadora fusi\u00f3n musical, adem\u00e1s de la colaboraci\u00f3n de&nbsp;<strong>Cristina Porta<\/strong>&nbsp;en su videoclip.<br><br><br><strong>Una fusi\u00f3n musical in\u00e9dita de ritmos<\/strong><br><br>La propuesta musical de &#8220;D\u00f3nde est\u00e1s MY LOVE&#8221; es audaz y refrescante. Mat\u00edas Ferreira se atreve a fusionar la sonoridad moderna y vibrante del afro pop con la fuerza r\u00edtmica del candombe, un g\u00e9nero musical tradicional uruguayo que lleva en su sangre desde la infancia. Esta fusi\u00f3n no es simplemente una yuxtaposici\u00f3n de estilos, sino una integraci\u00f3n org\u00e1nica que enriquece la narrativa emocional de la canci\u00f3n. El candombe, con su energ\u00eda contagiosa y su profunda conexi\u00f3n con la cultura uruguaya, aporta una dimensi\u00f3n r\u00edtmica y percusiva que da intensidad a la creaci\u00f3n. El resultado es una experiencia auditiva \u00fanica y memorable que desaf\u00eda las convencional, creando un sonido distintivo.<br><br><br><strong>El significado profundo de la fusi\u00f3n con el Candombe<\/strong><br><br>La incorporaci\u00f3n del candombe en &#8220;D\u00f3nde est\u00e1s MY LOVE&#8221;, es una declaraci\u00f3n de identidad cultural y un reflejo de los valores personales de Mat\u00edas Ferreira.&nbsp;<br><br><em>&#8220;Esta canci\u00f3n me pone muy feliz porque es una transformaci\u00f3n en mi mundo musical, porque estoy creando una fusi\u00f3n con Candombe. El Candombe yo lo traigo en la sangre desde muy ni\u00f1o, porque en Uruguay es muy importante para nosotros, ya que es s\u00edmbolo de uni\u00f3n y familia, y eso es lo que quiero hacer con mi m\u00fasica. Que juntos seamos una Gran Tribu&#8221;<\/em>, dijo el artista, quien se siente muy agradecido por el apoyo recibido en este nuevo camino por &#8220;<strong>Amigos del Candombe<\/strong>&#8220;, una comparsa uruguaya en Madrid, que lo&nbsp;hizo reencontrarse con sus ra\u00edces.<br><br><br><strong>El video musical: Una colaboraci\u00f3n estelar con Cristina Porta<\/strong><br><br>El videoclip de &#8220;D\u00f3nde est\u00e1s MY LOVE&#8221; eleva a\u00fan m\u00e1s el impacto de la canci\u00f3n. &nbsp;La colaboraci\u00f3n con Cristina Porta, a\u00f1ade una capa extra de inter\u00e9s y visualmente enriquece la experiencia de la canci\u00f3n. La presencia de Porta en el video contribuye a la narrativa visual, aportando matices y una perspectiva adicional a la relaci\u00f3n de amor reflejada en la letra. El video, con su cuidadosa direcci\u00f3n y est\u00e9tica visual, complementa la emotividad de la canci\u00f3n, creando una experiencia audiovisual completa.<br><br>https:\/\/youtu.be\/wMFX5VXhEns?si=5lL6-E-EcrKtPG3g<br><br><br><strong>&#8220;D\u00f3nde est\u00e1s MY LOVE&#8221;: Cap\u00edtulo dos de un \u00e1lbum esperado<\/strong><br><br>&#8220;D\u00f3nde est\u00e1s MY LOVE&#8221; no es una canci\u00f3n aislada; sino el segundo cap\u00edtulo de un \u00e1lbum que promete ser tan innovador y emocionante como su primer anticipo. &nbsp;Este nuevo trabajo discogr\u00e1fico de Mat\u00edas Ferreira se presenta como una exploraci\u00f3n musical ambiciosa, donde la experimentaci\u00f3n y la b\u00fasqueda de nuevos sonidos se fusionan con la expresi\u00f3n de emociones profundas.&nbsp;<br><br><br><strong>M\u00e1s all\u00e1 de la m\u00fasica: Un artista completo<\/strong><br><br>Mat\u00edas Ferreira se presenta como un artista completo, capaz de conjugar su talento musical con una visi\u00f3n integral. Su compromiso con la innovaci\u00f3n, su conexi\u00f3n con sus ra\u00edces culturales y su capacidad para transmitir emociones profundas a trav\u00e9s de su m\u00fasica lo convierten en una figura clave en la escena musical actual. Su trayectoria lo posiciona como una promesa de futuras sorpresas y creaciones que seguramente seguir\u00e1n conquistando el mundo entero.&nbsp;<br><br>Mat\u00edas est\u00e1 construyendo un legado musical s\u00f3lido, basado en la innovaci\u00f3n, la autenticidad y la conexi\u00f3n profunda con sus ra\u00edces. Su capacidad para fusionar g\u00e9neros musicales con el Candombe, sin desvirtuar su esencia, lo posicionan como un artista con un futuro brillante, y ya hay quienes ya lo llaman &#8220;<strong>El Nuevo Rey del Candombe<\/strong>&#8220;.<br><br>Ferreira y sus tamborileros representan una nueva camada de artistas que combinan el respeto por la tradici\u00f3n con un enfoque m\u00e1s contempor\u00e1neo, abierto a fusiones y colaboraciones. Si mantiene esa coherencia art\u00edstica y sigue profundizando en el legado del candombe, no ser\u00eda exagerado pensar que podr\u00eda ser visto, en un futuro no tan lejano, como el heredero natural de ese trono simb\u00f3lico.<br><br>&nbsp;<strong>Redes:<\/strong><br>&nbsp;&nbsp;<a href=\"https:\/\/www.instagram.com\/matiasferreiraa\/\" target=\"_blank\" rel=\"noreferrer noopener\">Instagram<\/a>&nbsp;|&nbsp;<a href=\"https:\/\/www.youtube.com\/@soymatiasferreira\" target=\"_blank\" rel=\"noreferrer noopener\">YouTube<\/a>&nbsp;|&nbsp;<a href=\"https:\/\/open.spotify.com\/intl-es\/artist\/6ewTENQyk91FYHlNUxdnOG?si=OfF6zF6qT46ovkaQdeZ7SA\" target=\"_blank\" rel=\"noreferrer noopener\">Spotify<\/a><\/td><\/tr><tr><td><img decoding=\"async\" width=\"564\" src=\"https:\/\/mcusercontent.com\/995ee82570770b11504751bef\/images\/156016bd-9e6d-9d64-87e4-24633115c83b.jpg\" alt=\"\"><img decoding=\"async\" width=\"564\" src=\"https:\/\/mcusercontent.com\/995ee82570770b11504751bef\/images\/8c8ec00f-d91f-38e3-68b7-f12059a84de6.jpg\" alt=\"\"><img decoding=\"async\" width=\"564\" src=\"https:\/\/mcusercontent.com\/995ee82570770b11504751bef\/images\/5a7f2a13-5c64-a772-9f1f-f496ab7011c4.jpg\" alt=\"\"><img decoding=\"async\" width=\"564\" src=\"https:\/\/mcusercontent.com\/995ee82570770b11504751bef\/images\/07ea6c21-e983-1255-f4ad-296ba71ed8e4.jpg\" alt=\"\"><br><a class=\"\" href=\"https:\/\/youtu.be\/wMFX5VXhEns?si=5lL6-E-EcrKtPG3g\"><\/a>Mat\u00edas Ferreira ft Cristina Porta &#8211; D\u00f3nde est\u00e1s MY LOVE ? (Official video) Cap 2<\/td><\/tr><tr><td><\/td><\/tr><\/tbody><\/table><\/figure>\n\n\n\n<p><\/p>\n","protected":false},"excerpt":{"rendered":"<p>El nuevo sencillo de&nbsp;Mat\u00edas Ferreira, &#8220;D\u00f3nde est\u00e1s MY LOVE&#8221;, es una verdadera declaraci\u00f3n art\u00edstica. Se trata de una emotiva canci\u00f3n que explora la b\u00fasqueda del amor verdadero en un mundo&hellip; <\/p>\n","protected":false},"author":11,"featured_media":204859,"comment_status":"closed","ping_status":"open","sticky":false,"template":"","format":"standard","meta":{"footnotes":""},"categories":[19],"tags":[],"class_list":["post-204858","post","type-post","status-publish","format-standard","has-post-thumbnail","hentry","category-espectaculos"],"_links":{"self":[{"href":"https:\/\/corrientesdetarde.com\/index.php\/wp-json\/wp\/v2\/posts\/204858","targetHints":{"allow":["GET"]}}],"collection":[{"href":"https:\/\/corrientesdetarde.com\/index.php\/wp-json\/wp\/v2\/posts"}],"about":[{"href":"https:\/\/corrientesdetarde.com\/index.php\/wp-json\/wp\/v2\/types\/post"}],"author":[{"embeddable":true,"href":"https:\/\/corrientesdetarde.com\/index.php\/wp-json\/wp\/v2\/users\/11"}],"replies":[{"embeddable":true,"href":"https:\/\/corrientesdetarde.com\/index.php\/wp-json\/wp\/v2\/comments?post=204858"}],"version-history":[{"count":1,"href":"https:\/\/corrientesdetarde.com\/index.php\/wp-json\/wp\/v2\/posts\/204858\/revisions"}],"predecessor-version":[{"id":204860,"href":"https:\/\/corrientesdetarde.com\/index.php\/wp-json\/wp\/v2\/posts\/204858\/revisions\/204860"}],"wp:featuredmedia":[{"embeddable":true,"href":"https:\/\/corrientesdetarde.com\/index.php\/wp-json\/wp\/v2\/media\/204859"}],"wp:attachment":[{"href":"https:\/\/corrientesdetarde.com\/index.php\/wp-json\/wp\/v2\/media?parent=204858"}],"wp:term":[{"taxonomy":"category","embeddable":true,"href":"https:\/\/corrientesdetarde.com\/index.php\/wp-json\/wp\/v2\/categories?post=204858"},{"taxonomy":"post_tag","embeddable":true,"href":"https:\/\/corrientesdetarde.com\/index.php\/wp-json\/wp\/v2\/tags?post=204858"}],"curies":[{"name":"wp","href":"https:\/\/api.w.org\/{rel}","templated":true}]}}