{"id":204863,"date":"2025-04-29T10:50:50","date_gmt":"2025-04-29T13:50:50","guid":{"rendered":"https:\/\/corrientesdetarde.com\/?p=204863"},"modified":"2025-04-29T10:51:06","modified_gmt":"2025-04-29T13:51:06","slug":"el-consejo-del-salario-se-reune-por-primera-vez-en-el-ano-para-fijar-el-nuevo-salario-minimo","status":"publish","type":"post","link":"https:\/\/corrientesdetarde.com\/index.php\/economia\/el-consejo-del-salario-se-reune-por-primera-vez-en-el-ano-para-fijar-el-nuevo-salario-minimo\/","title":{"rendered":"El Consejo del Salario se re\u00fane por primera vez en el a\u00f1o para fijar el nuevo Salario M\u00ednimo"},"content":{"rendered":"\n<p>El Gobierno de Javier Milei convoc\u00f3 para este martes al Consejo Nacional del Empleo, la Productividad y el Salario M\u00ednimo, Vital y M\u00f3vil. Deber\u00e1 discutir la actualizaci\u00f3n del Salario M\u00ednimo (SMVM) y la fijar los nuevos montos en concepto de prestaciones por desempleo.<\/p>\n\n\n\n<p>A partir de las 10 de la ma\u00f1ana las c\u00e1maras empresarias, las tres centrales sindicales y representantes del Gobierno comenzar\u00e1n a debatir estos temas. Tendr\u00e1n en cuenta la aceleraci\u00f3n inflacionaria de marzo, el aumento en el precio del d\u00f3lar oficial, y la inflaci\u00f3n del 4% mensual, muy superior a los \u00faltimos ajustes acordados en la mayor\u00eda de las paritarias.<\/p>\n\n\n\n<p>Para acordar posiciones y presentar propuestas similares, se reunieron en las \u00faltimas horas la CGT y las dos CTA. Hay acuerdo en que el reclamo principal es un Salario M\u00ednimo, Vital y M\u00f3vil digno, teniendo en cuenta que durante el Gobierno de Javier Milei se perdi\u00f3 un 30% de poder adquisitivo, seg\u00fan estimaciones de la CTA Aut\u00f3noma.<\/p>\n\n\n\n<p><strong>Desde cu\u00e1ndo no se aumenta el Salario M\u00ednimo<\/strong><\/p>\n\n\n\n<p>La \u00faltima actualizaci\u00f3n del SMVM fue en diciembre de 2024. El Poder Ejecutivo fij\u00f3 los nuevos montos mediante un decreto, ya que no se lleg\u00f3 a un acuerdo entre el sector empresarial y las organizaciones sindicales.<\/p>\n\n\n\n<p>En ese momento se llev\u00f3 el SMVM a un piso de $279.718 para los trabajadores mensualizados con jornada legal completa a partir del 1 de diciembre. Complementaron los ingresos mediante incrementos escalonados para los meses siguientes: $286.711 en enero de 2025, $292.446 en febrero y $296.832 en marzo.<\/p>\n\n\n\n<p><strong>Valores por hora de los trabajadores jornalizados<\/strong><\/p>\n\n\n\n<p>Diciembre:$1.399<br>Enero: $1.434<br>Febrero: $1.462<br>Marzo: $1.484<\/p>\n\n\n\n<p><strong>Las variables que dependen del Salario M\u00ednimo<\/strong><\/p>\n\n\n\n<p>Del SMVM dependen el piso de los haberes jubilatorios y el valor del seguro por desempleo. Tambi\u00e9n en el c\u00e1lculo de las Asignaciones y del impuesto a las Ganancias.<\/p>\n","protected":false},"excerpt":{"rendered":"<p>El Gobierno de Javier Milei convoc\u00f3 para este martes al Consejo Nacional del Empleo, la Productividad y el Salario M\u00ednimo, Vital y M\u00f3vil. Deber\u00e1 discutir la actualizaci\u00f3n del Salario M\u00ednimo&hellip; <\/p>\n","protected":false},"author":1,"featured_media":204864,"comment_status":"closed","ping_status":"open","sticky":false,"template":"","format":"standard","meta":{"footnotes":""},"categories":[20],"tags":[],"class_list":["post-204863","post","type-post","status-publish","format-standard","has-post-thumbnail","hentry","category-economia"],"_links":{"self":[{"href":"https:\/\/corrientesdetarde.com\/index.php\/wp-json\/wp\/v2\/posts\/204863","targetHints":{"allow":["GET"]}}],"collection":[{"href":"https:\/\/corrientesdetarde.com\/index.php\/wp-json\/wp\/v2\/posts"}],"about":[{"href":"https:\/\/corrientesdetarde.com\/index.php\/wp-json\/wp\/v2\/types\/post"}],"author":[{"embeddable":true,"href":"https:\/\/corrientesdetarde.com\/index.php\/wp-json\/wp\/v2\/users\/1"}],"replies":[{"embeddable":true,"href":"https:\/\/corrientesdetarde.com\/index.php\/wp-json\/wp\/v2\/comments?post=204863"}],"version-history":[{"count":1,"href":"https:\/\/corrientesdetarde.com\/index.php\/wp-json\/wp\/v2\/posts\/204863\/revisions"}],"predecessor-version":[{"id":204865,"href":"https:\/\/corrientesdetarde.com\/index.php\/wp-json\/wp\/v2\/posts\/204863\/revisions\/204865"}],"wp:featuredmedia":[{"embeddable":true,"href":"https:\/\/corrientesdetarde.com\/index.php\/wp-json\/wp\/v2\/media\/204864"}],"wp:attachment":[{"href":"https:\/\/corrientesdetarde.com\/index.php\/wp-json\/wp\/v2\/media?parent=204863"}],"wp:term":[{"taxonomy":"category","embeddable":true,"href":"https:\/\/corrientesdetarde.com\/index.php\/wp-json\/wp\/v2\/categories?post=204863"},{"taxonomy":"post_tag","embeddable":true,"href":"https:\/\/corrientesdetarde.com\/index.php\/wp-json\/wp\/v2\/tags?post=204863"}],"curies":[{"name":"wp","href":"https:\/\/api.w.org\/{rel}","templated":true}]}}