{"id":204870,"date":"2025-04-29T13:23:25","date_gmt":"2025-04-29T16:23:25","guid":{"rendered":"https:\/\/corrientesdetarde.com\/?p=204870"},"modified":"2025-04-29T13:23:28","modified_gmt":"2025-04-29T16:23:28","slug":"la-camara-de-diputados-destaco-el-rol-del-hospital-veterinario-de-la-unne","status":"publish","type":"post","link":"https:\/\/corrientesdetarde.com\/index.php\/actualidad\/la-camara-de-diputados-destaco-el-rol-del-hospital-veterinario-de-la-unne\/","title":{"rendered":"La C\u00e1mara de Diputados destac\u00f3 el rol del Hospital Veterinario de la UNNE\u00a0"},"content":{"rendered":"\n<p><strong>El presidente Pedro Cassani destac\u00f3 la importancia de poner la ciencia al servicio de la comunidad, con esmero y dedicaci\u00f3n de cada uno de los profesionales que all\u00ed prestan servicio. La decana Fabiana Cipolini y el director Roberto Cardozo agradecieron la distinci\u00f3n. \u201cTenemos un hospital modelo para la regi\u00f3n y el pa\u00eds\u201d, dijo el legislador tras recorrer las instalaciones.<\/strong><\/p>\n\n\n\n<p>El presidente de la C\u00e1mara de Diputados Pedro Cassani visit\u00f3 el&nbsp;<strong>Hospital Veterinario Dr. Esteban Iba\u00f1ez,&nbsp;<\/strong>el marco del reconocimiento a la labor llevada adelante por este establecimiento sanitario perteneciente a la Facultad de Ciencias Veterinarias de la UNNE, \u201cespacio en el que confluyen la ciencia y la humanidad, para brindar un servicio de excelencia y trato humanitario (emp\u00e1tico) con la comunidad de la regi\u00f3n que acude en b\u00fasqueda de buena salud de sus animales\u201d, tal el proyecto de Declaraci\u00f3n de su autor\u00eda.<\/p>\n\n\n\n<p>El titular de Diputados fue recibido por la Decana de la&nbsp; Facultad de Ciencias Veterinarias&nbsp;<strong>Fabiana Cipolini Galarza&nbsp;<\/strong>y el director del hospital<strong>&nbsp;Roberto Oscar Cardozo,<\/strong>&nbsp;entre otros miembros de la comunidad universitaria, quienes mostraron las instalaciones con sus respectivos servicios a la comunidad.<\/p>\n\n\n\n<p>\u201cEn esta fecha tan especial, venimos a visitar a este lugar emblem\u00e1tico para los peque\u00f1os y grandes animales, de la regi\u00f3n. Este es el lugar, que representa una esperanza para la comunidad que acude en b\u00fasqueda de excelencia en el trato y cuidado de sus animales\u201d, coment\u00f3 Cassani a la prensa sobre su presencia en el lugar.<\/p>\n\n\n\n<p>Relat\u00f3 sentirse conmovido ante los relatos de que gente &nbsp;que acude al lugar cuando, en otros establecimientos privados, no encuentran posibilidad de cura o de vida.&nbsp;<strong>\u201c<\/strong>He escuchado&nbsp; a muchos correntinos decir que: este el lugar de una oportunidad m\u00e1s, una posibilidad de volver a la buena salud, a trav\u00e9s de la ciencia\u201d, remarc\u00f3.<\/p>\n\n\n\n<p>Record\u00f3 Cassani que hace mucho tiempoen la C\u00e1mara de Diputados, se viene tratando proyectos de ley para crear un Hospital Veterinario, bajo la inspiraci\u00f3n de este nosocomio \u201cmodelo\u201d, pero nunca pudo llegar a la sanci\u00f3n. \u201cLo intentamos en 2013, en el 2020 y tambi\u00e9n antes. Siempre en Diputados tuvo media sanci\u00f3n\u201d, enfatiz\u00f3. &nbsp;<\/p>\n\n\n\n<p>\u201cEn el d\u00eda del Animal, vinimos hasta aqu\u00ed, al espacio donde confluyen vecinos de toda la ciudad y la provincia, ONG, rescatistas, en el marco del CAMBIO CULTURAL donde los animales se ganaron la calificaci\u00f3n de M\u00c1S QUE AMIGOS, FAMILIA\u201d, se\u00f1al\u00f3 el legislador.<\/p>\n\n\n\n<p>\u201cSepan y est\u00e9n orgullosos del valor que le damos a cada profesional, a cada t\u00e9cnico, a cada administrativo\u2026 que silenciosamente, d\u00eda a d\u00eda, ponen al servicio de la sociedad todos sus conocimientos y empat\u00eda\u201d, concluy\u00f3 Cassani quien estuvo acompa\u00f1ado por la diputada Luc\u00eda Centuri\u00f3n.&nbsp;<\/p>\n\n\n\n<p>Se entreg\u00f3 un cuadro que testimonia el reconocimiento y un busto del Gral San Mart\u00edn en miniatura para la sala de espera del nosocomio de salud.&nbsp;<\/p>\n\n\n\n<p><strong>Servicios de calidad<\/strong><\/p>\n\n\n\n<p>La otra semana, se aprobar\u00e1 el proyecto de Declaraci\u00f3n formal de \u201creconocimiento\u201d teniendo en cuenta cada uno de los servicios que presta el Hospital Escuela Veterinario \u201cEsteban Ib\u00e1\u00f1ez\u201d de la Facultad de Ciencias Veterinarias de la UNNE, el cual recibe aproximadamente 30 o 40 pacientes por d\u00eda.<\/p>\n\n\n\n<p>En el texto parlamentario se destacan la creaci\u00f3n de un Banco de Sangre Animal, -que ahora lleva adelante la campa\u00f1a denominada \u201cTu perro puede ser un h\u00e9roe\u201d, buscando sumar mascotas al plantel de donantes- y de la Cl\u00ednica exclusiva para gatos, donde por semana brindan hasta 30 atenciones a bajo costo.<\/p>\n\n\n\n<p>\u201cEl Hospital Escuela Veterinario desarrolla actividades de ense\u00f1anza de la cl\u00ednica veterinaria y constituye una base de apoyo para las disciplinas profesionalizantes incluidas en la curr\u00edcula de la carrera de Ciencias Veterinarias. Entre sus objetivos generales se destacan la promoci\u00f3n de la salud y el bienestar animal, mediante la prestaci\u00f3n de servicios profesionales en las \u00e1reas de grandes y peque\u00f1os animales, con responsabilidad y compromiso social\u201d, se\u00f1al\u00f3 la decana Cipolini.<\/p>\n\n\n\n<p>\u201cEl establecimiento proporciona el \u00e1mbito apropiado para la construcci\u00f3n de conocimientos, actitudes, habilidades y destrezas necesarias para el desempe\u00f1o profesional en el \u00e1rea de salud; fomentando el entrenamiento, perfeccionamiento y posibilidades para la investigaci\u00f3n para docentes, alumnos y egresados; adem\u00e1s de la investigaci\u00f3n cient\u00edfica que desarrolla\u201d, acot\u00f3.<\/p>\n\n\n\n<p>Tambi\u00e9n posee un Laboratorio de Tecnolog\u00eda de los Alimentos, donde la comunidad puede tener un producto alimenticio ajustado a los est\u00e1ndares de excelencia.<\/p>\n\n\n\n<p>Desde la C\u00e1mara de Diputados, mas all\u00e1 de las ponderaciones educativas y cient\u00edficas, se destaca el valor que posee para la comunidad, que encuentra en sus instalaciones una atenci\u00f3n de excelencia, tanto para el paciente como para su familia.<\/p>\n\n\n\n<p><strong>Una rica historia<\/strong><\/p>\n\n\n\n<p>\u201cLa idea del Hospital Veterinario se gest\u00f3 en la d\u00e9cada del 60, y desde entonces ha atravesado un proceso constante de desarrollo y ampliaci\u00f3n, hasta convertirse en el establecimiento de referencia que hoy se encuentra al servicio de la provincia y del pa\u00eds. Es as\u00ed que durante el decanato del Dr. Horacio Ferm\u00edn Mayer se redacta y aprueba el primer reglamento de funcionamiento del Hospital de Cl\u00ednicas Veterinario, con 59 art\u00edculos y la direcci\u00f3n del Dr. Esteban Ib\u00e1\u00f1ez\u201d, se recuerda en la iniciativa legislativa.<\/p>\n\n\n\n<p>\u201cA mediados de la d\u00e9cada del 70, surge una idea propuesta por el doctor Esteban Ib\u00e1\u00f1ez y algunos docentes colaboradores de poder contar en la Facultad de Ciencias Veterinarias con un edificio que aloje quir\u00f3fanos para grandes y peque\u00f1os animales, juntamente con sus dependencias anexas como laboratorio, farmacia y sanitarios\u201d, agrega.<\/p>\n\n\n\n<p>\u201cEsta idea se transform\u00f3 en proyecto durante la gesti\u00f3n del decano Dr. Edmundo Resoagli y en el a\u00f1o 1979 se inaugur\u00f3 el edificio, que en aquel entonces estaba constituido por un quir\u00f3fano para grandes animales, dos quir\u00f3fanos reducidos para peque\u00f1os animales m\u00e1s sus \u00e1reas complementarias\u201d.<\/p>\n\n\n\n<p>\u201cPosterior a su inauguraci\u00f3n, se detectan algunos inconvenientes en la sala de quir\u00f3fano de grandes animales, la cual no pose\u00eda la suficiente altura de cielorraso para poder trabajar con grandes animales de manera segura. El edificio entonces, se comenz\u00f3 a utilizar para atender a peque\u00f1os animales y para dar clases\u201d.<\/p>\n\n\n\n<p>En el a\u00f1o 1987, se realiza un homenaje a varios profesores fallecidos designando con sus nombres a las siguientes aulas:<\/p>\n\n\n\n<p>-Hospital de Cl\u00ednicas de Peque\u00f1os animales Dr. Higinio Primo Schiffo<\/p>\n\n\n\n<p>-Hospital de Cl\u00ednicas de Grandes animales Dr. Esteban Adolfo Iba\u00f1ez<\/p>\n\n\n\n<p>-Aula de Patolog\u00eda Medica Dr Luciano Acosta<\/p>\n\n\n\n<p>-Aula de Patolog\u00eda Quir\u00fargica Dr. Roberto Dante Lori<\/p>\n\n\n\n<p>\u201cPosteriormente, ya m\u00e1s cercano a nuestro tiempo el Hospital Veterinario recibe el nombre de Hospital Escuela Veterinario, ya que este espacio universitario desempe\u00f1a un rol importante en la formaci\u00f3n de futuros veterinarios y es as\u00ed que a\u00f1os m\u00e1s tarde se desarrollan obras edilicias para albergar el \u00e1rea de peque\u00f1os y de grandes animales&nbsp; dentro del mismo campus pero en espacio diferentes cumpliendo as\u00ed con los est\u00e1ndares de la acreditaci\u00f3n de la Carrera de Ciencias Veterinarias&nbsp; a nivel universitario nacional\u201d, concluye el texto.<\/p>\n\n\n\n<p>La facultad cuenta con un Centro de Egresados activo que colabora permanentemente en las distintas necesidades.<\/p>\n\n\n\n<p><strong>CAMBIO CULTURAL: DE MASCOTAS A FAMILIA<\/strong><\/p>\n\n\n\n<p>\u201cLas mascotas (perros, gatos y otros animales peque\u00f1os) tienen un rol preponderante en la vida de las personas. Sin dudas: quien posee un&nbsp; animalito en su hogar, sabe que su bienestar es tan importante como el del resto de la familia\u201d, se\u00f1ala el proyecto de Pedro Cassani.<\/p>\n\n\n\n<p>\u201cEs un cambio cultural, que lo reflejan estad\u00edsticas y accionar de gobiernos y sociedad en todo el mundo. No en vano, han proliferado en los \u00faltimos tiempos: los Cementerios de animales, donde Corrientes tiene un establecimiento privado de cremaci\u00f3n y homenaje p\u00f3stumo; y la presencia de mascotas en hospitales y sanatorios con fines terap\u00e9uticos, tem\u00e1tica sobre la cual se analiza&nbsp; un proyecto de ley en la comisi\u00f3n de Salud P\u00fablica de esta C\u00e1mara\u201d, se recuerda en el expediente legislativo.<\/p>\n\n\n\n<p>Se menciona adem\u00e1s un estudio de \u201cKantar Insights\u201d el cual&nbsp; muestra que el 94% de los due\u00f1os de mascotas en Argentina las consideran parte de la familia, reflejando un cambio cultural profundo. Esta \u00abhumanizaci\u00f3n de las mascotas\u00bb se alinea con tendencias en Europa y Estados Unidos, donde los hogares se llenan de animales mientras las cunas se vac\u00edan.<\/p>\n\n\n\n<p>Seg\u00fan Julieta Dejean de Kantar, esta tendencia a humanizar a las mascotas responde a una reasignaci\u00f3n de roles. Las mascotas, en ocasiones se convierten en compa\u00f1eras para \u201cformar el nido\u00bb, especialmente entre quienes optan por no tener hijos o postergar su paternidad.<\/p>\n\n\n\n<p>\u201cDe ah\u00ed la importancia de un Hospital Veterinario, que orgullosamente en la provincia de Corrientes, lo poseemos\u201d, concluye el texto que se pondr\u00e1 a consideraci\u00f3n en la pr\u00f3xima sesi\u00f3n.<\/p>\n\n\n\n<figure class=\"wp-block-image size-large\"><img loading=\"lazy\" decoding=\"async\" width=\"1024\" height=\"682\" src=\"https:\/\/corrientesdetarde.com\/wp-content\/uploads\/2025\/04\/100-1024x682.jpg\" alt=\"\" class=\"wp-image-204871\" srcset=\"https:\/\/corrientesdetarde.com\/wp-content\/uploads\/2025\/04\/100-1024x682.jpg 1024w, https:\/\/corrientesdetarde.com\/wp-content\/uploads\/2025\/04\/100-300x200.jpg 300w, https:\/\/corrientesdetarde.com\/wp-content\/uploads\/2025\/04\/100-768x512.jpg 768w, https:\/\/corrientesdetarde.com\/wp-content\/uploads\/2025\/04\/100.jpg 1280w\" sizes=\"auto, (max-width: 1024px) 100vw, 1024px\" \/><\/figure>\n\n\n\n<figure class=\"wp-block-image size-large\"><img loading=\"lazy\" decoding=\"async\" width=\"1024\" height=\"682\" src=\"https:\/\/corrientesdetarde.com\/wp-content\/uploads\/2025\/04\/AAA-000-1024x682.jpg\" alt=\"\" class=\"wp-image-204879\" srcset=\"https:\/\/corrientesdetarde.com\/wp-content\/uploads\/2025\/04\/AAA-000-1024x682.jpg 1024w, https:\/\/corrientesdetarde.com\/wp-content\/uploads\/2025\/04\/AAA-000-300x200.jpg 300w, https:\/\/corrientesdetarde.com\/wp-content\/uploads\/2025\/04\/AAA-000-768x512.jpg 768w, https:\/\/corrientesdetarde.com\/wp-content\/uploads\/2025\/04\/AAA-000.jpg 1280w\" sizes=\"auto, (max-width: 1024px) 100vw, 1024px\" \/><\/figure>\n\n\n\n<figure class=\"wp-block-image size-large\"><img loading=\"lazy\" decoding=\"async\" width=\"1024\" height=\"682\" src=\"https:\/\/corrientesdetarde.com\/wp-content\/uploads\/2025\/04\/10-1-1024x682.jpg\" alt=\"\" class=\"wp-image-204877\" srcset=\"https:\/\/corrientesdetarde.com\/wp-content\/uploads\/2025\/04\/10-1-1024x682.jpg 1024w, https:\/\/corrientesdetarde.com\/wp-content\/uploads\/2025\/04\/10-1-300x200.jpg 300w, https:\/\/corrientesdetarde.com\/wp-content\/uploads\/2025\/04\/10-1-768x512.jpg 768w, https:\/\/corrientesdetarde.com\/wp-content\/uploads\/2025\/04\/10-1.jpg 1280w\" sizes=\"auto, (max-width: 1024px) 100vw, 1024px\" \/><\/figure>\n\n\n\n<figure class=\"wp-block-image size-large\"><img loading=\"lazy\" decoding=\"async\" width=\"1024\" height=\"682\" src=\"https:\/\/corrientesdetarde.com\/wp-content\/uploads\/2025\/04\/07-2-1024x682.jpg\" alt=\"\" class=\"wp-image-204878\" srcset=\"https:\/\/corrientesdetarde.com\/wp-content\/uploads\/2025\/04\/07-2-1024x682.jpg 1024w, https:\/\/corrientesdetarde.com\/wp-content\/uploads\/2025\/04\/07-2-300x200.jpg 300w, https:\/\/corrientesdetarde.com\/wp-content\/uploads\/2025\/04\/07-2-768x512.jpg 768w, https:\/\/corrientesdetarde.com\/wp-content\/uploads\/2025\/04\/07-2.jpg 1280w\" sizes=\"auto, (max-width: 1024px) 100vw, 1024px\" \/><\/figure>\n\n\n\n<figure class=\"wp-block-image size-large\"><img loading=\"lazy\" decoding=\"async\" width=\"1024\" height=\"682\" src=\"https:\/\/corrientesdetarde.com\/wp-content\/uploads\/2025\/04\/06-1-1024x682.jpg\" alt=\"\" class=\"wp-image-204875\" srcset=\"https:\/\/corrientesdetarde.com\/wp-content\/uploads\/2025\/04\/06-1-1024x682.jpg 1024w, https:\/\/corrientesdetarde.com\/wp-content\/uploads\/2025\/04\/06-1-300x200.jpg 300w, https:\/\/corrientesdetarde.com\/wp-content\/uploads\/2025\/04\/06-1-768x512.jpg 768w, https:\/\/corrientesdetarde.com\/wp-content\/uploads\/2025\/04\/06-1.jpg 1280w\" sizes=\"auto, (max-width: 1024px) 100vw, 1024px\" \/><\/figure>\n\n\n\n<figure class=\"wp-block-image size-full\"><img loading=\"lazy\" decoding=\"async\" width=\"816\" height=\"655\" src=\"https:\/\/corrientesdetarde.com\/wp-content\/uploads\/2025\/04\/05.jpg\" alt=\"\" class=\"wp-image-204872\" srcset=\"https:\/\/corrientesdetarde.com\/wp-content\/uploads\/2025\/04\/05.jpg 816w, https:\/\/corrientesdetarde.com\/wp-content\/uploads\/2025\/04\/05-300x241.jpg 300w, https:\/\/corrientesdetarde.com\/wp-content\/uploads\/2025\/04\/05-768x616.jpg 768w\" sizes=\"auto, (max-width: 816px) 100vw, 816px\" \/><\/figure>\n\n\n\n<figure class=\"wp-block-image size-large\"><img loading=\"lazy\" decoding=\"async\" width=\"1024\" height=\"682\" src=\"https:\/\/corrientesdetarde.com\/wp-content\/uploads\/2025\/04\/03-1-1024x682.jpg\" alt=\"\" class=\"wp-image-204873\" srcset=\"https:\/\/corrientesdetarde.com\/wp-content\/uploads\/2025\/04\/03-1-1024x682.jpg 1024w, https:\/\/corrientesdetarde.com\/wp-content\/uploads\/2025\/04\/03-1-300x200.jpg 300w, https:\/\/corrientesdetarde.com\/wp-content\/uploads\/2025\/04\/03-1-768x512.jpg 768w, https:\/\/corrientesdetarde.com\/wp-content\/uploads\/2025\/04\/03-1.jpg 1280w\" sizes=\"auto, (max-width: 1024px) 100vw, 1024px\" \/><\/figure>\n\n\n\n<figure class=\"wp-block-image size-large\"><img loading=\"lazy\" decoding=\"async\" width=\"1024\" height=\"682\" src=\"https:\/\/corrientesdetarde.com\/wp-content\/uploads\/2025\/04\/01-1-1024x682.jpg\" alt=\"\" class=\"wp-image-204876\" srcset=\"https:\/\/corrientesdetarde.com\/wp-content\/uploads\/2025\/04\/01-1-1024x682.jpg 1024w, https:\/\/corrientesdetarde.com\/wp-content\/uploads\/2025\/04\/01-1-300x200.jpg 300w, https:\/\/corrientesdetarde.com\/wp-content\/uploads\/2025\/04\/01-1-768x512.jpg 768w, https:\/\/corrientesdetarde.com\/wp-content\/uploads\/2025\/04\/01-1.jpg 1280w\" sizes=\"auto, (max-width: 1024px) 100vw, 1024px\" \/><\/figure>\n","protected":false},"excerpt":{"rendered":"<p>El presidente Pedro Cassani destac\u00f3 la importancia de poner la ciencia al servicio de la comunidad, con esmero y dedicaci\u00f3n de cada uno de los profesionales que all\u00ed prestan servicio.&hellip; <\/p>\n","protected":false},"author":8,"featured_media":204874,"comment_status":"closed","ping_status":"open","sticky":false,"template":"","format":"standard","meta":{"footnotes":""},"categories":[23],"tags":[],"class_list":["post-204870","post","type-post","status-publish","format-standard","has-post-thumbnail","hentry","category-actualidad"],"_links":{"self":[{"href":"https:\/\/corrientesdetarde.com\/index.php\/wp-json\/wp\/v2\/posts\/204870","targetHints":{"allow":["GET"]}}],"collection":[{"href":"https:\/\/corrientesdetarde.com\/index.php\/wp-json\/wp\/v2\/posts"}],"about":[{"href":"https:\/\/corrientesdetarde.com\/index.php\/wp-json\/wp\/v2\/types\/post"}],"author":[{"embeddable":true,"href":"https:\/\/corrientesdetarde.com\/index.php\/wp-json\/wp\/v2\/users\/8"}],"replies":[{"embeddable":true,"href":"https:\/\/corrientesdetarde.com\/index.php\/wp-json\/wp\/v2\/comments?post=204870"}],"version-history":[{"count":1,"href":"https:\/\/corrientesdetarde.com\/index.php\/wp-json\/wp\/v2\/posts\/204870\/revisions"}],"predecessor-version":[{"id":204880,"href":"https:\/\/corrientesdetarde.com\/index.php\/wp-json\/wp\/v2\/posts\/204870\/revisions\/204880"}],"wp:featuredmedia":[{"embeddable":true,"href":"https:\/\/corrientesdetarde.com\/index.php\/wp-json\/wp\/v2\/media\/204874"}],"wp:attachment":[{"href":"https:\/\/corrientesdetarde.com\/index.php\/wp-json\/wp\/v2\/media?parent=204870"}],"wp:term":[{"taxonomy":"category","embeddable":true,"href":"https:\/\/corrientesdetarde.com\/index.php\/wp-json\/wp\/v2\/categories?post=204870"},{"taxonomy":"post_tag","embeddable":true,"href":"https:\/\/corrientesdetarde.com\/index.php\/wp-json\/wp\/v2\/tags?post=204870"}],"curies":[{"name":"wp","href":"https:\/\/api.w.org\/{rel}","templated":true}]}}