{"id":204881,"date":"2025-04-29T13:31:15","date_gmt":"2025-04-29T16:31:15","guid":{"rendered":"https:\/\/corrientesdetarde.com\/?p=204881"},"modified":"2025-04-29T13:31:20","modified_gmt":"2025-04-29T16:31:20","slug":"el-pro-confia-en-alcanzar-un-acuerdo-con-lla-en-la-provincia-parece-que-hubo-un-aprendizaje-de-karina-milei","status":"publish","type":"post","link":"https:\/\/corrientesdetarde.com\/index.php\/politica\/el-pro-confia-en-alcanzar-un-acuerdo-con-lla-en-la-provincia-parece-que-hubo-un-aprendizaje-de-karina-milei\/","title":{"rendered":"El PRO conf\u00eda en alcanzar un acuerdo con LLA en la Provincia: \u201cParece que hubo un aprendizaje de Karina Milei\u201d"},"content":{"rendered":"\n<p>Fernando De Andreis, ex secretario general presidencial y asesor de Mauricio Macri, reclam\u00f3 definiciones concretas de los libertarios en territorio bonaerense.<\/p>\n\n\n\n<p>Tras las\u00a0diferencias en la Ciudad, el\u00a0<strong>macrismo<\/strong> eleva ahora la\u00a0<strong>presi\u00f3n\u00a0<\/strong>sobre\u00a0<strong>La Libertad Avanza<\/strong>\u00a0(LLA) para llegar a un\u00a0<strong>acuerdo electoral<\/strong>\u00a0en la\u00a0<strong>Provincia de Buenos Aires<\/strong>.\u00a0<strong>Fernando De Andreis<\/strong>, ex secretario general de la Presidencia y asesor de Mauricio Macri, se\u00f1al\u00f3 que\u00a0<strong>Karina Milei<\/strong>\u00a0\u201caprendi\u00f3 de la experiencia en Ciudad y pareciera tener otra actitud para con la Provincia\u201d.<\/p>\n\n\n\n<p>La presi\u00f3n del macrismo se sostiene sobre una lectura cr\u00edtica de los movimientos recientes del oficialismo nacional. De Andreis record\u00f3 que \u201cel 8 de enero&nbsp;<strong>Javier Milei<\/strong>&nbsp;dijo&nbsp;<strong>\u2018acuerdo en todo el pa\u00eds o nada\u2019<\/strong>, y al d\u00eda siguiente Mauricio asign\u00f3 a cinco personas para comenzar a dialogar sobre el para qu\u00e9 de una alianza electoral, pero no pas\u00f3 nada\u201d.<\/p>\n\n\n\n<p>Seg\u00fan su visi\u00f3n, en la Ciudad de Buenos Aires \u201cinstruidos por Karina Milei, decidieron no acordar,&nbsp;<strong>decidieron dividir los votos, poner en riesgo el triunfo y las transformaciones<\/strong>, y elevar la tensi\u00f3n\u201d. Para De Andreis, el comportamiento en ese distrito fue un&nbsp;<strong>error pol\u00edtico<\/strong>, y el riesgo de&nbsp;<strong>repetirlo en la provincia ser\u00eda mucho m\u00e1s grave<\/strong>.<\/p>\n\n\n\n<p>\u201cMe parece que hubo un aprendizaje de Karina Milei de la experiencia en la Ciudad y&nbsp;<strong>pareciera tener otra actitud para con la Provincia<\/strong>&nbsp;porque ah\u00ed no pod\u00e9s pavear y no confluir en algo juntos, porque ah\u00ed s\u00ed te gana el peronismo, que gobierna hace 40 a\u00f1os y los resultados en seguridad, infraestructura, son una cat\u00e1strofe\u201d, subray\u00f3, en di\u00e1logo con radio&nbsp;<em>Rivadavia<\/em>.<\/p>\n\n\n\n<p>El di\u00e1logo, de todas formas, no est\u00e1 cerrado. \u201cEstamos ah\u00ed. La conversaci\u00f3n la lleva adelante&nbsp;<strong>Cristian Ritondo<\/strong>\u201d, confirm\u00f3. Pero tambi\u00e9n plante\u00f3 una advertencia: \u201cDespu\u00e9s escuch\u00e1s que en el fondo lo que quieren es cooptar dirigentes, y dec\u00eds: \u2019<strong>eso no es un acuerdo\u2019<\/strong>. Ah\u00ed no hay buena fe\u201d.<\/p>\n\n\n\n<figure class=\"wp-block-image\"><img decoding=\"async\" src=\"https:\/\/tn.com.ar\/resizer\/v2\/el-exsecretario-general-de-la-presidencia-fernando-de-andreis-asesor-clave-de-mauricio-macri-foto-na-BCP5CTH2AJB6HIJN5OOPMMUG2M.jpg?auth=4033e5e0ab8647d6384bec163aa4a89899e2d03ace89172cb2cf7ea4d49d6f6b&amp;width=767\" alt=\"El exsecretario general de la Presidencia Fernando De Andreis, asesor clave de Mauricio Macri. (Foto: NA)\"\/><\/figure>\n\n\n\n<p>En paralelo, apunt\u00f3 a una&nbsp;<strong>falta de reconocimiento<\/strong>&nbsp;por parte del Gobierno nacional hacia el PRO. \u201cLlama mucho la atenci\u00f3n que lo natural no sea tratar bien al que te ayuda. La debilidad pol\u00edtica de Milei es clara, con pocos diputados y senadores.&nbsp;<strong>El presidente hoy est\u00e1 gobernando gracias al trabajo legislativo<\/strong>, por ejemplo, de Silvia Lospennato, que lo ha defendido de todos los embates kirchneristas, sosteniendo los vetos y el acuerdo con el Fondo Monetario. En momentos de debilidad, el que lo sostuvo fue Mauricio Macri, Ritondo, Lospennato y el bloque del PRO\u201d, enfatiz\u00f3.<\/p>\n\n\n\n<p>Si bien reconoci\u00f3 que \u201cla audacia de \u2018Toto\u2019 Caputo y Milei permiti\u00f3 empezar a encontrar el tema de la&nbsp;<strong>inflaci\u00f3n<\/strong>\u201d, sostuvo que \u201cla situaci\u00f3n social es muy compleja\u201d y que \u201cla tarea por delante es infinita\u201d. En ese contexto, consider\u00f3 que \u201c<strong>no es momento para pelear o maltratar al que te ayuda<\/strong>, al que piensa parecido, porque el trabajo que falta es enorme\u201d.<\/p>\n\n\n\n<p>\u201cLa&nbsp;<strong>generosidad de Mauricio Macri y del PRO<\/strong>&nbsp;desde el balotaje hacia un gobierno que no es propio no tiene antecedentes\u201d, asegur\u00f3 De Andreis. Y agreg\u00f3: \u201cPor supuesto que le reconocemos a Milei y Caputo haber evitado la hiperinflaci\u00f3n, pero es tiempo de construir\u201d.<\/p>\n\n\n\n<p>Respecto de las&nbsp;<strong>elecciones legislativas del pr\u00f3ximo 18 de mayo en la Ciudad<\/strong>, critic\u00f3 la candidatura de&nbsp;<strong>Manuel Adorni<\/strong>. \u201cEs una elecci\u00f3n de medio t\u00e9rmino, no es que Adorni va a gobernar la Ciudad. Es una l\u00e1stima. No se entiende por qu\u00e9 lo mandan como legislador\u201d, sostuvo.<\/p>\n\n\n\n<p>Y destac\u00f3 el trabajo de Lospennato, la candidata del PRO: \u201cSilvia es de una conducta y \u00e9tica intachables, que viene llevando adelante muchas conversaciones en el Congreso para sacar leyes, que es lo que se hace en la Legislatura\u201d.<\/p>\n\n\n\n<p>\u201cEl surgimiento de La Libertad Avanza nos disputa los puntos. Por eso tambi\u00e9n&nbsp;<strong>el error de Karina Milei en dividirnos y poner en riesgo qui\u00e9n gana<\/strong>\u201d, cerr\u00f3. Y dej\u00f3 una \u00faltima definici\u00f3n: \u201cFestejar un empate o perder por uno es mediocre. Una buena elecci\u00f3n es ganar\u201d.<\/p>\n","protected":false},"excerpt":{"rendered":"<p>Fernando De Andreis, ex secretario general presidencial y asesor de Mauricio Macri, reclam\u00f3 definiciones concretas de los libertarios en territorio bonaerense. Tras las\u00a0diferencias en la Ciudad, el\u00a0macrismo eleva ahora la\u00a0presi\u00f3n\u00a0sobre\u00a0La&hellip; <\/p>\n","protected":false},"author":8,"featured_media":204882,"comment_status":"closed","ping_status":"open","sticky":false,"template":"","format":"standard","meta":{"footnotes":""},"categories":[3],"tags":[],"class_list":["post-204881","post","type-post","status-publish","format-standard","has-post-thumbnail","hentry","category-politica"],"_links":{"self":[{"href":"https:\/\/corrientesdetarde.com\/index.php\/wp-json\/wp\/v2\/posts\/204881","targetHints":{"allow":["GET"]}}],"collection":[{"href":"https:\/\/corrientesdetarde.com\/index.php\/wp-json\/wp\/v2\/posts"}],"about":[{"href":"https:\/\/corrientesdetarde.com\/index.php\/wp-json\/wp\/v2\/types\/post"}],"author":[{"embeddable":true,"href":"https:\/\/corrientesdetarde.com\/index.php\/wp-json\/wp\/v2\/users\/8"}],"replies":[{"embeddable":true,"href":"https:\/\/corrientesdetarde.com\/index.php\/wp-json\/wp\/v2\/comments?post=204881"}],"version-history":[{"count":1,"href":"https:\/\/corrientesdetarde.com\/index.php\/wp-json\/wp\/v2\/posts\/204881\/revisions"}],"predecessor-version":[{"id":204883,"href":"https:\/\/corrientesdetarde.com\/index.php\/wp-json\/wp\/v2\/posts\/204881\/revisions\/204883"}],"wp:featuredmedia":[{"embeddable":true,"href":"https:\/\/corrientesdetarde.com\/index.php\/wp-json\/wp\/v2\/media\/204882"}],"wp:attachment":[{"href":"https:\/\/corrientesdetarde.com\/index.php\/wp-json\/wp\/v2\/media?parent=204881"}],"wp:term":[{"taxonomy":"category","embeddable":true,"href":"https:\/\/corrientesdetarde.com\/index.php\/wp-json\/wp\/v2\/categories?post=204881"},{"taxonomy":"post_tag","embeddable":true,"href":"https:\/\/corrientesdetarde.com\/index.php\/wp-json\/wp\/v2\/tags?post=204881"}],"curies":[{"name":"wp","href":"https:\/\/api.w.org\/{rel}","templated":true}]}}