{"id":204884,"date":"2025-04-29T13:35:54","date_gmt":"2025-04-29T16:35:54","guid":{"rendered":"https:\/\/corrientesdetarde.com\/?p=204884"},"modified":"2025-04-29T13:35:58","modified_gmt":"2025-04-29T16:35:58","slug":"luis-caputo-insistio-con-que-la-inflacion-va-a-colapsar-y-anticipo-medidas-para-incentivar-el-uso-de-dolares","status":"publish","type":"post","link":"https:\/\/corrientesdetarde.com\/index.php\/economia\/luis-caputo-insistio-con-que-la-inflacion-va-a-colapsar-y-anticipo-medidas-para-incentivar-el-uso-de-dolares\/","title":{"rendered":"Luis Caputo insisti\u00f3 con que la inflaci\u00f3n \u201cva a colapsar\u201d y anticip\u00f3 medidas para incentivar el uso de d\u00f3lares"},"content":{"rendered":"\n<p>A su regreso de EE.UU., el ministro de Econom\u00eda se present\u00f3 ante empresarios e inversores en la Expo EFI. \u201cEl mundo va a querer crecer a tasas argentinas\u201d, dijo.<\/p>\n\n\n\n<p>Tras su gira por Estados Unidos, el ministro de Econom\u00eda,\u00a0<strong>Luis Caputo<\/strong>, disert\u00f3 ante empresarios e inversores en el Congreso Econ\u00f3mico Argentino de la nueva edici\u00f3n de la Expo EFI. \u201c<strong>La inflaci\u00f3n va a colapsar y muchos precios pueden bajar<\/strong>\u201d, pronostic\u00f3 el funcionario.<\/p>\n\n\n\n<p>El jefe de Hacienda asegur\u00f3 que&nbsp;<strong>\u201cestamos en otra Argentina\u201d y<\/strong>&nbsp;que luego del acuerdo con el FMI,&nbsp;<strong>la econom\u00eda puede crecer mucho m\u00e1s&nbsp;<\/strong>de lo que lo hizo el a\u00f1o pasado. \u201cLa econom\u00eda creci\u00f3&nbsp;<strong>6%<\/strong>&nbsp;entre diciembre 2023 y 2024, a pesar de haber reducido el d\u00e9ficit fiscal en 5 puntos\u201d, relat\u00f3.<\/p>\n\n\n\n<p>Caputo tambi\u00e9n se refiri\u00f3 a los pr\u00f3ximos pasos del plan econ\u00f3mico. &#8220;<strong>Queremos ver que haya remonetizaci\u00f3n en d\u00f3lares<\/strong>\u201c, dijo. Y adelant\u00f3 que en las pr\u00f3ximas semanas anunciar\u00e1 nuevas medidas que fomentar\u00e1 el uso de d\u00f3lares, aunque no brind\u00f3 detalles.<\/p>\n\n\n\n<p>\u201c<strong>En las pr\u00f3ximas, probablemente, dos semanas, vamos a estar anunciando alguna medida que va a sorprender tambi\u00e9n algunos y que va a fomentar mucho el uso de los d\u00f3lares<\/strong>\u201d, se\u00f1al\u00f3.<\/p>\n\n\n\n<figure class=\"wp-block-image\"><img decoding=\"async\" src=\"https:\/\/tn.com.ar\/resizer\/v2\/luis-caputo-aseguro-que-la-inflacion-va-a-colapsar-y-adelanto-que-muchos-precios-pueden-bajar-foto-captura-tn-ST5PLOFP7FGWHHTWA6M44AL3XY.jpg?auth=ee43df36fe75f95868fcc1f4a006effbead23633f7be2c2f071b60970cafa8fb&amp;width=767\" alt=\"Luis Caputo asegur\u00f3 que la inflaci\u00f3n \u201cva a colapsar\u201d y adelant\u00f3 que muchos precios pueden bajar (Foto: Captura TN)\"\/><\/figure>\n\n\n\n<p>Por otra parte, el funcionario asegur\u00f3 que\u00a0<strong>la inflaci\u00f3n \u201cva a colapsar\u201d<\/strong>. En ese sentido, dijo que \u201c<strong>YPF baj\u00f3 la nafta<\/strong>\u00a0y otros precios van a bajar. La indumentaria tiene que bajar much\u00edsimo y los autos van a seguir bajando&#8221;.<\/p>\n\n\n\n<p>\u201c<strong>S\u00e1quense de la cabeza el chip que la Argentina es lo mismo de siempre<\/strong>. Se termin\u00f3 la \u00e9poca de la Argentina regalada en d\u00f3lares\u201d, enfatiz\u00f3.<\/p>\n\n\n\n<p>En otro tramo de su discurso, Caputo marc\u00f3 las diferencias del plan de Javier Milei respecto del modelo \u201cde ajuste\u201d que utiliz\u00f3 el kirchnerismo al cuestionar que agrand\u00f3 el Estado, subieron impuestos y se emitieron pesos.<\/p>\n\n\n\n<p>\u201c<strong>Nuestro proceso es totalmente inverso<\/strong>. Le devolvimos los recursos al sector privado al tener un Estado m\u00e1s chico. Hemos bajado impuestos y la inflaci\u00f3n y los bancos volvieron a prestarle a los privados. Con estos cambios, iniciamos la<strong>&nbsp;tercera etapa<\/strong>&nbsp;del plan econ\u00f3mico&#8221;, dijo.<\/p>\n\n\n\n<h2 class=\"wp-block-heading\">FMI, cepo y los pr\u00f3ximos pasos del plan econ\u00f3mico<\/h2>\n\n\n\n<p>El ministro de Econom\u00eda,&nbsp;<strong>Luis Caputo<\/strong>&nbsp;tambi\u00e9n explic\u00f3 por qu\u00e9 el nuevo acuerdo con el Fondo Monetario Internacional (FMI) demor\u00f3 la<strong>&nbsp;salida del cepo cambiario<\/strong>. \u201cSi hubi\u00e9ramos podido terminar para fin del a\u00f1o anterior, lo hubi\u00e9ramos hecho\u201d, dijo.<\/p>\n\n\n\n<p>Adem\u00e1s, neg\u00f3 que<strong>&nbsp;el Gobierno haya especulado con los tiempos<\/strong>&nbsp;y record\u00f3 que la medida estuvo atada a sanear los pasivos del Banco Central para que los pesos tuvieran un mayor respaldo.<\/p>\n\n\n\n<p>Adem\u00e1s, Caputo record\u00f3 el levantamiento de las restricciones cambiarias durante la gesti\u00f3n de Mauricio Macri, pero remarc\u00f3 que no funcion\u00f3 \u201cporque no se hab\u00eda resuelto los problemas macroecon\u00f3micos\u201d.<\/p>\n\n\n\n<figure class=\"wp-block-image\"><img decoding=\"async\" src=\"https:\/\/tn.com.ar\/resizer\/v2\/foto-apnatacha-pisarenko-4XJDB3KOSJHUFNZZEXIBTRBITA.jpg?auth=5de125cbb5aa75010ed8d5490eebeb6ffb0b3c5de2c63a15a659f323a5244505&amp;width=767\" alt=\"(Foto: AP\/Natacha Pisarenko)\"\/><\/figure>\n\n\n\n<p>Con la gesti\u00f3n de Milei, \u201cel enfoque fue inverso: Primero resolvimos el problema fiscal, luego el cuasi fiscal y despu\u00e9s capitalizamos al Banco Central.&nbsp;<strong>Esto nos permiti\u00f3 hacer un acuerdo s\u00f3lido con el FMI<\/strong>\u201d, enumer\u00f3 el ministro.<\/p>\n\n\n\n<p>Caputo tambi\u00e9n habl\u00f3 sobre los pr\u00f3ximos pasos del plan econ\u00f3mico. \u201c<strong>Estamos focalizados en consolidar el nivel de crecimiento e incluso incrementarlo<\/strong>. La econom\u00eda hoy est\u00e1 preparada para crecer m\u00e1s del 6%. Hoy tenemos el desaf\u00edo de&nbsp;<strong>remonetizar la econom\u00eda<\/strong>, no nos importa si se produce en&nbsp;<strong>pesos o en d\u00f3lares<\/strong>, estamos en competencia de monedas\u201d.<\/p>\n","protected":false},"excerpt":{"rendered":"<p>A su regreso de EE.UU., el ministro de Econom\u00eda se present\u00f3 ante empresarios e inversores en la Expo EFI. \u201cEl mundo va a querer crecer a tasas argentinas\u201d, dijo. Tras&hellip; <\/p>\n","protected":false},"author":8,"featured_media":204885,"comment_status":"closed","ping_status":"open","sticky":false,"template":"","format":"standard","meta":{"footnotes":""},"categories":[20],"tags":[],"class_list":["post-204884","post","type-post","status-publish","format-standard","has-post-thumbnail","hentry","category-economia"],"_links":{"self":[{"href":"https:\/\/corrientesdetarde.com\/index.php\/wp-json\/wp\/v2\/posts\/204884","targetHints":{"allow":["GET"]}}],"collection":[{"href":"https:\/\/corrientesdetarde.com\/index.php\/wp-json\/wp\/v2\/posts"}],"about":[{"href":"https:\/\/corrientesdetarde.com\/index.php\/wp-json\/wp\/v2\/types\/post"}],"author":[{"embeddable":true,"href":"https:\/\/corrientesdetarde.com\/index.php\/wp-json\/wp\/v2\/users\/8"}],"replies":[{"embeddable":true,"href":"https:\/\/corrientesdetarde.com\/index.php\/wp-json\/wp\/v2\/comments?post=204884"}],"version-history":[{"count":1,"href":"https:\/\/corrientesdetarde.com\/index.php\/wp-json\/wp\/v2\/posts\/204884\/revisions"}],"predecessor-version":[{"id":204886,"href":"https:\/\/corrientesdetarde.com\/index.php\/wp-json\/wp\/v2\/posts\/204884\/revisions\/204886"}],"wp:featuredmedia":[{"embeddable":true,"href":"https:\/\/corrientesdetarde.com\/index.php\/wp-json\/wp\/v2\/media\/204885"}],"wp:attachment":[{"href":"https:\/\/corrientesdetarde.com\/index.php\/wp-json\/wp\/v2\/media?parent=204884"}],"wp:term":[{"taxonomy":"category","embeddable":true,"href":"https:\/\/corrientesdetarde.com\/index.php\/wp-json\/wp\/v2\/categories?post=204884"},{"taxonomy":"post_tag","embeddable":true,"href":"https:\/\/corrientesdetarde.com\/index.php\/wp-json\/wp\/v2\/tags?post=204884"}],"curies":[{"name":"wp","href":"https:\/\/api.w.org\/{rel}","templated":true}]}}