{"id":204887,"date":"2025-04-29T13:40:51","date_gmt":"2025-04-29T16:40:51","guid":{"rendered":"https:\/\/corrientesdetarde.com\/?p=204887"},"modified":"2025-04-29T13:40:54","modified_gmt":"2025-04-29T16:40:54","slug":"apagon-pedro-sanchez-apunta-contra-los-operadores-de-electricidad-y-pierde-fuerza-la-teoria-de-un-ciberataque","status":"publish","type":"post","link":"https:\/\/corrientesdetarde.com\/index.php\/internacionales\/apagon-pedro-sanchez-apunta-contra-los-operadores-de-electricidad-y-pierde-fuerza-la-teoria-de-un-ciberataque\/","title":{"rendered":"Apag\u00f3n: Pedro S\u00e1nchez apunta contra los operadores de electricidad y pierde fuerza la teor\u00eda de un ciberataque"},"content":{"rendered":"\n<p>Pedro S\u00e1nchez dijo que ya superaron \u201clo peor de la crisis\u201d. El gestor Red El\u00e9ctrica apunt\u00f3 a una ca\u00edda de la generaci\u00f3n solar como causa preliminar del apag\u00f3n.<\/p>\n\n\n\n<p>El presidente del Gobierno espa\u00f1ol,\u00a0<strong>Pedro S\u00e1nchez<\/strong>, afirm\u00f3 que el pa\u00eds \u201c<strong>est\u00e1 superando lo peor de la crisis<\/strong>\u00a0y camina con paso firme hacia la recuperaci\u00f3n de la plena normalidad\u201d tras el\u00a0apag\u00f3n el\u00e9ctrico\u00a0sufrido el lunes en toda la pen\u00ednsula ib\u00e9rica.<\/p>\n\n\n\n<p>El l\u00edder socialista anunci\u00f3 que el Gobierno investigar\u00e1 lo sucedido, exigir\u00e1 responsabilidades a los operadores privados y tomar\u00e1 las medidas para que no se repita \u201cjam\u00e1s\u201d un apag\u00f3n.<\/p>\n\n\n\n<p>En una conferencia en el Palacio de la Moncloa, sede de la Presidencia, S\u00e1nchez indic\u00f3 que&nbsp;<strong>ya se hab\u00eda recuperado m\u00e1s del 99,5 % del total del suministro<\/strong>. \u201cEl sistema ha reaccionado con agilidad, los actores p\u00fablicos y tambi\u00e9n privados han actuado con eficacia y la coordinaci\u00f3n entre administraciones p\u00fablicas ha sido creemos que excelente y leal\u201d, afirm\u00f3.<\/p>\n\n\n\n<p>S\u00e1nchez tambi\u00e9n se refiri\u00f3 a la&nbsp;<strong>investigaci\u00f3n<\/strong>&nbsp;de las posibles causas del apag\u00f3n: \u201cLos t\u00e9cnicos de red el\u00e9ctrica contin\u00faan haciendo un an\u00e1lisis de sus sistemas. (&#8230;) En paralelo, las empresas privadas generadoras de energ\u00eda est\u00e1n llevando a cabo an\u00e1lisis de las telemetr\u00edas de sus centros de gesti\u00f3n y producci\u00f3n. Algo que nos deber\u00eda permitir conocer con mayor detalle que pas\u00f3 en<strong>&nbsp;esos cinco segundos que precipitaron la ca\u00edda del sistema<\/strong>\u201d.<\/p>\n\n\n\n<p>\u201cEl Gobierno de Espa\u00f1a va a llegar hasta el fondo de este asunto y que se van a hacer las reformas y se van a tomar las medidas necesarias para que esto no vuelva a suceder. Y evidentemente vamos a exigir las responsabilidades pertinentes a los operadores privados\u201d, asegur\u00f3. \u201c<strong>Esto no puede volver a pasar jam\u00e1s<\/strong>\u201d, agreg\u00f3.<\/p>\n\n\n\n<figure class=\"wp-block-image\"><img decoding=\"async\" src=\"https:\/\/tn.com.ar\/resizer\/v2\/miles-de-personas-fueron-evacuadas-del-subte-por-el-apagon-en-espana-foto-efe-QYAN7JSFARENLKVOMYKTJ3HCHU.jpg?auth=de2fe07289c9f62563d565769077ab7a96a1eed12b28bc169c03ad346a457fb1&amp;width=767\" alt=\"Miles de personas fueron evacuadas del subte por el apag\u00f3n en Espa\u00f1a. (Foto: EFE)\"\/><\/figure>\n\n\n\n<p>El dirigente socialista insisti\u00f3 en&nbsp;<strong>no dar por descartada \u201cninguna hip\u00f3tesis<\/strong>&nbsp;hasta que tengamos los resultados de estos an\u00e1lisis\u201d.<\/p>\n\n\n\n<h2 class=\"wp-block-heading\">Red El\u00e9ctrica descarta un ciberataque<\/h2>\n\n\n\n<p>El gestor de la red el\u00e9ctrica espa\u00f1ola, Red El\u00e9ctrica,&nbsp;<strong>descart\u00f3 que un ciberataque, un error humano o alg\u00fan fen\u00f3meno meteorol\u00f3gico o atmosf\u00e9rico extra\u00f1o est\u00e9 detr\u00e1s del masivo apag\u00f3n<\/strong>&nbsp;y apunt\u00f3 a problemas con la generaci\u00f3n de&nbsp;<strong>energ\u00eda solar<\/strong>.<\/p>\n\n\n\n<p>\u201cCon los an\u00e1lisis que hemos podido realizar hasta este momento,&nbsp;<strong>podemos descartar un incidente de ciberseguridad<\/strong>&nbsp;en las instalaciones de la red\u201d, afirm\u00f3 en rueda de prensa Eduardo Prieto, director de Red El\u00e9ctrica Espa\u00f1ola (REE).<\/p>\n\n\n\n<figure class=\"wp-block-image\"><img decoding=\"async\" src=\"https:\/\/tn.com.ar\/resizer\/v2\/gente-esperando-ante-una-estacion-de-tren-cerrada-durante-un-gran-apagon-en-barcelona-espana-el-lunes-28-de-abril-de-2025-ap-fotoemilio-morenatti-PQRQD2PV2QJ2GUSCROXXPSWEWI.jpg?auth=4a597969c1a63400280c46bf8c4ba2ebad7e911c2affe88bf7044a90c4778623&amp;width=767\" alt=\"Gente esperando ante una estaci\u00f3n de tren cerrada durante un gran apag\u00f3n en Barcelona, Espa\u00f1a, el lunes 28 de abril de 2025. (AP Foto\/Emilio Morenatti)\"\/><\/figure>\n\n\n\n<p>Luego de consultar con varios organismos, entre ellos el Centro Nacional de Inteligencia, \u201chemos podido concluir que efectivamente&nbsp;<strong>no ha habido ning\u00fan tipo de intrusi\u00f3n en los sistemas de control de red el\u00e9ctrica<\/strong>&nbsp;que pudieran haber ocasionado el incidente\u201d, se\u00f1al\u00f3.<\/p>\n\n\n\n<p>Prieto apunt\u00f3 asimismo a&nbsp;<strong>dos episodios de \u201cdesconexi\u00f3n de generaci\u00f3n\u201d<\/strong>&nbsp;muy posiblemente de la generaci\u00f3n de energ\u00eda solar.<\/p>\n\n\n\n<p>Pese a ello, la Justicia decidi\u00f3 investigar el incidente para conocer \u201csi el apag\u00f3n en la red el\u00e9ctrica espa\u00f1ola (&#8230;)&nbsp;<strong>pudo ser un acto de sabotaje inform\u00e1tico en infraestructuras cr\u00edticas espa\u00f1olas<\/strong>\u201d, inform\u00f3 la Audiencia Nacional.<\/p>\n\n\n\n<p>\u201cLa prisa no debe llevarnos a la desinformaci\u00f3n ni al error. El sistema el\u00e9ctrico es algo de una enorme complejidad\u201d, dijo S\u00e1nchez.<\/p>\n\n\n\n<h2 class=\"wp-block-heading\">El tr\u00e1fico ferroviario sigue afectado<\/h2>\n\n\n\n<p>S\u00e1nchez indic\u00f3 que los medios de transporte funcionan con normalidad, salvo el tr\u00e1fico ferroviario. \u201cLos principales obst\u00e1culos persisten en el tr\u00e1fico ferroviario. A lo largo de la noche de ayer se auxiliaron a m\u00e1s de 35.000 pasajeros\u201d, dijo el presidente. A\u00fan hay varios puntos de Espa\u00f1a sin servicio de trenes.<\/p>\n","protected":false},"excerpt":{"rendered":"<p>Pedro S\u00e1nchez dijo que ya superaron \u201clo peor de la crisis\u201d. El gestor Red El\u00e9ctrica apunt\u00f3 a una ca\u00edda de la generaci\u00f3n solar como causa preliminar del apag\u00f3n. El presidente&hellip; <\/p>\n","protected":false},"author":8,"featured_media":204888,"comment_status":"closed","ping_status":"open","sticky":false,"template":"","format":"standard","meta":{"footnotes":""},"categories":[11],"tags":[],"class_list":["post-204887","post","type-post","status-publish","format-standard","has-post-thumbnail","hentry","category-internacionales"],"_links":{"self":[{"href":"https:\/\/corrientesdetarde.com\/index.php\/wp-json\/wp\/v2\/posts\/204887","targetHints":{"allow":["GET"]}}],"collection":[{"href":"https:\/\/corrientesdetarde.com\/index.php\/wp-json\/wp\/v2\/posts"}],"about":[{"href":"https:\/\/corrientesdetarde.com\/index.php\/wp-json\/wp\/v2\/types\/post"}],"author":[{"embeddable":true,"href":"https:\/\/corrientesdetarde.com\/index.php\/wp-json\/wp\/v2\/users\/8"}],"replies":[{"embeddable":true,"href":"https:\/\/corrientesdetarde.com\/index.php\/wp-json\/wp\/v2\/comments?post=204887"}],"version-history":[{"count":1,"href":"https:\/\/corrientesdetarde.com\/index.php\/wp-json\/wp\/v2\/posts\/204887\/revisions"}],"predecessor-version":[{"id":204889,"href":"https:\/\/corrientesdetarde.com\/index.php\/wp-json\/wp\/v2\/posts\/204887\/revisions\/204889"}],"wp:featuredmedia":[{"embeddable":true,"href":"https:\/\/corrientesdetarde.com\/index.php\/wp-json\/wp\/v2\/media\/204888"}],"wp:attachment":[{"href":"https:\/\/corrientesdetarde.com\/index.php\/wp-json\/wp\/v2\/media?parent=204887"}],"wp:term":[{"taxonomy":"category","embeddable":true,"href":"https:\/\/corrientesdetarde.com\/index.php\/wp-json\/wp\/v2\/categories?post=204887"},{"taxonomy":"post_tag","embeddable":true,"href":"https:\/\/corrientesdetarde.com\/index.php\/wp-json\/wp\/v2\/tags?post=204887"}],"curies":[{"name":"wp","href":"https:\/\/api.w.org\/{rel}","templated":true}]}}