{"id":204890,"date":"2025-04-29T13:45:03","date_gmt":"2025-04-29T16:45:03","guid":{"rendered":"https:\/\/corrientesdetarde.com\/?p=204890"},"modified":"2025-04-29T13:45:09","modified_gmt":"2025-04-29T16:45:09","slug":"wanda-nara-volvio-a-la-argentina-y-un-detalle-en-su-equipaje-llamo-la-atencion-las-fotos","status":"publish","type":"post","link":"https:\/\/corrientesdetarde.com\/index.php\/espectaculos\/wanda-nara-volvio-a-la-argentina-y-un-detalle-en-su-equipaje-llamo-la-atencion-las-fotos\/","title":{"rendered":"Wanda Nara volvi\u00f3 a la Argentina y un detalle en su equipaje llam\u00f3 la atenci\u00f3n: las fotos"},"content":{"rendered":"\n<p>La conductora estuvo en Brasil grabando una colaboraci\u00f3n con MC Binn y las fotos de su llegada a Ezeiza generaron furor.<\/p>\n\n\n\n<p><strong>Wanda Nara volvi\u00f3 a la Argentina<\/strong>\u00a0luego de viajar a Brasil para grabar el videoclip de una colaboraci\u00f3n musical con\u00a0<strong>MC Binn<\/strong>. Al llegar a Ezeiza la conductora fue recibida por periodistas y fot\u00f3grafos que registraron todo a detalle,\u00a0<strong>incluso su equipaje<\/strong>.<\/p>\n\n\n\n<p>Lo que llam\u00f3 la atenci\u00f3n de sus fan\u00e1ticos fue<strong>&nbsp;el bolso y las valijas que llev\u00f3 la medi\u00e1tica<\/strong>, piezas car\u00edsimas que la blonda luci\u00f3 como ninguna. La cartera de viaje rosa viejo se llev\u00f3 todas las miradas: se trata de un&nbsp;<strong>bolso duffle de piel trenzada<\/strong>&nbsp;con correa ajustable y extra\u00edble de la marca Bottega Veneta&nbsp;<strong>valuado en 6500 d\u00f3lares<\/strong>.<\/p>\n\n\n\n<figure class=\"wp-block-image\"><img decoding=\"async\" src=\"https:\/\/tn.com.ar\/resizer\/v2\/wanda-nara-llevo-un-bolso-bottega-veneta-foto-instagram-wabdanara-bottegavenetacom-KVPSIBE5NRGT7FTPASMNFRCTBM.JPG?auth=6c1fffabd8aa3dcaf93a482e1632a250b79ee9e88a0db513b6e8a02af6a411a9&amp;width=767\" alt=\"Wanda Nara llev\u00f3 un bolso Bottega Veneta (Foto: Instagram \/ wabda_nara - bottegaveneta.com)\"\/><\/figure>\n\n\n\n<p>Wanda, como otros famosos, tambi\u00e9n us\u00f3 dos valijas Horizon, una de las m\u00e1s&nbsp;<strong>emblem\u00e1ticas de<\/strong><strong>&nbsp;Louis Vuitton<\/strong>. Seg\u00fan la p\u00e1gina oficial de la firma, el equipaje tiene tres modelos: 50, 55 y 70. La m\u00e1s chica vale 2600 d\u00f3lares; la mediana 2900 d\u00f3lares; y la grande tiene un costo de 3500 d\u00f3lares.<\/p>\n\n\n\n<figure class=\"wp-block-image\"><img decoding=\"async\" src=\"https:\/\/tn.com.ar\/resizer\/v2\/wanda-nara-mostro-su-exclusivo-equipaje-de-louis-vuitton-foto-movilpress-F5GZNDIERJA2DD3N5UMDR6LK44.JPG?auth=e6ce0533daaba34ed4e9d7e33e4c2d707e2a57ba8f7ec6aa7eaf322ca5ae3e53&amp;width=767\" alt=\"Wanda Nara mostr\u00f3 su exclusivo equipaje de Louis Vuitton (Foto: Movilpress)\"\/><\/figure>\n\n\n\n<h2 class=\"wp-block-heading\">Wanda Nara se grab\u00f3 en un ascensor en Brasil y mostr\u00f3 de m\u00e1s: \u201cEste es mi look\u201d<\/h2>\n\n\n\n<p>Mientras estaba en Brasil, Wanda Nara protagoniz\u00f3 un descuido hoy mientras hac\u00eda una historia de Instagram. Al arribar al hotel en el que se estaba hospedando en San Pablo,&nbsp;<strong>la medi\u00e1tica comparti\u00f3 su look, pero mostr\u00f3 de m\u00e1s.<\/strong><\/p>\n\n\n\n<p>\u201c\u00a1Buen d\u00eda, Brasil!&nbsp;<strong>Este es mi look<\/strong>\u201c, comenz\u00f3 diciendo, mientras mostraba un vestido gris que acompa\u00f1\u00f3 con una ri\u00f1onera negra. La exesposa de Mauro Icardi<strong>&nbsp;film\u00f3 su escote y se vio de m\u00e1s.<\/strong><\/p>\n\n\n\n<figure class=\"wp-block-image\"><img decoding=\"async\" src=\"https:\/\/tn.com.ar\/resizer\/v2\/wanda-nara-se-filmo-en-el-ascensor-y-el-escote-le-jugo-una-mala-pasada-foto-captura-instagramwandanara-PCHGGVS6JNF7ZAFX6YIBVDJ43M.png?auth=b357fda92f389fa37df0ec43e827f9da36c1174f5045e1256e6933ac0d01d028&amp;width=767\" alt=\"Wanda Nara se film\u00f3 en el ascensor y el escote le jug\u00f3 una mala pasada (Foto: captura Instagram\/wanda_nara)\"\/><\/figure>\n\n\n\n<p>Luego, Wanda sufri\u00f3 un percance: \u201c\u00a1Ay! Se me cierra la puerta del ascensor\u201d. Y complet\u00f3: \u201c<strong>Me voy a caminar<\/strong>&nbsp;y m\u00e1s tarde tenemos reuni\u00f3n de producci\u00f3n. Estamos en San Pablo. Les mando muchos besos a todos\u201d.<\/p>\n\n\n\n<p>Por \u00faltimo, se mostr\u00f3 en un cuarto del hotel desde la cama y en la de al lado estaba su amigo Kennys. \u201c<strong>Reuni\u00f3n de producci\u00f3n y yo estoy agotada<\/strong>\u201d, sentenci\u00f3.<\/p>\n\n\n\n<p><\/p>\n","protected":false},"excerpt":{"rendered":"<p>La conductora estuvo en Brasil grabando una colaboraci\u00f3n con MC Binn y las fotos de su llegada a Ezeiza generaron furor. Wanda Nara volvi\u00f3 a la Argentina\u00a0luego de viajar a&hellip; <\/p>\n","protected":false},"author":8,"featured_media":204891,"comment_status":"closed","ping_status":"open","sticky":false,"template":"","format":"standard","meta":{"footnotes":""},"categories":[19],"tags":[],"class_list":["post-204890","post","type-post","status-publish","format-standard","has-post-thumbnail","hentry","category-espectaculos"],"_links":{"self":[{"href":"https:\/\/corrientesdetarde.com\/index.php\/wp-json\/wp\/v2\/posts\/204890","targetHints":{"allow":["GET"]}}],"collection":[{"href":"https:\/\/corrientesdetarde.com\/index.php\/wp-json\/wp\/v2\/posts"}],"about":[{"href":"https:\/\/corrientesdetarde.com\/index.php\/wp-json\/wp\/v2\/types\/post"}],"author":[{"embeddable":true,"href":"https:\/\/corrientesdetarde.com\/index.php\/wp-json\/wp\/v2\/users\/8"}],"replies":[{"embeddable":true,"href":"https:\/\/corrientesdetarde.com\/index.php\/wp-json\/wp\/v2\/comments?post=204890"}],"version-history":[{"count":1,"href":"https:\/\/corrientesdetarde.com\/index.php\/wp-json\/wp\/v2\/posts\/204890\/revisions"}],"predecessor-version":[{"id":204892,"href":"https:\/\/corrientesdetarde.com\/index.php\/wp-json\/wp\/v2\/posts\/204890\/revisions\/204892"}],"wp:featuredmedia":[{"embeddable":true,"href":"https:\/\/corrientesdetarde.com\/index.php\/wp-json\/wp\/v2\/media\/204891"}],"wp:attachment":[{"href":"https:\/\/corrientesdetarde.com\/index.php\/wp-json\/wp\/v2\/media?parent=204890"}],"wp:term":[{"taxonomy":"category","embeddable":true,"href":"https:\/\/corrientesdetarde.com\/index.php\/wp-json\/wp\/v2\/categories?post=204890"},{"taxonomy":"post_tag","embeddable":true,"href":"https:\/\/corrientesdetarde.com\/index.php\/wp-json\/wp\/v2\/tags?post=204890"}],"curies":[{"name":"wp","href":"https:\/\/api.w.org\/{rel}","templated":true}]}}