{"id":204898,"date":"2025-04-29T14:22:20","date_gmt":"2025-04-29T17:22:20","guid":{"rendered":"https:\/\/corrientesdetarde.com\/?p=204898"},"modified":"2025-04-29T14:22:24","modified_gmt":"2025-04-29T17:22:24","slug":"la-provincia-eleva-la-tension-con-el-kirchnerismo-y-se-prepara-para-otra-pelea-por-los-plazos-electorales","status":"publish","type":"post","link":"https:\/\/corrientesdetarde.com\/index.php\/deportes\/la-provincia-eleva-la-tension-con-el-kirchnerismo-y-se-prepara-para-otra-pelea-por-los-plazos-electorales\/","title":{"rendered":"La Provincia eleva la tensi\u00f3n con el kirchnerismo y se prepara para otra pelea por los plazos electorales"},"content":{"rendered":"\n<p>Andr\u00e9s Larroque acus\u00f3 a \u201cla bandita de M\u00e1ximo\u201d de obstruir el tratamiento completo de la ley y de \u201cextorsionar\u201d a Axel Kicillof.<\/p>\n\n\n\n<p>La\u00a0<strong>interna en el oficialismo bonaerense<\/strong>\u00a0sum\u00f3 este martes un nuevo cap\u00edtulo. Pese al\u00a0acuerdo para suspender las PASO, el ministro de Desarrollo de la Comunidad de la Provincia de Buenos Aires,\u00a0<strong>Andr\u00e9s \u201cCuervo\u201d Larroque<\/strong>, acus\u00f3 a los sectores m\u00e1s duros del\u00a0<strong>kirchnerismo\u00a0<\/strong>de bloquear la reforma necesaria para garantizar el cronograma electoral y de estar\u00a0<strong>\u201cextorsionando\u201d<\/strong>\u00a0al gobernador\u00a0<strong>Axel Kicillof<\/strong>\u00a0para negociar espacios de poder.<\/p>\n\n\n\n<p>Las declaraciones, dirigidas principalmente a\u00a0<strong>M\u00e1ximo Kirchner<\/strong>\u00a0y otros referentes de\u00a0<strong>La C\u00e1mpora<\/strong>, escalaron la disputa por la conducci\u00f3n del peronismo en territorio bonaerense y encendieron alarmas en la antesala de una posible\u00a0<strong>nueva pulseada legislativa<\/strong>.<\/p>\n\n\n\n<p>En concreto, el ministro de Kicillof acus\u00f3 al kirchnerismo duro de trabar la adecuaci\u00f3n legislativa requerida por la Justicia Electoral para garantizar el normal desarrollo de los comicios en la Provincia.<strong>&nbsp;\u201cEstamos en mayo y no hay cronograma electoral\u201d<\/strong>, advirti\u00f3, y denunci\u00f3 que los jefes parlamentarios de La C\u00e1mpora est\u00e1n&nbsp;<strong>\u201cextorsionando\u201d<\/strong>&nbsp;al gobernador con fines de especulaci\u00f3n pol\u00edtica.<\/p>\n\n\n\n<p>En declaraciones a&nbsp;<em>El Destape Radio<\/em>, Larroque apunt\u00f3 directamente contra los bloques legislativos que responden a&nbsp;<strong>M\u00e1ximo Kirchner<\/strong>. \u201cFacundo Tignanelli y Teresa Garc\u00eda son jefes de bloques del oficialismo en Diputados y Senadores de la Provincia, pero&nbsp;<strong>act\u00faan como opositores<\/strong>\u201d, lanz\u00f3.<\/p>\n\n\n\n<figure class=\"wp-block-image\"><img decoding=\"async\" src=\"https:\/\/tn.com.ar\/resizer\/v2\/axel-kicillof-ante-la-legislatura-bonaerense-foto-prensa-provincia-de-buenos-aires-VTMXYSNR6BE3RHGVPOSGCIMPDY.jpg?auth=75d4b4ba1028543b659684d87b8caf9aa1720dd9abf1dbfa1b94b40efe744576&amp;width=767\" alt=\"Axel Kicillof, ante la Legislatura bonaerense (Foto: Prensa Provincia de Buenos Aires).\"\/><\/figure>\n\n\n\n<p>Y agreg\u00f3: \u201cNo quieren reformar una ley de 1946 para cambiar los plazos electorales de presentaci\u00f3n de listas y candidatos. Pasa esto porque est\u00e1n extorsionando a Axel.&nbsp;<strong>Es una extorsi\u00f3n para negociar espacios de poder<\/strong>\u201d.<\/p>\n\n\n\n<p>Seg\u00fan el funcionario bonaerense, el conflicto no es ideol\u00f3gico ni estrat\u00e9gico, sino funcional. \u201cNo estamos discutiendo a Cristina,&nbsp;<strong>estamos discutiendo a la bandita de M\u00e1ximo<\/strong>. Ni siquiera a toda La C\u00e1mpora\u201d, diferenci\u00f3, en un intento por despegar a la expresidenta del operativo interno que, seg\u00fan \u00e9l, atenta contra la gobernabilidad.<\/p>\n\n\n\n<p>\u201cAc\u00e1&nbsp;<strong>no hay ninguna interna<\/strong>. Hay un gobernador elegido por el pueblo que est\u00e1 resistiendo el ajuste de Milei y hay&nbsp;<strong>un grupito de irresponsables que act\u00faa en funci\u00f3n de intereses personales<\/strong>\u201d, describi\u00f3.<\/p>\n\n\n\n<p>Larroque tambi\u00e9n cuestion\u00f3 la ausencia de representantes oficialistas en una reuni\u00f3n clave convocada por la&nbsp;<strong>Justicia Electoral<\/strong>, lo que consider\u00f3 una maniobra deliberada para obstaculizar el proceso: \u201cSubordinan el funcionamiento de las instituciones y de la democracia bonaerense, en funci\u00f3n de una negociaci\u00f3n de espacios de poder\u201d. Y fue m\u00e1s all\u00e1: \u201cSi quieren oponerse permanentemente,&nbsp;<strong>que se pasen directamente a la oposici\u00f3n, porque parece que est\u00e1n jugando para Milei<\/strong>\u201d.<\/p>\n\n\n\n<p>El ministro no ahorr\u00f3 cr\u00edticas a la actitud del n\u00facleo duro kirchnerista. \u201cEsto es de una&nbsp;<strong>irresponsabilidad supina<\/strong>&nbsp;y es propio de gente que cree que estamos jugando al TEG, poniendo fichitas ac\u00e1 o all\u00e1.&nbsp;<strong>Pareciera que para estos chicos el problema es Axel y no Milei<\/strong>\u201d, ironiz\u00f3. Luego agreg\u00f3 que \u201cen funci\u00f3n de elucubraciones, ponen en jaque el funcionamiento de las instituciones en la provincia de Buenos Aires\u201d.<\/p>\n\n\n\n<p>Consultado sobre si existen instancias de di\u00e1logo para descomprimir la tensi\u00f3n, respondi\u00f3: \u201cSiempre est\u00e1 la voluntad, pero despu\u00e9s la realidad es de&nbsp;<strong>conspiraciones permanentes<\/strong>\u201d.<\/p>\n\n\n\n<p>En ese marco, remarc\u00f3 que desde el inicio de la gesti\u00f3n libertaria, Kicillof adopt\u00f3 una postura de confrontaci\u00f3n directa mientras \u201cestos chicos dec\u00edan que hab\u00eda que esperar\u201d. Por eso, sostuvo:&nbsp;<strong>\u201cSi queremos debilitar a Milei, hay que fortalecer a Axel\u201d<\/strong>.<\/p>\n\n\n\n<p>Finalmente, el ministro confirm\u00f3 que el gobierno provincial est\u00e1 evaluando alternativas para evitar un vac\u00edo legal en el calendario electoral, aunque alert\u00f3 sobre la falta de margen.&nbsp;<strong>\u201cLa ceguera y la ambici\u00f3n nos llevaron a esto\u201d<\/strong>, concluy\u00f3.<\/p>\n","protected":false},"excerpt":{"rendered":"<p>Andr\u00e9s Larroque acus\u00f3 a \u201cla bandita de M\u00e1ximo\u201d de obstruir el tratamiento completo de la ley y de \u201cextorsionar\u201d a Axel Kicillof. La\u00a0interna en el oficialismo bonaerense\u00a0sum\u00f3 este martes un&hellip; <\/p>\n","protected":false},"author":8,"featured_media":204899,"comment_status":"closed","ping_status":"open","sticky":false,"template":"","format":"standard","meta":{"footnotes":""},"categories":[4],"tags":[],"class_list":["post-204898","post","type-post","status-publish","format-standard","has-post-thumbnail","hentry","category-deportes"],"_links":{"self":[{"href":"https:\/\/corrientesdetarde.com\/index.php\/wp-json\/wp\/v2\/posts\/204898","targetHints":{"allow":["GET"]}}],"collection":[{"href":"https:\/\/corrientesdetarde.com\/index.php\/wp-json\/wp\/v2\/posts"}],"about":[{"href":"https:\/\/corrientesdetarde.com\/index.php\/wp-json\/wp\/v2\/types\/post"}],"author":[{"embeddable":true,"href":"https:\/\/corrientesdetarde.com\/index.php\/wp-json\/wp\/v2\/users\/8"}],"replies":[{"embeddable":true,"href":"https:\/\/corrientesdetarde.com\/index.php\/wp-json\/wp\/v2\/comments?post=204898"}],"version-history":[{"count":1,"href":"https:\/\/corrientesdetarde.com\/index.php\/wp-json\/wp\/v2\/posts\/204898\/revisions"}],"predecessor-version":[{"id":204901,"href":"https:\/\/corrientesdetarde.com\/index.php\/wp-json\/wp\/v2\/posts\/204898\/revisions\/204901"}],"wp:featuredmedia":[{"embeddable":true,"href":"https:\/\/corrientesdetarde.com\/index.php\/wp-json\/wp\/v2\/media\/204899"}],"wp:attachment":[{"href":"https:\/\/corrientesdetarde.com\/index.php\/wp-json\/wp\/v2\/media?parent=204898"}],"wp:term":[{"taxonomy":"category","embeddable":true,"href":"https:\/\/corrientesdetarde.com\/index.php\/wp-json\/wp\/v2\/categories?post=204898"},{"taxonomy":"post_tag","embeddable":true,"href":"https:\/\/corrientesdetarde.com\/index.php\/wp-json\/wp\/v2\/tags?post=204898"}],"curies":[{"name":"wp","href":"https:\/\/api.w.org\/{rel}","templated":true}]}}