{"id":205089,"date":"2025-04-30T13:59:06","date_gmt":"2025-04-30T16:59:06","guid":{"rendered":"https:\/\/corrientesdetarde.com\/?p=205089"},"modified":"2025-04-30T13:59:11","modified_gmt":"2025-04-30T16:59:11","slug":"diputados-la-oposicion-fracaso-en-su-intento-por-presidir-la-comision-investigadora-del-caso-libra","status":"publish","type":"post","link":"https:\/\/corrientesdetarde.com\/index.php\/politica\/diputados-la-oposicion-fracaso-en-su-intento-por-presidir-la-comision-investigadora-del-caso-libra\/","title":{"rendered":"Diputados: la oposici\u00f3n fracas\u00f3 en su intento por presidir la comisi\u00f3n investigadora del caso Libra"},"content":{"rendered":"\n<p>La votaci\u00f3n termin\u00f3 14 a 14. Los legisladores oficialistas propusieron ir a un cuarto intermedio para desempatar la elecci\u00f3n entre las candidaturas de Bornoroni y Selva. Luego de un tenso debate, el bloque opositor acept\u00f3 y la conformaci\u00f3n se bloque\u00f3.<\/p>\n\n\n\n<p>Este mi\u00e9rcoles\u00a0<strong>fracas\u00f3 la segunda parte del debate en Diputados por el\u00a0caso Libra<\/strong>\u00a0y la presidencia de la comisi\u00f3n investigadora<strong>\u00a0se decidir\u00e1 en el recinto<\/strong>. Ocurri\u00f3 luego de la marat\u00f3nica interpelaci\u00f3n de ayer al jefe de Gabinete,<strong>\u00a0Guillermo Francos.<\/strong><\/p>\n\n\n\n<p>La sesi\u00f3n empez\u00f3 pasadas las 10:30. En un tenso debate, el oficialismo busc\u00f3 apoyo para<strong>&nbsp;encabezar la comisi\u00f3n,<\/strong>&nbsp;pero la votaci\u00f3n<strong>&nbsp;termin\u00f3 14 a 14.<\/strong><\/p>\n\n\n\n<p>En ese contexto, los legisladores opositores propusieron ir a un&nbsp;<strong>cuarto intermedio&nbsp;<\/strong>para destrabar la elecci\u00f3n entre las candidaturas del libertario Gabriel Bornoroni y la kirchnerista Sabrina Selva. Pero finalmente<strong>&nbsp;desistieron y aceptaron la propuesta de levantar la sesi\u00f3n.<\/strong><\/p>\n\n\n\n<p>Ahora,<strong>&nbsp;Diputados buscar\u00e1 definir al presidente de la comisi\u00f3n en el Congreso<\/strong>, situaci\u00f3n que podr\u00eda suceder reci\u00e9n en tres semanas.<\/p>\n\n\n\n<figure class=\"wp-block-image\"><img decoding=\"async\" src=\"https:\/\/tn.com.ar\/resizer\/v2\/la-comision-investigadora-de-la-camara-de-diputados-sobre-el-caso-libra-comenzo-a-sesionar-con-el-objetivo-de-elegir-sus-autoridades-y-aprobar-el-reglamento-foto-juan-vargasna-4LPLNN6BQFD6ZDDP3W67H235YY.jpg?auth=fc27ca8b55290e958c8ec127b98ee20fd43cc62022aced2d1a037b2916d96e30&amp;width=767\" alt=\"La Comisi\u00f3n Investigadora de la C\u00e1mara de Diputados sobre el caso Libra comenz\u00f3 a sesionar con el objetivo de elegir sus autoridades y aprobar el reglamento. (Foto: JUAN VARGAS\/NA)\"\/><\/figure>\n\n\n\n<p>En total, son 28 miembros que participaron de la elecci\u00f3n este mi\u00e9rcoles: la&nbsp;<strong>mitad est\u00e1n alineados con el oficialismo<\/strong>, con legisladores del PRO, el MID, la UCR, los provinciales de Innovaci\u00f3n Federal y la Liga del Interior de los radicales cercanos a&nbsp;<strong>Javier Milei<\/strong>.<\/p>\n\n\n\n<p>Por otra parte, son&nbsp;<strong>14 los representantes de la oposici\u00f3n<\/strong>: Uni\u00f3n por la Patria, Frente de Izquierda, Democracia para Siempre, Coalici\u00f3n C\u00edvica y Encuentro Federal.<\/p>\n\n\n\n<p>Ayer, en medio de un&nbsp;<strong>clima de alta tensi\u00f3n pol\u00edtica<\/strong>, se puso en marcha la investigaci\u00f3n parlamentaria sobre la pol\u00e9mica criptomoneda Libra, impulsada tras la interpelaci\u00f3n votada por gran parte de la oposici\u00f3n.<\/p>\n\n\n\n<p><strong>Francos<\/strong>&nbsp;fue el \u00fanico miembro del Poder Ejecutivo presente en el Congreso, ya que&nbsp;<strong>los ministros Mariano C\u00faneo Libarona (Justicia) y Luis \u201cToto\u201d Caputo (Econom\u00eda)<\/strong>&nbsp;se excusaron de asistir \u201cpor cuestiones de agenda\u201c.<\/p>\n\n\n\n<p>El jefe de Gabinete lleg\u00f3 al recinto, ley\u00f3 un escrito y neg\u00f3&nbsp;<strong>\u201crotundamente la posibilidad de pagos a funcionarios para tener reuniones con el presidente Javier Milei\u201d<\/strong>. Tambi\u00e9n afirm\u00f3 que&nbsp;<strong>\u201cno tuvo ning\u00fan rol en la criptomoneda Libra\u201d<\/strong>, y visiblemente molesto, agreg\u00f3:&nbsp;<strong>\u201cLlevo muchos a\u00f1os en la actividad p\u00fablica y privada, nunca hice esperar a nadie dos horas para una reuni\u00f3n. Debo decir que es una falta de respeto\u201d<\/strong>.<\/p>\n\n\n\n<p>Sobre la causa central, Francos explic\u00f3:&nbsp;<strong>\u201cEl presidente y los funcionarios no mantuvieron ning\u00fan v\u00ednculo con el proyecto o la moneda.&nbsp;<\/strong>No implic\u00f3 compromiso alguno por parte del Gobierno nacional que, sin perjuicio de ello y ante las repercusiones surgidas, el presidente actu\u00f3 con prudencia al retirar su publicaci\u00f3n personal. Adem\u00e1s, se dispuso a las tareas de investigaci\u00f3n para esclarecer cualquier duda o sospecha al respecto para colaborar con la Justicia lo m\u00e1s r\u00e1pido posible\u201d.<\/p>\n\n\n\n<h2 class=\"wp-block-heading\">El trabajo de la comisi\u00f3n investigadora y sus alcances<\/h2>\n\n\n\n<p>La comisi\u00f3n investigadora tendr\u00e1 como objetivo esclarecer la sucesi\u00f3n de hechos vinculados a la promoci\u00f3n y difusi\u00f3n de la criptomoneda Libra que realiz\u00f3 el Presidente en su cuenta de&nbsp;<em>X<\/em>, el viernes 14 de febrero. En ese sentido, buscar\u00e1 determinar&nbsp;<strong>el grado de participaci\u00f3n y la responsabilidad pol\u00edtica de Milei<\/strong>, pero tambi\u00e9n de la secretaria de la Presidencia,&nbsp;<strong>Karina Milei<\/strong>, del vocero Manuel Adorni, el ministro Luis Caputo y los dem\u00e1s funcionarios p\u00fablicos involucrados en el caso.<\/p>\n\n\n\n<p>Tendr\u00e1 diferentes atribuciones y competencias, como remitir oficios y solicitar informes, documentos y antecedentes que sean relevantes al objeto de la investigaci\u00f3n a entes p\u00fablicos o privados, incluyendo sin limitaci\u00f3n a cualquier funcionario de los distintos poderes de la Naci\u00f3n. Es decir,&nbsp;<strong>podr\u00eda citar al Presidente y a su hermana<\/strong>.Tambi\u00e9n tiene entre sus facultades tomar declaraciones testimoniales y recibir denuncias.<\/p>\n\n\n\n<figure class=\"wp-block-image\"><img decoding=\"async\" src=\"https:\/\/tn.com.ar\/resizer\/v2\/diputados-tratara-el-caso-libra-foto-na-P72GQFP5G5CERP6ZJZVOACWTAY.jpg?auth=2e98a2df60963b3b880898152b439bcc99c8218c8e29f94e186c8c5eec855b86&amp;width=767\" alt=\"Diputados tratar\u00e1 el caso Libra. (Foto: NA)\"\/><\/figure>\n\n\n\n<p>El tiempo de trabajo ser\u00e1 de&nbsp;<strong>tres meses<\/strong>&nbsp;para la producci\u00f3n de sus informes, dict\u00e1menes y conclusiones. Una vez agotado el objeto de la investigaci\u00f3n o transcurrido el plazo m\u00e1ximo fijado, y dentro de los 30 d\u00edas corridos, debe elevar un informe final a Diputados detallando los hechos investigados y los resultados obtenidos.<\/p>\n\n\n\n<p>Cada medida que adopten los integrantes de la comisi\u00f3n tendr\u00e1 que ser puesta&nbsp;<strong>en consideraci\u00f3n del cuerpo: deber\u00e1 votarse<\/strong>. Si no hay consenso ni mayor\u00edas, se podr\u00eda correr el riesgo de empantanar la investigaci\u00f3n y que pasen los tres meses sin lograr un m\u00ednimo avance.<\/p>\n\n\n\n<p>No obstante, si la comisi\u00f3n logra continuar y, en su informe final, encuentra fundamentos elocuentes contra Milei, podr\u00eda solicitar o recomendar su juicio pol\u00edtico por mal desempe\u00f1o, una iniciativa que ya impulsa el bloque de Uni\u00f3n por la Patria, que encabeza Germ\u00e1n Mart\u00ednez.<\/p>\n\n\n\n<p>La investigaci\u00f3n, los avances y sus resultados de la comisi\u00f3n investigadora depender\u00e1n del trabajo de sus integrantes, en el contexto de tensiones permanentes entre el oficialismo y la oposici\u00f3n, y en medio de un a\u00f1o electoral.<\/p>\n","protected":false},"excerpt":{"rendered":"<p>La votaci\u00f3n termin\u00f3 14 a 14. Los legisladores oficialistas propusieron ir a un cuarto intermedio para desempatar la elecci\u00f3n entre las candidaturas de Bornoroni y Selva. Luego de un tenso&hellip; <\/p>\n","protected":false},"author":8,"featured_media":205090,"comment_status":"closed","ping_status":"open","sticky":false,"template":"","format":"standard","meta":{"footnotes":""},"categories":[3],"tags":[],"class_list":["post-205089","post","type-post","status-publish","format-standard","has-post-thumbnail","hentry","category-politica"],"_links":{"self":[{"href":"https:\/\/corrientesdetarde.com\/index.php\/wp-json\/wp\/v2\/posts\/205089","targetHints":{"allow":["GET"]}}],"collection":[{"href":"https:\/\/corrientesdetarde.com\/index.php\/wp-json\/wp\/v2\/posts"}],"about":[{"href":"https:\/\/corrientesdetarde.com\/index.php\/wp-json\/wp\/v2\/types\/post"}],"author":[{"embeddable":true,"href":"https:\/\/corrientesdetarde.com\/index.php\/wp-json\/wp\/v2\/users\/8"}],"replies":[{"embeddable":true,"href":"https:\/\/corrientesdetarde.com\/index.php\/wp-json\/wp\/v2\/comments?post=205089"}],"version-history":[{"count":1,"href":"https:\/\/corrientesdetarde.com\/index.php\/wp-json\/wp\/v2\/posts\/205089\/revisions"}],"predecessor-version":[{"id":205091,"href":"https:\/\/corrientesdetarde.com\/index.php\/wp-json\/wp\/v2\/posts\/205089\/revisions\/205091"}],"wp:featuredmedia":[{"embeddable":true,"href":"https:\/\/corrientesdetarde.com\/index.php\/wp-json\/wp\/v2\/media\/205090"}],"wp:attachment":[{"href":"https:\/\/corrientesdetarde.com\/index.php\/wp-json\/wp\/v2\/media?parent=205089"}],"wp:term":[{"taxonomy":"category","embeddable":true,"href":"https:\/\/corrientesdetarde.com\/index.php\/wp-json\/wp\/v2\/categories?post=205089"},{"taxonomy":"post_tag","embeddable":true,"href":"https:\/\/corrientesdetarde.com\/index.php\/wp-json\/wp\/v2\/tags?post=205089"}],"curies":[{"name":"wp","href":"https:\/\/api.w.org\/{rel}","templated":true}]}}