{"id":205153,"date":"2025-04-30T17:17:16","date_gmt":"2025-04-30T20:17:16","guid":{"rendered":"https:\/\/corrientesdetarde.com\/?p=205153"},"modified":"2025-04-30T17:17:20","modified_gmt":"2025-04-30T20:17:20","slug":"un-devastador-incendio-afecta-a-israel-las-personas-abandonan-sus-autos-en-la-ruta-para-huir-de-las-llamas","status":"publish","type":"post","link":"https:\/\/corrientesdetarde.com\/index.php\/internacionales\/un-devastador-incendio-afecta-a-israel-las-personas-abandonan-sus-autos-en-la-ruta-para-huir-de-las-llamas\/","title":{"rendered":"Un devastador incendio afecta a Israel: las personas abandonan sus autos en la ruta para huir de las llamas"},"content":{"rendered":"\n<p>Hay cinco localidades evacuadas. El fuego se extiende por el calor y los fuertes vientos. Investigan las causas.<\/p>\n\n\n\n<p>En medio de la guerra de Gaza, Israel fue azotado este mi\u00e9rcoles por un incendio devastador en el oeste de Jerusal\u00e9n que oblig\u00f3 a evacuar a cinco localidades. Las llamas causaron al menos&nbsp;<strong>23 heridos leves&nbsp;<\/strong>y provocaron la huida a pie de numerosos automovilistas atrapados en medio de la ruta que une esa ciudad con Tel Aviv.<\/p>\n\n\n\n<p>\u201cProbablemente estemos enfrentando&nbsp;<strong>el mayor incendio en Israel en una d\u00e9cada<\/strong>\u201d, dijo&nbsp;<strong>Eyal Caspi<\/strong>, comandante de la brigada de bomberos, en conferencia de prensa.<\/p>\n\n\n\n<p>El avance del fuego oblig\u00f3 a cerrar la carretera principal que une Tel Aviv con Jerusal\u00e9n. Im\u00e1genes de video mostraron veh\u00edculos varados mientras las llamas se extend\u00edan por el \u00e1rea. Muchos conductores simplemente optaron por abandonar sus autos y escapar a pie del lugar.<\/p>\n\n\n\n<p>El fuego es avivado por fuertes vientos y un clima caluroso y seco. La causa estaba siendo investigada.<\/p>\n\n\n\n<h2 class=\"wp-block-heading\">Emergencia nacional en Israel<\/h2>\n\n\n\n<p>El Ministro de Defensa,<strong>&nbsp;Israel Katz<\/strong>, orden\u00f3 al ej\u00e9rcito desplegarse para controlar las llamas que se est\u00e1n propagando r\u00e1pidamente y calific\u00f3 la situaci\u00f3n de \u201c<strong>emergencia nacional<\/strong>\u201d.<\/p>\n\n\n\n<p>Los Servicios de Emergencia Magen David Adom (MDA) trataron al menos a 23 personas con heridas leves y elevaron el umbral de alerta a su nivel m\u00e1ximo.<\/p>\n\n\n\n<figure class=\"wp-block-image is-resized\"><img decoding=\"async\" src=\"https:\/\/tn.com.ar\/resizer\/v2\/alerta-en-israel-por-incendios-en-las-bosques-proximos-a-jerusalen-foto-efe-policia-de-israel-XJJLIVK3QZFHBHE2PY7RNB3WJA.JPG?auth=4f27df16c7d3d9fb8a54fda30e928b1f7325cbbd643c881549ee0036e8b417a4&amp;width=767\" alt=\"Alerta en Israel por Incendios en las bosques pr\u00f3ximos a Jerusal\u00e9n (Foto: EFE\/ Polic\u00eda de Israel)\" style=\"width:767px;height:auto\"\/><\/figure>\n\n\n\n<p>La polic\u00eda israel\u00ed cerr\u00f3 el mi\u00e9rcoles la carretera entre Jerusal\u00e9n y Tel Aviv y evacu\u00f3 municipios a lo largo de este eje, en una zona ya devastada por incendios hace una semana.<\/p>\n\n\n\n<p>\u201cEstamos en situaci\u00f3n de emergencia nacional y todas las fuerzas disponibles deben movilizarse para salvar vidas y controlar los incendios\u201d, dijo Katz en un comunicado.<\/p>\n\n\n\n<p>Los soldados ayudan a salir a personas atrapadas en las carreteras entre espesas nubes de humo negro.<\/p>\n\n\n\n<p>Al menos cinco localidades fueron evacuadas, dijo la polic\u00eda, todas ellas en una zona a unos 30 kil\u00f3metros al oeste de Jerusal\u00e9n.<\/p>\n\n\n\n<p>Las llamas est\u00e1n devorando \u00e1reas boscosas cerca de la carretera que une Latrun con Bet Shemesh y varios helic\u00f3pteros est\u00e1n tratando de extinguirlas.<\/p>\n\n\n\n<p>El ayuntamiento de Jerusal\u00e9n anunci\u00f3 tambi\u00e9n la cancelaci\u00f3n de todos los eventos programados para el mi\u00e9rcoles, un d\u00eda festivo en todo el pa\u00eds.<\/p>\n","protected":false},"excerpt":{"rendered":"<p>Hay cinco localidades evacuadas. El fuego se extiende por el calor y los fuertes vientos. Investigan las causas. En medio de la guerra de Gaza, Israel fue azotado este mi\u00e9rcoles&hellip; <\/p>\n","protected":false},"author":8,"featured_media":205154,"comment_status":"closed","ping_status":"open","sticky":false,"template":"","format":"standard","meta":{"footnotes":""},"categories":[11],"tags":[],"class_list":["post-205153","post","type-post","status-publish","format-standard","has-post-thumbnail","hentry","category-internacionales"],"_links":{"self":[{"href":"https:\/\/corrientesdetarde.com\/index.php\/wp-json\/wp\/v2\/posts\/205153","targetHints":{"allow":["GET"]}}],"collection":[{"href":"https:\/\/corrientesdetarde.com\/index.php\/wp-json\/wp\/v2\/posts"}],"about":[{"href":"https:\/\/corrientesdetarde.com\/index.php\/wp-json\/wp\/v2\/types\/post"}],"author":[{"embeddable":true,"href":"https:\/\/corrientesdetarde.com\/index.php\/wp-json\/wp\/v2\/users\/8"}],"replies":[{"embeddable":true,"href":"https:\/\/corrientesdetarde.com\/index.php\/wp-json\/wp\/v2\/comments?post=205153"}],"version-history":[{"count":1,"href":"https:\/\/corrientesdetarde.com\/index.php\/wp-json\/wp\/v2\/posts\/205153\/revisions"}],"predecessor-version":[{"id":205155,"href":"https:\/\/corrientesdetarde.com\/index.php\/wp-json\/wp\/v2\/posts\/205153\/revisions\/205155"}],"wp:featuredmedia":[{"embeddable":true,"href":"https:\/\/corrientesdetarde.com\/index.php\/wp-json\/wp\/v2\/media\/205154"}],"wp:attachment":[{"href":"https:\/\/corrientesdetarde.com\/index.php\/wp-json\/wp\/v2\/media?parent=205153"}],"wp:term":[{"taxonomy":"category","embeddable":true,"href":"https:\/\/corrientesdetarde.com\/index.php\/wp-json\/wp\/v2\/categories?post=205153"},{"taxonomy":"post_tag","embeddable":true,"href":"https:\/\/corrientesdetarde.com\/index.php\/wp-json\/wp\/v2\/tags?post=205153"}],"curies":[{"name":"wp","href":"https:\/\/api.w.org\/{rel}","templated":true}]}}