{"id":205209,"date":"2025-05-01T07:53:21","date_gmt":"2025-05-01T10:53:21","guid":{"rendered":"https:\/\/corrientesdetarde.com\/?p=205209"},"modified":"2025-05-01T07:53:23","modified_gmt":"2025-05-01T10:53:23","slug":"el-gran-apagon-de-europa-causas-y-consecuencias-de-un-colapso-energetico-sin-precedentes","status":"publish","type":"post","link":"https:\/\/corrientesdetarde.com\/index.php\/internacionales\/el-gran-apagon-de-europa-causas-y-consecuencias-de-un-colapso-energetico-sin-precedentes\/","title":{"rendered":"EL GRAN APAG\u00d3N DE EUROPA: CAUSAS Y CONSECUENCIAS DE UN COLAPSO ENERG\u00c9TICO SIN PRECEDENTES"},"content":{"rendered":"\n<p>(Corresponsal\u00eda Buenos Aires) &#8211; El 28 de abril de 2025, Europa fue testigo de uno de los apagones m\u00e1s significativos de su historia reciente.\u00a0Espa\u00f1a y Portugal, junto con partes del sur de Francia y Andorra, quedaron sumidas en la oscuridad debido a un colapso el\u00e9ctrico que afect\u00f3 a m\u00e1s de 60 millones de personas.\u200b<\/p>\n\n\n\n<h3 class=\"wp-block-heading\">Causas del Apag\u00f3n<\/h3>\n\n\n\n<p>El apag\u00f3n se origin\u00f3 por una s\u00fabita p\u00e9rdida de aproximadamente 15 gigavatios de energ\u00eda, equivalente al 60% del consumo el\u00e9ctrico de Espa\u00f1a en ese momento.&nbsp;Esta ca\u00edda provoc\u00f3 un colapso en la red el\u00e9ctrica que se extendi\u00f3 r\u00e1pidamente a las regiones conectadas.&nbsp;Red El\u00e9ctrica de Espa\u00f1a (REE) indic\u00f3 que el evento fue causado por una &#8220;oscilaci\u00f3n fuerte del flujo de potencia&#8221; en el sistema el\u00e9ctrico europeo.&nbsp;Aunque se descartaron preliminarmente hip\u00f3tesis como ciberataques, errores humanos o fen\u00f3menos meteorol\u00f3gicos extremos, la investigaci\u00f3n oficial a\u00fan no ha determinado la causa exacta del apag\u00f3n.&nbsp;\u200b<\/p>\n\n\n\n<h3 class=\"wp-block-heading\">Consecuencias Inmediatas<\/h3>\n\n\n\n<p>El impacto del apag\u00f3n fue devastador.&nbsp;Infraestructuras cr\u00edticas como hospitales, aeropuertos, redes de transporte y telecomunicaciones se vieron gravemente afectadas.&nbsp;La radio se convirti\u00f3 en el principal medio de comunicaci\u00f3n debido al fallo de las redes m\u00f3viles e internet.&nbsp;Se reportaron al menos cinco fallecimientos en Espa\u00f1a relacionados con el incidente, incluyendo casos de fallos en generadores de equipos m\u00e9dicos y accidentes dom\u00e9sticos.&nbsp;Adem\u00e1s, se suspendieron las actividades educativas en varias comunidades aut\u00f3nomas y se cancelaron numerosos eventos deportivos y culturales.&nbsp;\u200b<\/p>\n\n\n\n<hr class=\"wp-block-separator has-alpha-channel-opacity\"\/>\n\n\n\n<h3 class=\"wp-block-heading\">Restablecimiento del Servicio<\/h3>\n\n\n\n<p>El restablecimiento del suministro el\u00e9ctrico comenz\u00f3 de manera paulatina a partir de las 17:00 horas del mismo d\u00eda.&nbsp;Para las 23:00 horas, el 51% de la demanda el\u00e9ctrica en Espa\u00f1a hab\u00eda sido recuperada, alcanzando el 99,95% a las 7:00 horas del 29 de abril.&nbsp;En Portugal, la electricidad fue gradualmente restaurada utilizando sistemas con capacidad de arranque en negro, como la central hidroel\u00e9ctrica de Castelo do Bode y la central de gas natural de Tapada do Outeiro.&nbsp;La red el\u00e9ctrica portuguesa fue completamente restablecida en la madrugada del 29 de abril.<\/p>\n\n\n\n<hr class=\"wp-block-separator has-alpha-channel-opacity\"\/>\n\n\n\n<h3 class=\"wp-block-heading\">Repercusiones y Medidas Futuras<\/h3>\n\n\n\n<p>El apag\u00f3n gener\u00f3 un debate sobre la vulnerabilidad de las infraestructuras el\u00e9ctricas y la necesidad de mejorar la resiliencia del sistema energ\u00e9tico.&nbsp;El presidente del Gobierno espa\u00f1ol, Pedro S\u00e1nchez, convoc\u00f3 una reuni\u00f3n extraordinaria del Consejo de Seguridad Nacional y activ\u00f3 el nivel 3 de emergencia en varias comunidades aut\u00f3nomas.&nbsp;Se movilizaron recursos de emergencia y se solicit\u00f3 a la poblaci\u00f3n limitar sus desplazamientos y el uso de dispositivos electr\u00f3nicos.&nbsp;La Comisi\u00f3n Europea expres\u00f3 su apoyo y anunci\u00f3 la elaboraci\u00f3n de un informe independiente sobre el incidente, con una primera versi\u00f3n t\u00e9cnica prevista en seis meses y un informe final antes de septiembre de 2026.&nbsp;<\/p>\n\n\n\n<hr class=\"wp-block-separator has-alpha-channel-opacity\"\/>\n\n\n\n<p>Este evento ha puesto de manifiesto la interdependencia de las infraestructuras cr\u00edticas a nivel internacional y la importancia de fortalecer la seguridad y estabilidad de las redes el\u00e9ctricas en Europa.<\/p>\n","protected":false},"excerpt":{"rendered":"<p>(Corresponsal\u00eda Buenos Aires) &#8211; El 28 de abril de 2025, Europa fue testigo de uno de los apagones m\u00e1s significativos de su historia reciente.\u00a0Espa\u00f1a y Portugal, junto con partes del&hellip; <\/p>\n","protected":false},"author":11,"featured_media":205210,"comment_status":"closed","ping_status":"open","sticky":false,"template":"","format":"standard","meta":{"footnotes":""},"categories":[11],"tags":[],"class_list":["post-205209","post","type-post","status-publish","format-standard","has-post-thumbnail","hentry","category-internacionales"],"_links":{"self":[{"href":"https:\/\/corrientesdetarde.com\/index.php\/wp-json\/wp\/v2\/posts\/205209","targetHints":{"allow":["GET"]}}],"collection":[{"href":"https:\/\/corrientesdetarde.com\/index.php\/wp-json\/wp\/v2\/posts"}],"about":[{"href":"https:\/\/corrientesdetarde.com\/index.php\/wp-json\/wp\/v2\/types\/post"}],"author":[{"embeddable":true,"href":"https:\/\/corrientesdetarde.com\/index.php\/wp-json\/wp\/v2\/users\/11"}],"replies":[{"embeddable":true,"href":"https:\/\/corrientesdetarde.com\/index.php\/wp-json\/wp\/v2\/comments?post=205209"}],"version-history":[{"count":1,"href":"https:\/\/corrientesdetarde.com\/index.php\/wp-json\/wp\/v2\/posts\/205209\/revisions"}],"predecessor-version":[{"id":205211,"href":"https:\/\/corrientesdetarde.com\/index.php\/wp-json\/wp\/v2\/posts\/205209\/revisions\/205211"}],"wp:featuredmedia":[{"embeddable":true,"href":"https:\/\/corrientesdetarde.com\/index.php\/wp-json\/wp\/v2\/media\/205210"}],"wp:attachment":[{"href":"https:\/\/corrientesdetarde.com\/index.php\/wp-json\/wp\/v2\/media?parent=205209"}],"wp:term":[{"taxonomy":"category","embeddable":true,"href":"https:\/\/corrientesdetarde.com\/index.php\/wp-json\/wp\/v2\/categories?post=205209"},{"taxonomy":"post_tag","embeddable":true,"href":"https:\/\/corrientesdetarde.com\/index.php\/wp-json\/wp\/v2\/tags?post=205209"}],"curies":[{"name":"wp","href":"https:\/\/api.w.org\/{rel}","templated":true}]}}