{"id":205285,"date":"2025-05-01T11:00:11","date_gmt":"2025-05-01T14:00:11","guid":{"rendered":"https:\/\/corrientesdetarde.com\/?p=205285"},"modified":"2025-05-01T11:00:12","modified_gmt":"2025-05-01T14:00:12","slug":"javier-milei-aseguro-que-la-inflacion-va-a-bajar-en-2026","status":"publish","type":"post","link":"https:\/\/corrientesdetarde.com\/index.php\/economia\/javier-milei-aseguro-que-la-inflacion-va-a-bajar-en-2026\/","title":{"rendered":"Javier Milei asegur\u00f3 que la inflaci\u00f3n va a bajar en 2026"},"content":{"rendered":"\n<p>El Presidente asegur\u00f3 que &#8220;para mediados del a\u00f1o que viene la inflaci\u00f3n va a ser historia&#8221;.<\/p>\n\n\n\n<p>El Presidente Javier Milei asegur\u00f3 esta ma\u00f1ana que la inflaci\u00f3n va a bajar a mediados del a\u00f1o que viene y que &#8220;ahora es el momento de empezar a discutir el crecimiento&#8221;.<\/p>\n\n\n\n<p>&#8220;Tenemos conciencia de que hay mucho por hacer, pero lo que se hizo est\u00e1 fuera de los manuales en t\u00e9rminos de logros&#8221; indic\u00f3 el mandatario en di\u00e1logo con El Observador.<\/p>\n\n\n\n<p>Al ser consultado sobre la quita de aranceles que anunci\u00f3 este mi\u00e9rcoles el ministro de Econom\u00eda, Luis Caputo, el Presidente indic\u00f3 que &#8220;Argentina es un pa\u00eds que viene de una decadencia de m\u00e1s de cien a\u00f1os&#8221; y que &#8220;siempre estuvimos corriendo atr\u00e1s del d\u00f3lar, atr\u00e1s de la inflaci\u00f3n&#8221;, por lo que hay que &#8220;hay que traer discusiones poco convencionales para la l\u00f3gica que ha sido el pa\u00eds en los \u00faltimos cien a\u00f1os&#8221;.<\/p>\n\n\n\n<p>Milei asegur\u00f3 que &#8220;una de las patas de la libertad econ\u00f3mica es la apertura comercial&#8221;, y que &#8220;otra tiene que ver con los derechos de propiedad&#8221;.&nbsp;<\/p>\n\n\n\n<p>Asimismo, explic\u00f3 que la desregulaci\u00f3n &#8220;est\u00e1 vinculada a un tema t\u00e9cnico que se llama no convexidades rendimientos crecientes&#8221;, &nbsp;que tiene que ver con c\u00f3mo las regulaciones te matan el crecimiento&#8221;. Tambi\u00e9n destac\u00f3 el rol del ahorro fiscal para impulsar el crecimiento econ\u00f3mico.<\/p>\n\n\n\n<p>Por \u00faltimo, Milei recomend\u00f3 que &#8220;no hay que ponerse ansioso&#8221; y que &#8220;hay que saber esperar&#8221; los resultados, ya que con &#8220;resultados artificiales el costo termina siendo enorme porque uno cree que avanza dos pasos, pero despu\u00e9s termina diez atr\u00e1s&#8221;.<\/p>\n","protected":false},"excerpt":{"rendered":"<p>El Presidente asegur\u00f3 que &#8220;para mediados del a\u00f1o que viene la inflaci\u00f3n va a ser historia&#8221;. El Presidente Javier Milei asegur\u00f3 esta ma\u00f1ana que la inflaci\u00f3n va a bajar a&hellip; <\/p>\n","protected":false},"author":3,"featured_media":205296,"comment_status":"closed","ping_status":"open","sticky":false,"template":"","format":"standard","meta":{"footnotes":""},"categories":[20],"tags":[],"class_list":["post-205285","post","type-post","status-publish","format-standard","has-post-thumbnail","hentry","category-economia"],"_links":{"self":[{"href":"https:\/\/corrientesdetarde.com\/index.php\/wp-json\/wp\/v2\/posts\/205285","targetHints":{"allow":["GET"]}}],"collection":[{"href":"https:\/\/corrientesdetarde.com\/index.php\/wp-json\/wp\/v2\/posts"}],"about":[{"href":"https:\/\/corrientesdetarde.com\/index.php\/wp-json\/wp\/v2\/types\/post"}],"author":[{"embeddable":true,"href":"https:\/\/corrientesdetarde.com\/index.php\/wp-json\/wp\/v2\/users\/3"}],"replies":[{"embeddable":true,"href":"https:\/\/corrientesdetarde.com\/index.php\/wp-json\/wp\/v2\/comments?post=205285"}],"version-history":[{"count":1,"href":"https:\/\/corrientesdetarde.com\/index.php\/wp-json\/wp\/v2\/posts\/205285\/revisions"}],"predecessor-version":[{"id":205308,"href":"https:\/\/corrientesdetarde.com\/index.php\/wp-json\/wp\/v2\/posts\/205285\/revisions\/205308"}],"wp:featuredmedia":[{"embeddable":true,"href":"https:\/\/corrientesdetarde.com\/index.php\/wp-json\/wp\/v2\/media\/205296"}],"wp:attachment":[{"href":"https:\/\/corrientesdetarde.com\/index.php\/wp-json\/wp\/v2\/media?parent=205285"}],"wp:term":[{"taxonomy":"category","embeddable":true,"href":"https:\/\/corrientesdetarde.com\/index.php\/wp-json\/wp\/v2\/categories?post=205285"},{"taxonomy":"post_tag","embeddable":true,"href":"https:\/\/corrientesdetarde.com\/index.php\/wp-json\/wp\/v2\/tags?post=205285"}],"curies":[{"name":"wp","href":"https:\/\/api.w.org\/{rel}","templated":true}]}}