{"id":205310,"date":"2025-05-01T12:08:34","date_gmt":"2025-05-01T15:08:34","guid":{"rendered":"https:\/\/corrientesdetarde.com\/?p=205310"},"modified":"2025-05-01T12:08:42","modified_gmt":"2025-05-01T15:08:42","slug":"sandra-laham-y-la-importancia-de-transformar-cada-1-de-mayo-en-una-jornada-de-reflexion-activa","status":"publish","type":"post","link":"https:\/\/corrientesdetarde.com\/index.php\/informacion-general\/sandra-laham-y-la-importancia-de-transformar-cada-1-de-mayo-en-una-jornada-de-reflexion-activa\/","title":{"rendered":"SANDRA LAHAM Y LA IMPORTANCIA DE TRANSFORMAR CADA 1\u00b0 DE MAYO EN UNA JORNADA DE REFLEXI\u00d3N ACTIVA"},"content":{"rendered":"\n<p>Este 1\u00b0 de mayo se conmemora en todo el mundo el D\u00eda Internacional del Trabajador, una fecha que invita a reflexionar sobre los desaf\u00edos que a\u00fan enfrentan millones de trabajadores en la Argentina. En este contexto, el rol de los especialistas en derecho laboral cobra una relevancia vital.<\/p>\n\n\n\n<p>Una de las voces m\u00e1s destacadas en esta materia es la de la Dra. Sandra Laham, reconocida abogada que ha construido una s\u00f3lida trayectoria en la defensa de los derechos laborales y en la gesti\u00f3n de reclamos ante las Aseguradoras de Riesgos del Trabajo (ART).<\/p>\n\n\n\n<p>Con una mirada cr\u00edtica y comprometida, la Dra. Laham sostiene que \u201cel D\u00eda del Trabajador no debe limitarse a una efem\u00e9ride, sino que debe ser una oportunidad para visibilizar las condiciones de empleo, exigir el cumplimiento de la ley y garantizar que quienes sufren accidentes o enfermedades laborales reciban una reparaci\u00f3n justa y r\u00e1pida\u201d.<\/p>\n\n\n\n<p>Laham, quien lidera un estudio jur\u00eddico especializado en derecho laboral, se ha convertido en una referencia clave para quienes enfrentan conflictos con empleadores o reclamos a las ART, que muchas veces demoran en reconocer la cobertura o el resarcimiento correspondiente. \u201cLas aseguradoras tienen recursos y estrategias para dilatar los procesos, pero los trabajadores deben saber que tienen derechos, y que la ley los respalda\u201d, explica.<\/p>\n\n\n\n<p>Seg\u00fan datos oficiales, durante 2024 m\u00e1s de 600.000 trabajadores en Argentina sufrieron alg\u00fan tipo de accidente laboral. Sin embargo, no todos acceden a una atenci\u00f3n adecuada ni a una indemnizaci\u00f3n acorde. All\u00ed es donde la intervenci\u00f3n de profesionales como la Dra. Laham marca una diferencia concreta. \u201cNuestro trabajo es hacer cumplir la ley, pero tambi\u00e9n acompa\u00f1ar, contener y asesorar a personas que, adem\u00e1s de un da\u00f1o f\u00edsico, atraviesan un momento de gran incertidumbre\u201d, se\u00f1ala la especialista.<\/p>\n\n\n\n<p>En medio de una coyuntura econ\u00f3mica compleja y con un mercado laboral atravesado por la informalidad y la precarizaci\u00f3n, Sandra Laham advierte sobre la importancia de seguir fortaleciendo los derechos conquistados y no retroceder en las garant\u00edas b\u00e1sicas. \u201cEl derecho laboral existe para equilibrar una relaci\u00f3n desigual entre empleador y empleado. Debemos estar atentos para que no se vulneren esas protecciones\u201d.<\/p>\n\n\n\n<p>Este 1\u00b0 de mayo, m\u00e1s que una celebraci\u00f3n, es un llamado a no bajar los brazos. A recordar que detr\u00e1s de cada puesto de trabajo hay una historia, una familia, y una dignidad que merece ser cuidada. Y que el compromiso de profesionales como la Dra. Sandra Laham es clave para que esa dignidad no sea solo una palabra, sino un derecho efectivo.<\/p>\n\n\n\n<p>Estudio Jur\u00eddico Dra. Sandra Laham<br>Sitio Web: https:\/\/drasandralaham.online<\/p>\n","protected":false},"excerpt":{"rendered":"<p>Este 1\u00b0 de mayo se conmemora en todo el mundo el D\u00eda Internacional del Trabajador, una fecha que invita a reflexionar sobre los desaf\u00edos que a\u00fan enfrentan millones de trabajadores&hellip; <\/p>\n","protected":false},"author":11,"featured_media":205311,"comment_status":"closed","ping_status":"open","sticky":false,"template":"","format":"standard","meta":{"footnotes":""},"categories":[1],"tags":[],"class_list":["post-205310","post","type-post","status-publish","format-standard","has-post-thumbnail","hentry","category-informacion-general"],"_links":{"self":[{"href":"https:\/\/corrientesdetarde.com\/index.php\/wp-json\/wp\/v2\/posts\/205310","targetHints":{"allow":["GET"]}}],"collection":[{"href":"https:\/\/corrientesdetarde.com\/index.php\/wp-json\/wp\/v2\/posts"}],"about":[{"href":"https:\/\/corrientesdetarde.com\/index.php\/wp-json\/wp\/v2\/types\/post"}],"author":[{"embeddable":true,"href":"https:\/\/corrientesdetarde.com\/index.php\/wp-json\/wp\/v2\/users\/11"}],"replies":[{"embeddable":true,"href":"https:\/\/corrientesdetarde.com\/index.php\/wp-json\/wp\/v2\/comments?post=205310"}],"version-history":[{"count":1,"href":"https:\/\/corrientesdetarde.com\/index.php\/wp-json\/wp\/v2\/posts\/205310\/revisions"}],"predecessor-version":[{"id":205312,"href":"https:\/\/corrientesdetarde.com\/index.php\/wp-json\/wp\/v2\/posts\/205310\/revisions\/205312"}],"wp:featuredmedia":[{"embeddable":true,"href":"https:\/\/corrientesdetarde.com\/index.php\/wp-json\/wp\/v2\/media\/205311"}],"wp:attachment":[{"href":"https:\/\/corrientesdetarde.com\/index.php\/wp-json\/wp\/v2\/media?parent=205310"}],"wp:term":[{"taxonomy":"category","embeddable":true,"href":"https:\/\/corrientesdetarde.com\/index.php\/wp-json\/wp\/v2\/categories?post=205310"},{"taxonomy":"post_tag","embeddable":true,"href":"https:\/\/corrientesdetarde.com\/index.php\/wp-json\/wp\/v2\/tags?post=205310"}],"curies":[{"name":"wp","href":"https:\/\/api.w.org\/{rel}","templated":true}]}}