{"id":205426,"date":"2025-05-02T09:02:19","date_gmt":"2025-05-02T12:02:19","guid":{"rendered":"https:\/\/corrientesdetarde.com\/?p=205426"},"modified":"2025-05-02T09:02:20","modified_gmt":"2025-05-02T12:02:20","slug":"conmocion-en-jujuy-por-el-hallazgo-de-dos-cuerpos-calcinados","status":"publish","type":"post","link":"https:\/\/corrientesdetarde.com\/index.php\/informacion-general\/conmocion-en-jujuy-por-el-hallazgo-de-dos-cuerpos-calcinados\/","title":{"rendered":"Conmoci\u00f3n en Jujuy por el hallazgo de dos cuerpos calcinados"},"content":{"rendered":"\n<p>Los mismos fueron hallados en el asiento trasero de un veh\u00edculo, el cual fue consumido por el fuego.<\/p>\n\n\n\n<p>Dos cuerpos calcinados fueron hallados en el asiento trasero de un veh\u00edculo que tambi\u00e9n fue consumido por las llamas en el departamento juje\u00f1o de El Carmen y la Justicia busca establecer las circunstancias en que se produjo el hecho.<\/p>\n\n\n\n<p>Seg\u00fan inform\u00f3 El Tribuno de Jujuy, el episodio se registr\u00f3 el pasado mi\u00e9rcoles alrededor de las 21.45 en un camino interno ubicado en la ruta provincial N\u00b0 43, cerca del paraje Pozo Cavado, a unos cinco kil\u00f3metros de la intersecci\u00f3n con ruta nacional N\u00b0 34.<\/p>\n\n\n\n<p>En tanto, se indic\u00f3 que fue un llamado telef\u00f3nico el que alert\u00f3 a las autoridades sobre la presencia de un veh\u00edculo que se incendiaba, por lo cual, efectivos de la Seccional 45\u00b0 acudieron al lugar junto a Bomberos de la Unidad Regional 6.<\/p>\n\n\n\n<p>Tras sofocar las llamas que dejaron destruido en su totalidad, los uniformados advirtieron que se trataba de un veh\u00edculo Jeep Renagade y vieron que en el asiento trasero hab\u00eda dos cuerpos calcinados.<\/p>\n\n\n\n<p>De inmediato remitieron las actuaciones al ayudante fiscal zonal del Ministerio P\u00fablico de la Acusaci\u00f3n, quien solicit\u00f3 la presencia de personal del departamento de Criminal\u00edstica y de la Divisi\u00f3n Homicidios de la Direcci\u00f3n General de Investigaciones.<\/p>\n\n\n\n<figure class=\"wp-block-image\"><img decoding=\"async\" src=\"https:\/\/www.diarioepoca.com\/content\/bucket\/7\/1427237w790h446c.webp.webp\" alt=\"\"\/><\/figure>\n\n\n\n<p>El citado medio juje\u00f1o se\u00f1al\u00f3 que entre los restos del rodado hallaron una chapa patente, dieron con la identificaci\u00f3n de la propietaria y, tras entrevistar a los familiares, \u00e9stos le indicaron que la misma hab\u00eda salido a bordo del veh\u00edculo junto a su pareja.<\/p>\n\n\n\n<p>En las pr\u00f3ximas horas se aguarda que las v\u00edctimas sean identificadas tras la realizaci\u00f3n de las autopsias que tendr\u00e1n lugar en la morgue del Poder Judicial del barrio Alto Comedero de la capital juje\u00f1a.<\/p>\n\n\n\n<p>Si bien los polic\u00edas realizaron recorridos en las inmediaciones del lugar en b\u00fasqueda de una tercer persona que haya podido tener participaci\u00f3n en el hecho, el resultado fue negativo y las autoridades no descartan ninguna hip\u00f3tesis.<\/p>\n\n\n\n<p>Las actuaciones complementarias quedaron a cargo de los efectivos de la Direcci\u00f3n General de Investigaciones de la Unidad Regional 6, por directivas del representante fiscal.<\/p>\n","protected":false},"excerpt":{"rendered":"<p>Los mismos fueron hallados en el asiento trasero de un veh\u00edculo, el cual fue consumido por el fuego. Dos cuerpos calcinados fueron hallados en el asiento trasero de un veh\u00edculo&hellip; <\/p>\n","protected":false},"author":3,"featured_media":205435,"comment_status":"closed","ping_status":"open","sticky":false,"template":"","format":"standard","meta":{"footnotes":""},"categories":[1],"tags":[],"class_list":["post-205426","post","type-post","status-publish","format-standard","has-post-thumbnail","hentry","category-informacion-general"],"_links":{"self":[{"href":"https:\/\/corrientesdetarde.com\/index.php\/wp-json\/wp\/v2\/posts\/205426","targetHints":{"allow":["GET"]}}],"collection":[{"href":"https:\/\/corrientesdetarde.com\/index.php\/wp-json\/wp\/v2\/posts"}],"about":[{"href":"https:\/\/corrientesdetarde.com\/index.php\/wp-json\/wp\/v2\/types\/post"}],"author":[{"embeddable":true,"href":"https:\/\/corrientesdetarde.com\/index.php\/wp-json\/wp\/v2\/users\/3"}],"replies":[{"embeddable":true,"href":"https:\/\/corrientesdetarde.com\/index.php\/wp-json\/wp\/v2\/comments?post=205426"}],"version-history":[{"count":1,"href":"https:\/\/corrientesdetarde.com\/index.php\/wp-json\/wp\/v2\/posts\/205426\/revisions"}],"predecessor-version":[{"id":205448,"href":"https:\/\/corrientesdetarde.com\/index.php\/wp-json\/wp\/v2\/posts\/205426\/revisions\/205448"}],"wp:featuredmedia":[{"embeddable":true,"href":"https:\/\/corrientesdetarde.com\/index.php\/wp-json\/wp\/v2\/media\/205435"}],"wp:attachment":[{"href":"https:\/\/corrientesdetarde.com\/index.php\/wp-json\/wp\/v2\/media?parent=205426"}],"wp:term":[{"taxonomy":"category","embeddable":true,"href":"https:\/\/corrientesdetarde.com\/index.php\/wp-json\/wp\/v2\/categories?post=205426"},{"taxonomy":"post_tag","embeddable":true,"href":"https:\/\/corrientesdetarde.com\/index.php\/wp-json\/wp\/v2\/tags?post=205426"}],"curies":[{"name":"wp","href":"https:\/\/api.w.org\/{rel}","templated":true}]}}