{"id":205567,"date":"2025-05-02T19:07:00","date_gmt":"2025-05-02T22:07:00","guid":{"rendered":"https:\/\/corrientesdetarde.com\/?p=205567"},"modified":"2025-05-03T08:14:27","modified_gmt":"2025-05-03T11:14:27","slug":"insolito-los-mecanicos-de-mclaren-se-olvidaron-las-herramientas-en-el-coche-de-lando-norris","status":"publish","type":"post","link":"https:\/\/corrientesdetarde.com\/index.php\/deportes\/insolito-los-mecanicos-de-mclaren-se-olvidaron-las-herramientas-en-el-coche-de-lando-norris\/","title":{"rendered":"Ins\u00f3lito: los mec\u00e1nicos de McLaren se olvidaron las herramientas en el coche de Lando Norris."},"content":{"rendered":"\n<h2 class=\"wp-block-heading\">El piloto brit\u00e1nico vivi\u00f3 una peculiar situaci\u00f3n que le hizo perder tiempo en la FP1 del Gran Premio de Miami.<\/h2>\n\n\n\n<p>Comenz\u00f3 la actividad del\u00a0<strong>Gran Premio de Miami<\/strong>\u00a0de la\u00a0<strong>F\u00f3rmula 1<\/strong>\u00a0con la primera -y \u00fanica- pr\u00e1ctica libre de un fin de semana especial, ya que contar\u00e1 con la segunda carrera Sprint de la temporada. El puntero del campeonato,\u00a0<strong>Oscar Piastri<\/strong>, pis\u00f3 fuerte en las pruebas y termin\u00f3 c\u00f3modamente en el primer lugar con su\u00a0<strong>McLaren<\/strong>. Sin embargo, uno de los grandes acontecimientos de la sesi\u00f3n estuvo ligado a un ins\u00f3lito momento que tuvo que sufrir su compa\u00f1ero,\u00a0<strong>Lando Norris<\/strong>.<\/p>\n\n\n\n<p>En la primera salida a pista del piloto de 25 a\u00f1os,<strong>&nbsp;los mec\u00e1nicos de la escuder\u00eda brit\u00e1nica se olvidaron dos herramientas dentro del cockpit del corredor y tuvo que volver a los boxes de forma obligatoria.&nbsp;<\/strong>\u201cUn comienzo menos que ideal de la FP1 para Lando Norris. Al parecer, una herramienta de garaje se hab\u00eda quedado en la cabina en su vuelta de salida\u201d, coment\u00f3 la cuenta oficial de la F\u00f3rmula 1 en las redes sociales.<\/p>\n\n\n\n<p>Durante la transmisi\u00f3n oficial, el periodista y ex mec\u00e1nico de la&nbsp;<em>M\u00e1xima<\/em>, Albert F\u00e1brega, coment\u00f3 en&nbsp;<em>ESPN&nbsp;<\/em>qu\u00e9 fue lo que pas\u00f3: \u201c<strong>Es una linterna que se utiliza para cuando los mec\u00e1nicos trabajan en la parte interior del chasis, donde van las piernas del piloto<\/strong>\u201d. Por este suceso, la FIA y el director de carrera elevaron una investigaci\u00f3n sobre McLaren y los citaron a comisarios para explicar lo sucedido, alegando un posible<strong>&nbsp;\u201clanzamiento inseguro\u201d.<\/strong><\/p>\n\n\n\n<p>\u201cEl equipo admiti\u00f3 en la audiencia que cometi\u00f3 un error al dejar dos linternas en la cabina cuando el coche 4 sali\u00f3 del garaje. Sin embargo, el piloto se dio cuenta inmediatamente despu\u00e9s de entrar en la pista de que hab\u00eda alg\u00fan equipo en el coche y pudo asegurar ambas piezas poco despu\u00e9s de abandonar la salida de boxes antes de volver lentamente a boxes\u201d, indic\u00f3 el informe de los comisarios.<\/p>\n\n\n\n<figure class=\"wp-block-image size-full\"><img decoding=\"async\" src=\"https:\/\/corrientesdetarde.com\/wp-content\/uploads\/2025\/05\/image-27.png\" alt=\"\" class=\"wp-image-205568\"\/><\/figure>\n\n\n\n<p>M\u00e1s all\u00e1 de que no pas\u00f3 a mayores y apenas le dieron una advertencia a Norris,&nbsp;<strong>el piloto mostr\u00f3 su disgusto con la situaci\u00f3n y tir\u00f3 las herramientas una vez que lleg\u00f3 a los pits<\/strong>. \u201cLos comisarios determinan que el incidente se califica como una salida del coche en condiciones inseguras, pero el piloto se dio cuenta del problema extremadamente r\u00e1pido y reaccion\u00f3 adecuadamente para evitar cualquier situaci\u00f3n insegura o peligrosa\u201d, plantearon.<\/p>\n\n\n\n<p>Vale destacar que el entrenamiento es fundamental para que las escuder\u00edas puedan lograr una puesta a punto ideal en el monoplaza. Y, en un fin de semana especial con carrera Sprint, esta \u00fanica prueba era trascendental para que los pilotos puedan afinar los detalles antes de adentrarse en plena competici\u00f3n.<\/p>\n\n\n\n<p>Otro de los momentos peculiares que atravesaron a la FP1 tambi\u00e9n estuvo ligado a McLaren. La transmisi\u00f3n oficial mostr\u00f3 a&nbsp;<strong>Zak Brown<\/strong>, Director Ejecutivo de la escuder\u00eda brit\u00e1nica,&nbsp;<strong>tomando agua de una botella que ten\u00eda la frase \u201cTire Water! (\u00a1Agua de neum\u00e1ticos!)\u201d.<\/strong>&nbsp;Esto se tom\u00f3 con una burla a las especulaciones por parte de&nbsp;<strong>Red Bull<\/strong>, uno de sus grandes competidores en la F1, que se\u00f1alaba que el&nbsp;<strong>MCL39<\/strong>&nbsp;<strong>ten\u00eda un sistema con agua dentro de los neum\u00e1ticos para enfriarlos.<\/strong><\/p>\n\n\n\n<p>En relaci\u00f3n con lo realizado en pista, McLaren volvi\u00f3 a demostrar la enorme superioridad que tiene frente a sus rivales.<strong>&nbsp;Piastri qued\u00f3 en lo m\u00e1s alto con un registro de 1:27.128<\/strong>, sac\u00e1ndole una diferencia de 0.356 segundos a la&nbsp;<strong>Ferrari&nbsp;<\/strong>de&nbsp;<strong>Charles Leclerc<\/strong>, que termin\u00f3 por detr\u00e1s.<img loading=\"lazy\" decoding=\"async\" alt=\"La botella que utiliz\u00f3 Zak\" height=\"1080\" src=\"https:\/\/www.infobae.com\/resizer\/v2\/6UOHRLCSIRAOLFF7JOPNVAC6GE.jpg?auth=a43b04327c12a93c4d3bd9da64228e880e112c4616dd678caaa9b09a04122017&amp;smart=true&amp;width=350&amp;height=197&amp;quality=85\" width=\"1920\">La botella que utiliz\u00f3 Zak Brown con la que se burl\u00f3 de Red Bull<\/p>\n\n\n\n<p>Por su parte, Norris,\u00a0que est\u00e1 utilizando un llamativo casco especial para el trazado estadounidense,\u00a0<strong>qued\u00f3 decimosegundo con un tiempo de 1:28.391<\/strong>. El brit\u00e1nico no pudo completar su giro con neum\u00e1ticos blandos por el choque del\u00a0<strong>Haas\u00a0<\/strong>de\u00a0<strong>Oliver Bearman<\/strong>\u00a0en el cierre de la sesi\u00f3n.<\/p>\n\n\n\n<p>Lando necesita revertir los resultados de sus \u00faltimas presentaciones y buscar\u00e1 volver a escalar a lo m\u00e1s alto de la tabla de pilotos. Tras las dos victorias de Piastri en&nbsp;<strong>Bahr\u00e9in y Arabia Saudita<\/strong>,<strong>&nbsp;el australiano lidera el campeonato con 99 unidades, mientras que su compa\u00f1ero suma 89.<\/strong>&nbsp;De cerca los sigue el Red Bull de Max Verstappen con 87 puntos.<\/p>\n\n\n\n<p>Cabe resaltar que&nbsp;<strong>Gran Premio de Miami<\/strong>&nbsp;se disputa en un circuito urbano y ser\u00e1 el segundo evento (habr\u00e1 seis en total) en la temporada con carrera Sprint. Despu\u00e9s de la \u00fanica pr\u00e1ctica libre, vendr\u00e1 la clasificaci\u00f3n para la carrera Sprint (17:30), que se disputar\u00e1 el s\u00e1bado (13hs). M\u00e1s tarde, se realizar\u00e1 la clasificaci\u00f3n para la competencia principal (17hs) y que se realizar\u00e1 el domingo, a partir de las 17 y sobre un total de 57 vueltas.<a href=\"https:\/\/www.infobae.com\/deportes\/2025\/05\/02\/los-elogios-de-un-directivo-de-alpine-a-colapinto-por-su-trabajo-en-el-simulador-mientras-espera-su-regreso-a-la-f1\/\" target=\"_blank\" rel=\"noreferrer noopener\"><\/a><\/p>\n\n\n\n<p><\/p>\n","protected":false},"excerpt":{"rendered":"<p>El piloto brit\u00e1nico vivi\u00f3 una peculiar situaci\u00f3n que le hizo perder tiempo en la FP1 del Gran Premio de Miami. Comenz\u00f3 la actividad del\u00a0Gran Premio de Miami\u00a0de la\u00a0F\u00f3rmula 1\u00a0con la&hellip; <\/p>\n","protected":false},"author":6,"featured_media":205568,"comment_status":"closed","ping_status":"open","sticky":false,"template":"","format":"standard","meta":{"footnotes":""},"categories":[4,26],"tags":[],"class_list":["post-205567","post","type-post","status-publish","format-standard","has-post-thumbnail","hentry","category-deportes","category-destacados"],"_links":{"self":[{"href":"https:\/\/corrientesdetarde.com\/index.php\/wp-json\/wp\/v2\/posts\/205567","targetHints":{"allow":["GET"]}}],"collection":[{"href":"https:\/\/corrientesdetarde.com\/index.php\/wp-json\/wp\/v2\/posts"}],"about":[{"href":"https:\/\/corrientesdetarde.com\/index.php\/wp-json\/wp\/v2\/types\/post"}],"author":[{"embeddable":true,"href":"https:\/\/corrientesdetarde.com\/index.php\/wp-json\/wp\/v2\/users\/6"}],"replies":[{"embeddable":true,"href":"https:\/\/corrientesdetarde.com\/index.php\/wp-json\/wp\/v2\/comments?post=205567"}],"version-history":[{"count":1,"href":"https:\/\/corrientesdetarde.com\/index.php\/wp-json\/wp\/v2\/posts\/205567\/revisions"}],"predecessor-version":[{"id":205569,"href":"https:\/\/corrientesdetarde.com\/index.php\/wp-json\/wp\/v2\/posts\/205567\/revisions\/205569"}],"wp:featuredmedia":[{"embeddable":true,"href":"https:\/\/corrientesdetarde.com\/index.php\/wp-json\/wp\/v2\/media\/205568"}],"wp:attachment":[{"href":"https:\/\/corrientesdetarde.com\/index.php\/wp-json\/wp\/v2\/media?parent=205567"}],"wp:term":[{"taxonomy":"category","embeddable":true,"href":"https:\/\/corrientesdetarde.com\/index.php\/wp-json\/wp\/v2\/categories?post=205567"},{"taxonomy":"post_tag","embeddable":true,"href":"https:\/\/corrientesdetarde.com\/index.php\/wp-json\/wp\/v2\/tags?post=205567"}],"curies":[{"name":"wp","href":"https:\/\/api.w.org\/{rel}","templated":true}]}}