{"id":205677,"date":"2025-05-03T19:03:47","date_gmt":"2025-05-03T22:03:47","guid":{"rendered":"https:\/\/corrientesdetarde.com\/?p=205677"},"modified":"2025-05-04T08:37:01","modified_gmt":"2025-05-04T11:37:01","slug":"fiesta-del-surubi-1210-equipos-en-la-largada-del-concurso-de-pesca","status":"publish","type":"post","link":"https:\/\/corrientesdetarde.com\/index.php\/locales\/fiesta-del-surubi-1210-equipos-en-la-largada-del-concurso-de-pesca\/","title":{"rendered":"La 48\u00b0 Fiesta Nacional del Surub\u00ed tuvo una exitosa largada"},"content":{"rendered":"\n<p>Este s\u00e1bado, la 48\u00b0 Fiesta Nacional del Surub\u00ed en Goya realiz\u00f3 su tradicional largada de lanchas con la participaci\u00f3n de 1.210 embarcaciones y m\u00e1s de 3.500 pescadores que partieron en busca del premio mayor. Uno de ellos es el gobernador Gustavo Vald\u00e9s, quien integra uno de los equipos de pesca. Poco antes de la largada, a trav\u00e9s de sus redes sociales, el mandatario dese\u00f3 la mejor de la suerte a todos los participantes y pidi\u00f3 que \u201canden con cuidado y precauci\u00f3n\u201d, para que as\u00ed puedan disfrutar de la mejor manera del \u201cMundial de Pesca\u201d.<\/p>\n\n\n\n<p>La tradicional largada, acontecimiento emblem\u00e1tico del evento, cont\u00f3 como es habitual con un gran marco de p\u00fablico en horas de la siesta y se vivi\u00f3 como una de las emociones m\u00e1s intensas que puede ofrecer la Fiesta, que a\u00f1o a a\u00f1o convoca a m\u00e1s adeptos y en donde las embarcaciones partieron con el objetivo de alcanzar el premio mayor.<\/p>\n\n\n\n<figure class=\"wp-block-image size-large\"><img loading=\"lazy\" decoding=\"async\" width=\"1024\" height=\"707\" src=\"https:\/\/corrientesdetarde.com\/wp-content\/uploads\/2025\/05\/image-56-1024x707.png\" alt=\"\" class=\"wp-image-205715\" srcset=\"https:\/\/corrientesdetarde.com\/wp-content\/uploads\/2025\/05\/image-56-1024x707.png 1024w, https:\/\/corrientesdetarde.com\/wp-content\/uploads\/2025\/05\/image-56-300x207.png 300w, https:\/\/corrientesdetarde.com\/wp-content\/uploads\/2025\/05\/image-56-768x530.png 768w, https:\/\/corrientesdetarde.com\/wp-content\/uploads\/2025\/05\/image-56.png 1143w\" sizes=\"auto, (max-width: 1024px) 100vw, 1024px\" \/><\/figure>\n\n\n\n<p><strong>Espect\u00e1culo \u00fanico en el mundo<\/strong><\/p>\n\n\n\n<p>El subsecretario de Desarrollo Tur\u00edstico Regional y Coordinaci\u00f3n de Eventos, Oscar Mac\u00edas, uno de los presentes en la largada, con orgullo expres\u00f3 que la misma representa \u201cun espect\u00e1culo que es \u00fanico en el mundo, algo que conmueve y emociona\u201d, destacando que la Fiesta en su conjunto, motoriza la econom\u00eda, el turismo, con una masiva presencia de pescadores, familiares y amigos que visitan Goya.<\/p>\n\n\n\n<p>A su vez, Mac\u00edas resalt\u00f3 que para la gesti\u00f3n del gobernador Gustavo Vald\u00e9s el \u201cturismo es pol\u00edtica de Estado\u201d y en ese sentido, puso de manifiesto que, junto a la ministra de dicha cartera, Alejandra Eliciri, \u201ccontamos con un excelente equipo que viene trabajando muy fuerte para colocar a la Provincia como destino de excelencia a nivel nacional e internacional\u201d.<\/p>\n\n\n\n<p>Continuando, el subsecretario Mac\u00edas, subray\u00f3 el significativo \u00e9xito que logra la Expo que se desarrolla en el predio de Costa Surub\u00ed, con espect\u00e1culos de primer nivel y m\u00faltiples propuestas para todas las edades y las familias.<\/p>\n\n\n\n<p>Luego Mac\u00edas afirm\u00f3 que \u201cCorrientes no s\u00f3lo es pesca\u201d, sino que tambi\u00e9n ofrece otros atractivos como ser los Esteros del Iber\u00e1, el turismo religioso, el chamam\u00e9, los carnavales, la gastronom\u00eda, la cultura, \u201ctodo como una forma de ser de nuestra idiosincrasia\u201d y finaliz\u00f3 se\u00f1alando que es fundamental incentivar la inversi\u00f3n de capitales privados para mejorar los servicios que hacen al turismo en la provincia.<\/p>\n\n\n\n<p>Cabe mencionar que m\u00e1s all\u00e1 del torneo de pesca, la Fiesta incorpor\u00f3 como cada a\u00f1o una grilla variada donde los vecinos y turistas de todo el pa\u00eds pudieron disfrutar de espect\u00e1culos musicales, stands de artesanos y gastron\u00f3micos como tambi\u00e9n el viernes por la noche, pudieron ser parte de la elecci\u00f3n de representantes de la Fiesta que tuvo como coronada a Juana Estafania Aguirre (de la barra Surub\u00ed Yap\u00fa).<\/p>\n\n\n\n<p>La Fiesta Nacional del Surub\u00ed, luego de consagrar a los ganadores y destacados, culminar\u00e1 este domingo 4 por la noche con la tradicional Cena Show de pescadores en el predio Costa Surub\u00ed.<\/p>\n\n\n\n<figure class=\"wp-block-image size-large\"><img loading=\"lazy\" decoding=\"async\" width=\"1024\" height=\"697\" src=\"https:\/\/corrientesdetarde.com\/wp-content\/uploads\/2025\/05\/image-57-1024x697.png\" alt=\"\" class=\"wp-image-205716\" srcset=\"https:\/\/corrientesdetarde.com\/wp-content\/uploads\/2025\/05\/image-57-1024x697.png 1024w, https:\/\/corrientesdetarde.com\/wp-content\/uploads\/2025\/05\/image-57-300x204.png 300w, https:\/\/corrientesdetarde.com\/wp-content\/uploads\/2025\/05\/image-57-768x523.png 768w, https:\/\/corrientesdetarde.com\/wp-content\/uploads\/2025\/05\/image-57.png 1171w\" sizes=\"auto, (max-width: 1024px) 100vw, 1024px\" \/><\/figure>\n\n\n\n<figure class=\"wp-block-image size-large\"><img loading=\"lazy\" decoding=\"async\" width=\"1024\" height=\"616\" src=\"https:\/\/corrientesdetarde.com\/wp-content\/uploads\/2025\/05\/image-55-1024x616.png\" alt=\"\" class=\"wp-image-205714\" srcset=\"https:\/\/corrientesdetarde.com\/wp-content\/uploads\/2025\/05\/image-55-1024x616.png 1024w, https:\/\/corrientesdetarde.com\/wp-content\/uploads\/2025\/05\/image-55-300x180.png 300w, https:\/\/corrientesdetarde.com\/wp-content\/uploads\/2025\/05\/image-55-768x462.png 768w, https:\/\/corrientesdetarde.com\/wp-content\/uploads\/2025\/05\/image-55.png 1272w\" sizes=\"auto, (max-width: 1024px) 100vw, 1024px\" \/><\/figure>\n","protected":false},"excerpt":{"rendered":"<p>Este s\u00e1bado, la 48\u00b0 Fiesta Nacional del Surub\u00ed en Goya realiz\u00f3 su tradicional largada de lanchas con la participaci\u00f3n de 1.210 embarcaciones y m\u00e1s de 3.500 pescadores que partieron en&hellip; <\/p>\n","protected":false},"author":4,"featured_media":205713,"comment_status":"closed","ping_status":"open","sticky":false,"template":"","format":"standard","meta":{"footnotes":""},"categories":[8],"tags":[],"class_list":["post-205677","post","type-post","status-publish","format-standard","has-post-thumbnail","hentry","category-locales"],"_links":{"self":[{"href":"https:\/\/corrientesdetarde.com\/index.php\/wp-json\/wp\/v2\/posts\/205677","targetHints":{"allow":["GET"]}}],"collection":[{"href":"https:\/\/corrientesdetarde.com\/index.php\/wp-json\/wp\/v2\/posts"}],"about":[{"href":"https:\/\/corrientesdetarde.com\/index.php\/wp-json\/wp\/v2\/types\/post"}],"author":[{"embeddable":true,"href":"https:\/\/corrientesdetarde.com\/index.php\/wp-json\/wp\/v2\/users\/4"}],"replies":[{"embeddable":true,"href":"https:\/\/corrientesdetarde.com\/index.php\/wp-json\/wp\/v2\/comments?post=205677"}],"version-history":[{"count":4,"href":"https:\/\/corrientesdetarde.com\/index.php\/wp-json\/wp\/v2\/posts\/205677\/revisions"}],"predecessor-version":[{"id":205718,"href":"https:\/\/corrientesdetarde.com\/index.php\/wp-json\/wp\/v2\/posts\/205677\/revisions\/205718"}],"wp:featuredmedia":[{"embeddable":true,"href":"https:\/\/corrientesdetarde.com\/index.php\/wp-json\/wp\/v2\/media\/205713"}],"wp:attachment":[{"href":"https:\/\/corrientesdetarde.com\/index.php\/wp-json\/wp\/v2\/media?parent=205677"}],"wp:term":[{"taxonomy":"category","embeddable":true,"href":"https:\/\/corrientesdetarde.com\/index.php\/wp-json\/wp\/v2\/categories?post=205677"},{"taxonomy":"post_tag","embeddable":true,"href":"https:\/\/corrientesdetarde.com\/index.php\/wp-json\/wp\/v2\/tags?post=205677"}],"curies":[{"name":"wp","href":"https:\/\/api.w.org\/{rel}","templated":true}]}}