{"id":205680,"date":"2025-05-03T19:45:46","date_gmt":"2025-05-03T22:45:46","guid":{"rendered":"https:\/\/corrientesdetarde.com\/?p=205680"},"modified":"2025-05-03T19:45:49","modified_gmt":"2025-05-03T22:45:49","slug":"feriados-largos-destacan-el-impacto-economico-en-la-provincia","status":"publish","type":"post","link":"https:\/\/corrientesdetarde.com\/index.php\/informacion-general\/feriados-largos-destacan-el-impacto-economico-en-la-provincia\/","title":{"rendered":"Feriados largos: destacan el impacto econ\u00f3mico en la provincia"},"content":{"rendered":"\n<p>Desde la C\u00e1mara de Turismo de Corrientes manifestaron que en estos d\u00edas especiales que se viven en el pa\u00eds, distintos puntos del interior y la capital se ven beneficiados por la presencia de visitantes. Este fin de semana XXL, se destacan Goya y Los Esteros del Iber\u00e1.<\/p>\n\n\n\n<p>Alejandra Boloqui, titular de la C\u00e1mara de Turismo de Corrientes, se refiri\u00f3 al impacto de los feriados puente impulsados por el Gobierno Nacional. La referente del sector asegur\u00f3 que estas fechas son claves para el movimiento tur\u00edstico en la provincia y que su efecto positivo se extiende a m\u00faltiples sectores de la econom\u00eda local.<\/p>\n\n\n\n<p>Seg\u00fan explic\u00f3, aunque el feriado del 1 de mayo no tiene el mismo peso tur\u00edstico que Semana Santa, s\u00ed permite que quienes no pudieron viajar anteriormente aprovechen la oportunidad o realicen una segunda escapada a modo de minivacaciones.<\/p>\n\n\n\n<p>En este caso, adem\u00e1s, coincide con el mundial de pesca del Surub\u00ed en la ciudad de Goya, un evento que convoca a miles de personas, tanto competidores como visitantes.<\/p>\n\n\n\n<p>El evento moviliza m\u00e1s embarcaciones y genera una importante afluencia de turistas provenientes de todo el pa\u00eds y de otras nacionales, sobre todo de Brasil, Paraguay y Uruguay. Esto representa un fuerte impulso para la hoteler\u00eda, la gastronom\u00eda y el comercio local.<\/p>\n\n\n\n<p>Boloqui tambi\u00e9n se\u00f1al\u00f3 que durante el oto\u00f1o crece la demanda en destinos como los Esteros del Iber\u00e1, el Parque Nacional Mburucuy\u00e1, el turismo rural y la pesca deportiva, que se practica todo el a\u00f1o en la provincia de Corrientes.<\/p>\n\n\n\n<p>Desde la c\u00e1mara remarcan que el beneficio del turismo no es exclusivo del sector: impacta en una variedad de rubros como estaciones de servicios, farmacias, supermercados, ferreter\u00edas, transporte, entre otros.<\/p>\n\n\n\n<p>El flujo de visitantes genera ingresos que se distribuyen ampliamente y estimulan el consumo en las econom\u00edas regionales.<\/p>\n\n\n\n<p>Por ejemplo, el pasado jueves, pese a que muchos sectores de la econom\u00eda del pa\u00eds no tuvieron su ritmo normal, algunos aprovecharon la demanda de la gente.<\/p>\n\n\n\n<p>En el caso de la ciudad de Corrientes se respet\u00f3 el feriado nacional por el d\u00eda del trabajador en los supermercados e hipermercados, gran porcentajes de las farmacias tambi\u00e9n mantuvieron sus puertas cerradas, como tambi\u00e9n los negocios de ropas en el centro y hasta en el shopping.<\/p>\n\n\n\n<figure class=\"wp-block-image\"><img decoding=\"async\" src=\"https:\/\/www.diarioepoca.com\/content\/bucket\/2\/1427442w380h226c.jpg.webp\" alt=\"\"\/><figcaption class=\"wp-element-caption\">EN LOS HOTELES DE LA CIUDAD DE CORRIENTES HAY BUENA PRESENCIA DE VISITANTES ESTE FIN DE SEMANA XXL.<\/figcaption><\/figure>\n\n\n\n<p>Los bares y restaurantes aprovecharon el flujos de turistas y vecinos de la ciudad que decidieron salir a cenar afuera luego de un mediod\u00eda donde predominaron los platos t\u00edpicos, destac\u00e1ndose el locro.<\/p>\n\n\n\n<p>Ayer la actividad comercial volvi\u00f3 a la normalidad, aunque vale aclarar que algunos negocios del centro que cuentan con m\u00e1s de una sucursal estuvieron cerradas. Algunos comerciantes comentaron que hubo mucho movimiento y algo de ventas.<\/p>\n\n\n\n<h2 class=\"wp-block-heading\">Paseos y playas<\/h2>\n\n\n\n<p>La ciudad de Corrientes tuvo una mejora exponencial en lo que hace a la costanera General San Mart\u00edn. Las obras encaradas entre el Gobierno de la Provincia y el Municipio de la capital es destacada por los visitantes.<\/p>\n\n\n\n<figure class=\"wp-block-image\"><img decoding=\"async\" src=\"https:\/\/www.diarioepoca.com\/content\/bucket\/3\/1427443w380h226c.jpg.webp\" alt=\"\"\/><figcaption class=\"wp-element-caption\">LOS BARES Y RESTAURANTES DE LA CIUDAD CAPITAL Y DEL INTERIOR, CON BUENAS RECAUDACIONES DURANTE EL FERIADO.<\/figcaption><\/figure>\n\n\n\n<p>Las mejoras en las veredas, luminarias, plazas, balcones al r\u00edo Paran\u00e1 y mayores servicios de bancos y mesas, quiz\u00e1s en el d\u00eda a d\u00eda no es valorada por el vecino por si lo notan los turistas. Lo cierto es que hoy la gente disfruta de este sector de la capital que contin\u00faa con transformaciones es pos de que la gente pueda transitar para el deleite de chicos y grandes.<\/p>\n\n\n\n<p>Una de las medidas importantes fue sacar los carritos gastron\u00f3micos de la vereda que da al Paran\u00e1. Ahora tambi\u00e9n se analiza que los veh\u00edculos estacionen en el parterre central.<\/p>\n","protected":false},"excerpt":{"rendered":"<p>Desde la C\u00e1mara de Turismo de Corrientes manifestaron que en estos d\u00edas especiales que se viven en el pa\u00eds, distintos puntos del interior y la capital se ven beneficiados por&hellip; <\/p>\n","protected":false},"author":4,"featured_media":205682,"comment_status":"closed","ping_status":"open","sticky":false,"template":"","format":"standard","meta":{"footnotes":""},"categories":[1],"tags":[],"class_list":["post-205680","post","type-post","status-publish","format-standard","has-post-thumbnail","hentry","category-informacion-general"],"_links":{"self":[{"href":"https:\/\/corrientesdetarde.com\/index.php\/wp-json\/wp\/v2\/posts\/205680","targetHints":{"allow":["GET"]}}],"collection":[{"href":"https:\/\/corrientesdetarde.com\/index.php\/wp-json\/wp\/v2\/posts"}],"about":[{"href":"https:\/\/corrientesdetarde.com\/index.php\/wp-json\/wp\/v2\/types\/post"}],"author":[{"embeddable":true,"href":"https:\/\/corrientesdetarde.com\/index.php\/wp-json\/wp\/v2\/users\/4"}],"replies":[{"embeddable":true,"href":"https:\/\/corrientesdetarde.com\/index.php\/wp-json\/wp\/v2\/comments?post=205680"}],"version-history":[{"count":1,"href":"https:\/\/corrientesdetarde.com\/index.php\/wp-json\/wp\/v2\/posts\/205680\/revisions"}],"predecessor-version":[{"id":205683,"href":"https:\/\/corrientesdetarde.com\/index.php\/wp-json\/wp\/v2\/posts\/205680\/revisions\/205683"}],"wp:featuredmedia":[{"embeddable":true,"href":"https:\/\/corrientesdetarde.com\/index.php\/wp-json\/wp\/v2\/media\/205682"}],"wp:attachment":[{"href":"https:\/\/corrientesdetarde.com\/index.php\/wp-json\/wp\/v2\/media?parent=205680"}],"wp:term":[{"taxonomy":"category","embeddable":true,"href":"https:\/\/corrientesdetarde.com\/index.php\/wp-json\/wp\/v2\/categories?post=205680"},{"taxonomy":"post_tag","embeddable":true,"href":"https:\/\/corrientesdetarde.com\/index.php\/wp-json\/wp\/v2\/tags?post=205680"}],"curies":[{"name":"wp","href":"https:\/\/api.w.org\/{rel}","templated":true}]}}