{"id":205684,"date":"2025-05-03T19:46:52","date_gmt":"2025-05-03T22:46:52","guid":{"rendered":"https:\/\/corrientesdetarde.com\/?p=205684"},"modified":"2025-05-03T19:46:55","modified_gmt":"2025-05-03T22:46:55","slug":"mandiyu-afronta-la-primera-semifinal","status":"publish","type":"post","link":"https:\/\/corrientesdetarde.com\/index.php\/deportes\/mandiyu-afronta-la-primera-semifinal\/","title":{"rendered":"Mandiy\u00fa afronta la primera semifinal"},"content":{"rendered":"\n<p>Desde las 16, en el estadio Jos\u00e9 Antonio Romero Feris, el equipo algodonero ser\u00e1 visitante de Deportivo Curupay. Ma\u00f1ana habr\u00e1 duelo curuzucuate\u00f1o en la otra llave.<\/p>\n\n\n\n<p>El Torneo Provincial de Clubes busca a sus finalistas para esta edici\u00f3n 2025. La instancia previa a la definici\u00f3n por la corona comenzar\u00e1 hoy con el primer duelo de semifinales. En el estadio Jos\u00e9 Antonio Romero Feris del Club Hurac\u00e1n, Deportivo Mandiy\u00fa ser\u00e1 visitante de Curupay. Este choque se dar\u00e1 desde las 16 y contar\u00e1 con el arbitraje principal de Gerardo Mart\u00ednez Sandoval.<\/p>\n\n\n\n<p>El albo arriba en gran forma a este duelo, ya que marcha invicto en la competencia y puntero en el Torneo Oficial de la Liga Correntina de F\u00fatbol. Por su parte, el maderero tambi\u00e9n da pelea a nivel dom\u00e9stico, marchando como escolta del algodonero. En las rondas anteriores, el equipo dirigido por Fabi\u00e1n Ponce dej\u00f3 en el camino a El Decano de Ituzaing\u00f3 en (octavos de final) y Sportivo Santa Luc\u00eda (cuartos). Por su parte, el conjunto de Walter Zacar\u00edas tach\u00f3 con solvencia a Sacachispas y Central Goya.<\/p>\n\n\n\n<p>Por su parte, ma\u00f1ana se jugar\u00e1 el primer duelo de semifinales de la otra llave. Ser\u00e1 un duelo ciento por ciento curuzucuate\u00f1o con Victoria, a partir de las 16, recibiendo a Barraca. Las revanchas se disputar\u00e1n el fin de semana que viene para dar con los equipos que luchar\u00e1n por la coronaci\u00f3n y el boleto a la edici\u00f3n 2025\/26 del Torneo Regional Federal Amateur (TRFA), certamen que dar\u00e1 ascensos al Federal A.<\/p>\n\n\n\n<h2 class=\"wp-block-heading\">Torneo Provincial de Clubes \u0096 Hoy<\/h2>\n\n\n\n<p>Semifinales (ida)<\/p>\n\n\n\n<p>Estadio Hurac\u00e1n<\/p>\n\n\n\n<p>Desde las 16 &#8211; Deportivo Mandiy\u00fa (Capital) vs. Curupay (Capital). \u00c1rbitro: Gerardo Mart\u00ednez Sandoval. Asistentes: Nicol\u00e1s Rodr\u00edguez y Ezequiel Sena.<\/p>\n\n\n\n<h2 class=\"wp-block-heading\">Ma\u00f1ana<\/h2>\n\n\n\n<p>Estadio Club Victoria<\/p>\n\n\n\n<p>A partir de las 16 &#8211; Victoria (Curuz\u00fa Cuati\u00e1) vs. Barracas (Curuz\u00fa Cuati\u00e1). \u00c1rbitro: Brahil Ferreira G\u00f3mez. Asistentes: Sebasti\u00e1n Godoy y Tob\u00edas Legar.<\/p>\n","protected":false},"excerpt":{"rendered":"<p>Desde las 16, en el estadio Jos\u00e9 Antonio Romero Feris, el equipo algodonero ser\u00e1 visitante de Deportivo Curupay. Ma\u00f1ana habr\u00e1 duelo curuzucuate\u00f1o en la otra llave. El Torneo Provincial de&hellip; <\/p>\n","protected":false},"author":4,"featured_media":205685,"comment_status":"closed","ping_status":"open","sticky":false,"template":"","format":"standard","meta":{"footnotes":""},"categories":[4],"tags":[],"class_list":["post-205684","post","type-post","status-publish","format-standard","has-post-thumbnail","hentry","category-deportes"],"_links":{"self":[{"href":"https:\/\/corrientesdetarde.com\/index.php\/wp-json\/wp\/v2\/posts\/205684","targetHints":{"allow":["GET"]}}],"collection":[{"href":"https:\/\/corrientesdetarde.com\/index.php\/wp-json\/wp\/v2\/posts"}],"about":[{"href":"https:\/\/corrientesdetarde.com\/index.php\/wp-json\/wp\/v2\/types\/post"}],"author":[{"embeddable":true,"href":"https:\/\/corrientesdetarde.com\/index.php\/wp-json\/wp\/v2\/users\/4"}],"replies":[{"embeddable":true,"href":"https:\/\/corrientesdetarde.com\/index.php\/wp-json\/wp\/v2\/comments?post=205684"}],"version-history":[{"count":1,"href":"https:\/\/corrientesdetarde.com\/index.php\/wp-json\/wp\/v2\/posts\/205684\/revisions"}],"predecessor-version":[{"id":205686,"href":"https:\/\/corrientesdetarde.com\/index.php\/wp-json\/wp\/v2\/posts\/205684\/revisions\/205686"}],"wp:featuredmedia":[{"embeddable":true,"href":"https:\/\/corrientesdetarde.com\/index.php\/wp-json\/wp\/v2\/media\/205685"}],"wp:attachment":[{"href":"https:\/\/corrientesdetarde.com\/index.php\/wp-json\/wp\/v2\/media?parent=205684"}],"wp:term":[{"taxonomy":"category","embeddable":true,"href":"https:\/\/corrientesdetarde.com\/index.php\/wp-json\/wp\/v2\/categories?post=205684"},{"taxonomy":"post_tag","embeddable":true,"href":"https:\/\/corrientesdetarde.com\/index.php\/wp-json\/wp\/v2\/tags?post=205684"}],"curies":[{"name":"wp","href":"https:\/\/api.w.org\/{rel}","templated":true}]}}