{"id":205687,"date":"2025-05-03T19:50:46","date_gmt":"2025-05-03T22:50:46","guid":{"rendered":"https:\/\/corrientesdetarde.com\/?p=205687"},"modified":"2025-05-03T19:50:49","modified_gmt":"2025-05-03T22:50:49","slug":"un-abogado-vinculado-al-caso-loan-atropello-a-un-motociclista","status":"publish","type":"post","link":"https:\/\/corrientesdetarde.com\/index.php\/policiales\/un-abogado-vinculado-al-caso-loan-atropello-a-un-motociclista\/","title":{"rendered":"Un abogado vinculado al caso Loan atropell\u00f3 a un motociclista"},"content":{"rendered":"\n<p>A casi dos semanas de haber sido liberado, Ricardo Osuna fue acusado de haber embestido a un joven de 22 a\u00f1os.&nbsp;<\/p>\n\n\n\n<p>El abogado conocido por haber defendido a Emerenciano y C\u00e9sar Sena en la causa por el femicidio de Cecilia Strzyzowski y por representar a uno de los imputados por la desaparici\u00f3n de Loan Danilo Pe\u00f1a, Ricardo Osuna, fue demorado por haber atropellado a un motociclista en Chaco.<\/p>\n\n\n\n<p>El accidente vial se produjo alrededor de las 17.30 horas del viernes, en la intersecci\u00f3n de avenida Rivadavia y calle Liniers, ubicada en la ciudad de Resistencia. Seg\u00fan informaron las autoridades, Osuna conduc\u00eda un autom\u00f3vil marca BMW, cuando embisti\u00f3 a un joven de 22 a\u00f1os.<\/p>\n\n\n\n<p>&nbsp;La v\u00edctima fue identificada como Carlos Monje y confirmaron que iba a bordo de una motocicleta Motomel Blitz. A ra\u00edz del impacto, el hombre sufri\u00f3 diversas lesiones, por lo que tuvo que ser asistido por el personal de emergencias.<\/p>\n\n\n\n<p>De acuerdo a la informaci\u00f3n obtenida por Diario Chaco, el joven fue ingresado en el Hospital Julio C. Perrando, en donde permanecer\u00eda internado bajo observaci\u00f3n m\u00e9dica. No obstante, no se dieron m\u00e1s detalles sobre el estado en el que se encontrar\u00eda y el tipo de heridas que habr\u00eda sufrido.<\/p>\n\n\n\n<p>Mientras que las autoridades locales iniciaron una investigaci\u00f3n para esclarecer lo ocurrido, se confirm\u00f3 que en el lugar de los hechos trabajaron los agentes de la Comisar\u00eda Segunda Metropolitana y el personal de la Polic\u00eda Criminal\u00edstica.<\/p>\n\n\n\n<figure class=\"wp-block-image\"><img decoding=\"async\" src=\"https:\/\/www.diarioepoca.com\/content\/bucket\/1\/1427521w790h444c.jpg.webp\" alt=\"\"\/><\/figure>\n\n\n\n<p>Una de las hip\u00f3tesis difundidas por Diario TAG, plantearon la posibilidad de que Osuna se hubiera encontrado en infracci\u00f3n, debido a que los peritos se\u00f1alaron que la motocicleta circulaba por la derecha y habr\u00eda tenido la prioridad de paso al tratarse de un veh\u00edculo de menor tama\u00f1o.<\/p>\n\n\n\n<p>Por el momento, el abogado continuar\u00eda en libertad. Desde el sitio M\u00e1s Contenidos afirmaron que el acusado hab\u00eda sido trasladado hacia la dependencia local para que declare sobre lo ocurrido, sin embargo, la Justicia todav\u00eda no habr\u00eda tomado ning\u00fan tipo de temperamento sobre \u00e9l.<\/p>\n\n\n\n<p>Cabe recordar que el letrado recuper\u00f3 la libertad el pasado 20 de abril, luego de haber pagado una fianza de 325 millones de pesos por una causa de abigeato. La medida hab\u00eda sido dispuesta por la Fiscal\u00eda de Investigaci\u00f3n Rural y Ambiental de la Quinta Circunscripci\u00f3n Judicial, con sede en General San Mart\u00edn, en respuesta al pedido de excarcelaci\u00f3n presentado por la defensa del acusado.<\/p>\n","protected":false},"excerpt":{"rendered":"<p>A casi dos semanas de haber sido liberado, Ricardo Osuna fue acusado de haber embestido a un joven de 22 a\u00f1os.&nbsp; El abogado conocido por haber defendido a Emerenciano y&hellip; <\/p>\n","protected":false},"author":4,"featured_media":205688,"comment_status":"closed","ping_status":"open","sticky":false,"template":"","format":"standard","meta":{"footnotes":""},"categories":[33],"tags":[],"class_list":["post-205687","post","type-post","status-publish","format-standard","has-post-thumbnail","hentry","category-policiales"],"_links":{"self":[{"href":"https:\/\/corrientesdetarde.com\/index.php\/wp-json\/wp\/v2\/posts\/205687","targetHints":{"allow":["GET"]}}],"collection":[{"href":"https:\/\/corrientesdetarde.com\/index.php\/wp-json\/wp\/v2\/posts"}],"about":[{"href":"https:\/\/corrientesdetarde.com\/index.php\/wp-json\/wp\/v2\/types\/post"}],"author":[{"embeddable":true,"href":"https:\/\/corrientesdetarde.com\/index.php\/wp-json\/wp\/v2\/users\/4"}],"replies":[{"embeddable":true,"href":"https:\/\/corrientesdetarde.com\/index.php\/wp-json\/wp\/v2\/comments?post=205687"}],"version-history":[{"count":1,"href":"https:\/\/corrientesdetarde.com\/index.php\/wp-json\/wp\/v2\/posts\/205687\/revisions"}],"predecessor-version":[{"id":205689,"href":"https:\/\/corrientesdetarde.com\/index.php\/wp-json\/wp\/v2\/posts\/205687\/revisions\/205689"}],"wp:featuredmedia":[{"embeddable":true,"href":"https:\/\/corrientesdetarde.com\/index.php\/wp-json\/wp\/v2\/media\/205688"}],"wp:attachment":[{"href":"https:\/\/corrientesdetarde.com\/index.php\/wp-json\/wp\/v2\/media?parent=205687"}],"wp:term":[{"taxonomy":"category","embeddable":true,"href":"https:\/\/corrientesdetarde.com\/index.php\/wp-json\/wp\/v2\/categories?post=205687"},{"taxonomy":"post_tag","embeddable":true,"href":"https:\/\/corrientesdetarde.com\/index.php\/wp-json\/wp\/v2\/tags?post=205687"}],"curies":[{"name":"wp","href":"https:\/\/api.w.org\/{rel}","templated":true}]}}