{"id":205690,"date":"2025-05-03T19:53:10","date_gmt":"2025-05-03T22:53:10","guid":{"rendered":"https:\/\/corrientesdetarde.com\/?p=205690"},"modified":"2025-05-03T19:53:13","modified_gmt":"2025-05-03T22:53:13","slug":"en-medio-de-la-guerra-comercial-el-precio-mundial-de-los-alimentos-subio-76-anual-en-abril","status":"publish","type":"post","link":"https:\/\/corrientesdetarde.com\/index.php\/economia\/en-medio-de-la-guerra-comercial-el-precio-mundial-de-los-alimentos-subio-76-anual-en-abril\/","title":{"rendered":"En medio de la guerra comercial, el precio mundial de los alimentos subi\u00f3 7,6% anual en abril"},"content":{"rendered":"\n<p>El \u00edndice de precios de los alimentos que registra la Organizaci\u00f3n de Naciones Unidas para la Alimentaci\u00f3n y la Agricultura (FAO), advirti\u00f3 que tres rubros fueron los m\u00e1s afectados.&nbsp;<\/p>\n\n\n\n<p>El \u00edndice de precios de los alimentos a nivel mundial aument\u00f3 un 1 % en abril respecto a marzo impulsado por el encarecimiento de los cereales, la carne y los productos l\u00e1cteos, inform\u00f3 este viernes la Organizaci\u00f3n de Naciones Unidas para la Alimentaci\u00f3n y la Agricultura (FAO).<\/p>\n\n\n\n<p>El indicador de la FAO, que sigue mensualmente los cambios en los precios internacionales de un conjunto de productos alimenticios, promedi\u00f3 128,3 puntos en abril, un 1 % por ciento m\u00e1s que en marzo y un 7,6% m\u00e1s que en el mismo mes del 2024.<\/p>\n\n\n\n<p>El precio de los productos l\u00e1cteos registr\u00f3 una subida del 2,4 % en abril y se ubic\u00f3 un 22,9 % por encima del nivel de hace un a\u00f1o, un incremento liderado por los precios de la mantequilla, que alcanzaron un nuevo r\u00e9cord hist\u00f3rico debido a la disminuci\u00f3n de inventarios en Europa. La carne tambi\u00e9n mostr\u00f3 un aumento del 3,2 %, con alzas en todas las categor\u00edas, encabezadas por la carne de cerdo.<\/p>\n\n\n\n<p>En cuanto a los cereales, el alza fue del 1,2 % respecto al mes anterior, con un &#8220;ligero&#8221; incremento del trigo debido a una menor disponibilidad exportadora desde Rusia, un aumento del precio del arroz por una mayor demanda de variedades arom\u00e1ticas y del ma\u00edz por niveles de existencias m\u00e1s ajustados en Estados Unidos.<\/p>\n\n\n\n<p>&#8220;Las fluctuaciones cambiarias influyeron en los movimientos de precios en los mercados mundiales, mientras que los ajustes en la pol\u00edtica arancelaria aumentaron la incertidumbre del mercado&#8221;, se explica en el comunicado publicado por la FAO.<\/p>\n\n\n\n<p>Por el contrario, el \u00edndice de precios de los aceites vegetales baj\u00f3 un 2,3 % en abril, aunque se mantiene un 20,7 % por encima del nivel del mismo mes del a\u00f1o anterior.<\/p>\n\n\n\n<p>En abril tambi\u00e9n descendi\u00f3 un 3,5 % el precio del az\u00facar debido a las preocupaciones sobre la econom\u00eda global y su posible impacto en la demanda del sector de bebidas y alimentos procesados.<\/p>\n","protected":false},"excerpt":{"rendered":"<p>El \u00edndice de precios de los alimentos que registra la Organizaci\u00f3n de Naciones Unidas para la Alimentaci\u00f3n y la Agricultura (FAO), advirti\u00f3 que tres rubros fueron los m\u00e1s afectados.&nbsp; El&hellip; <\/p>\n","protected":false},"author":4,"featured_media":205691,"comment_status":"closed","ping_status":"open","sticky":false,"template":"","format":"standard","meta":{"footnotes":""},"categories":[20],"tags":[],"class_list":["post-205690","post","type-post","status-publish","format-standard","has-post-thumbnail","hentry","category-economia"],"_links":{"self":[{"href":"https:\/\/corrientesdetarde.com\/index.php\/wp-json\/wp\/v2\/posts\/205690","targetHints":{"allow":["GET"]}}],"collection":[{"href":"https:\/\/corrientesdetarde.com\/index.php\/wp-json\/wp\/v2\/posts"}],"about":[{"href":"https:\/\/corrientesdetarde.com\/index.php\/wp-json\/wp\/v2\/types\/post"}],"author":[{"embeddable":true,"href":"https:\/\/corrientesdetarde.com\/index.php\/wp-json\/wp\/v2\/users\/4"}],"replies":[{"embeddable":true,"href":"https:\/\/corrientesdetarde.com\/index.php\/wp-json\/wp\/v2\/comments?post=205690"}],"version-history":[{"count":1,"href":"https:\/\/corrientesdetarde.com\/index.php\/wp-json\/wp\/v2\/posts\/205690\/revisions"}],"predecessor-version":[{"id":205692,"href":"https:\/\/corrientesdetarde.com\/index.php\/wp-json\/wp\/v2\/posts\/205690\/revisions\/205692"}],"wp:featuredmedia":[{"embeddable":true,"href":"https:\/\/corrientesdetarde.com\/index.php\/wp-json\/wp\/v2\/media\/205691"}],"wp:attachment":[{"href":"https:\/\/corrientesdetarde.com\/index.php\/wp-json\/wp\/v2\/media?parent=205690"}],"wp:term":[{"taxonomy":"category","embeddable":true,"href":"https:\/\/corrientesdetarde.com\/index.php\/wp-json\/wp\/v2\/categories?post=205690"},{"taxonomy":"post_tag","embeddable":true,"href":"https:\/\/corrientesdetarde.com\/index.php\/wp-json\/wp\/v2\/tags?post=205690"}],"curies":[{"name":"wp","href":"https:\/\/api.w.org\/{rel}","templated":true}]}}