{"id":205971,"date":"2025-05-05T15:56:07","date_gmt":"2025-05-05T18:56:07","guid":{"rendered":"https:\/\/corrientesdetarde.com\/?p=205971"},"modified":"2025-05-05T15:56:09","modified_gmt":"2025-05-05T18:56:09","slug":"milei-lanzo-duras-criticas-contra-el-candidato-k-leandro-santoro-odia-la-motosierra-porque-le-recorta-privilegios-a-la-casta","status":"publish","type":"post","link":"https:\/\/corrientesdetarde.com\/index.php\/politica\/milei-lanzo-duras-criticas-contra-el-candidato-k-leandro-santoro-odia-la-motosierra-porque-le-recorta-privilegios-a-la-casta\/","title":{"rendered":"Milei lanz\u00f3 duras cr\u00edticas contra el candidato K Leandro Santoro: &#8220;Odia la motosierra porque le recorta privilegios a la casta&#8221;"},"content":{"rendered":"\n<p>Javier Milei lanz\u00f3 una fuerte cr\u00edtica contra el candidato kirchnerista en la Ciudad de Buenos Aires,&nbsp;<strong>Leandro Santoro, d<\/strong>e cara a las elecciones porte\u00f1as.<\/p>\n\n\n\n<p>El Presidente se hizo eco de un spot de campa\u00f1a en el que el candidato K desarma una motosierra y utiliz\u00f3 sus redes para contestarle.<\/p>\n\n\n\n<p>&#8220;<strong>La motosierra es un s\u00edmbolo de la era dorada que comienza<\/strong>&nbsp;en Argentina de la mano de las ideas de la libertad. El verdadero modelo de ajuste es el Estado presente, ya que pagarlo implica mayores impuestos y por ende menos dinero disponible en los argentinos de bien que intentan salir adelante en base a su esfuerzo&#8221;, se\u00f1al\u00f3.<\/p>\n\n\n\n<p>En esa misma l\u00ednea, agreg\u00f3: &#8220;Santongo<strong>&nbsp;odia la motosierra porque le recorta los privilegios a la casta pol\u00edtica&nbsp;<\/strong>inmunda de CUIL virgen que \u00e9l y tantos otros integran, cuyo m\u00e1s que evidente resultado ha sido una Argentina empobrecida&#8221;.<\/p>\n","protected":false},"excerpt":{"rendered":"<p>Javier Milei lanz\u00f3 una fuerte cr\u00edtica contra el candidato kirchnerista en la Ciudad de Buenos Aires,&nbsp;Leandro Santoro, de cara a las elecciones porte\u00f1as. El Presidente se hizo eco de un&hellip; <\/p>\n","protected":false},"author":8,"featured_media":205972,"comment_status":"closed","ping_status":"open","sticky":false,"template":"","format":"standard","meta":{"footnotes":""},"categories":[3],"tags":[],"class_list":["post-205971","post","type-post","status-publish","format-standard","has-post-thumbnail","hentry","category-politica"],"_links":{"self":[{"href":"https:\/\/corrientesdetarde.com\/index.php\/wp-json\/wp\/v2\/posts\/205971","targetHints":{"allow":["GET"]}}],"collection":[{"href":"https:\/\/corrientesdetarde.com\/index.php\/wp-json\/wp\/v2\/posts"}],"about":[{"href":"https:\/\/corrientesdetarde.com\/index.php\/wp-json\/wp\/v2\/types\/post"}],"author":[{"embeddable":true,"href":"https:\/\/corrientesdetarde.com\/index.php\/wp-json\/wp\/v2\/users\/8"}],"replies":[{"embeddable":true,"href":"https:\/\/corrientesdetarde.com\/index.php\/wp-json\/wp\/v2\/comments?post=205971"}],"version-history":[{"count":1,"href":"https:\/\/corrientesdetarde.com\/index.php\/wp-json\/wp\/v2\/posts\/205971\/revisions"}],"predecessor-version":[{"id":205973,"href":"https:\/\/corrientesdetarde.com\/index.php\/wp-json\/wp\/v2\/posts\/205971\/revisions\/205973"}],"wp:featuredmedia":[{"embeddable":true,"href":"https:\/\/corrientesdetarde.com\/index.php\/wp-json\/wp\/v2\/media\/205972"}],"wp:attachment":[{"href":"https:\/\/corrientesdetarde.com\/index.php\/wp-json\/wp\/v2\/media?parent=205971"}],"wp:term":[{"taxonomy":"category","embeddable":true,"href":"https:\/\/corrientesdetarde.com\/index.php\/wp-json\/wp\/v2\/categories?post=205971"},{"taxonomy":"post_tag","embeddable":true,"href":"https:\/\/corrientesdetarde.com\/index.php\/wp-json\/wp\/v2\/tags?post=205971"}],"curies":[{"name":"wp","href":"https:\/\/api.w.org\/{rel}","templated":true}]}}