{"id":205989,"date":"2025-05-05T20:28:43","date_gmt":"2025-05-05T23:28:43","guid":{"rendered":"https:\/\/corrientesdetarde.com\/?p=205989"},"modified":"2025-05-05T20:28:55","modified_gmt":"2025-05-05T23:28:55","slug":"arteco-2025-tuvo-su-lanzamiento-oficial-en-buenos-aires","status":"publish","type":"post","link":"https:\/\/corrientesdetarde.com\/index.php\/actualidad\/arteco-2025-tuvo-su-lanzamiento-oficial-en-buenos-aires\/","title":{"rendered":"ArteCo 2025 tuvo su lanzamiento oficial en Buenos Aires"},"content":{"rendered":"\n<p>La s\u00e9ptima edici\u00f3n de la feria de arte contempor\u00e1neo de Corrientes fue presentada hoy en la ciudad de Buenos Aires en el marco de un acto encabezado por la presidente del Instituto de Cultura de Corrientes, Beatriz Kunin, junto al curador de esta edici\u00f3n, Joaqu\u00edn Rodr\u00edguez, coleccionistas, artistas, galeristas y prensa especializada.<\/p>\n\n\n\n<figure class=\"wp-block-image size-large\"><img loading=\"lazy\" decoding=\"async\" width=\"1024\" height=\"759\" src=\"https:\/\/corrientesdetarde.com\/wp-content\/uploads\/2025\/05\/image-138-1024x759.png\" alt=\"\" class=\"wp-image-205998\" srcset=\"https:\/\/corrientesdetarde.com\/wp-content\/uploads\/2025\/05\/image-138-1024x759.png 1024w, https:\/\/corrientesdetarde.com\/wp-content\/uploads\/2025\/05\/image-138-300x222.png 300w, https:\/\/corrientesdetarde.com\/wp-content\/uploads\/2025\/05\/image-138-768x569.png 768w, https:\/\/corrientesdetarde.com\/wp-content\/uploads\/2025\/05\/image-138.png 1220w\" sizes=\"auto, (max-width: 1024px) 100vw, 1024px\" \/><\/figure>\n\n\n\n<p><br><br>Organizado por el Gobierno de la Provincia de Corrientes, a trav\u00e9s del Instituto de Cultura, se realiz\u00f3 este lunes el lanzamiento oficial de la s\u00e9ptima edici\u00f3n de ArteCo en Buenos Aires, con multitudinaria asistencia de la prensa especializada, coleccionistas, artistas y galeristas en el espacio de coworking del Banco de Corrientes.<br><br>El acto de lanzamiento, encabezado por la presidente del Instituto de Cultura, Beatriz Kunin, fue acompa\u00f1ado por Joaqu\u00edn Rodr\u00edguez, curador de la edici\u00f3n 2025 de ArteCo, Cecilia Jaime de Fundaci\u00f3n PROA, el actual decano de la Facultad de Artes, Dise\u00f1o y Ciencias de la Cultura de la UNNE, Gabriel Romero y Herminda Lahitte, ambos integrantes del jurado para la convocatoria p\u00fablica de esta edici\u00f3n.<br><br><strong>ArteCo 2025<\/strong><br>La feria tendr\u00e1 lugar del 22 al 25 de mayo con la participaci\u00f3n de 27 galer\u00edas, 36 artistas individuales, y 23 proyectos y colectivos de Argentina, Brasil, Paraguay y Uruguay.<br><br>Consolidada como punto de encuentro para artistas, galeristas, curadores, coleccionistas y gestores, ArteCo busca destacar la producci\u00f3n local y regional, fomentar el di\u00e1logo entre los actores del sector, y promover la circulaci\u00f3n y exhibici\u00f3n de obras, impulsando la econom\u00eda y el intercambio de conocimientos.<br><br>La feria se desarrollar\u00e1 en la Galer\u00eda Col\u00f3n (9 de Julio 1184), el antiguo Gran Cine Col\u00f3n, que reabrir\u00e1 sus puertas al p\u00fablico en mayo. Tambi\u00e9n participar\u00e1n museos y espacios culturales independientes de la ciudad, creando un circuito de arte contempor\u00e1neo urbano.<\/p>\n\n\n\n<figure class=\"wp-block-image size-large\"><img loading=\"lazy\" decoding=\"async\" width=\"1024\" height=\"765\" src=\"https:\/\/corrientesdetarde.com\/wp-content\/uploads\/2025\/05\/image-139-1024x765.png\" alt=\"\" class=\"wp-image-205999\" srcset=\"https:\/\/corrientesdetarde.com\/wp-content\/uploads\/2025\/05\/image-139-1024x765.png 1024w, https:\/\/corrientesdetarde.com\/wp-content\/uploads\/2025\/05\/image-139-300x224.png 300w, https:\/\/corrientesdetarde.com\/wp-content\/uploads\/2025\/05\/image-139-768x573.png 768w, https:\/\/corrientesdetarde.com\/wp-content\/uploads\/2025\/05\/image-139.png 1212w\" sizes=\"auto, (max-width: 1024px) 100vw, 1024px\" \/><\/figure>\n\n\n\n<p><br><br><strong>Curadur\u00eda y convocatoria<\/strong><br>Convocado por la actual presidente del Instituto de Cultura de Corrientes, Beatriz Kunin, Joaqu\u00edn Rodr\u00edguez ser\u00e1 el curador de esta edici\u00f3n.\u00a0<br><br>El jurado de selecci\u00f3n, integrado por Herminda Lahitte, galerista y gestora cultural, Gabriel Romero, decano de la Facultad de Artes, Dise\u00f1o y Ciencias de la Cultura de la Universidad Nacional del Nordeste (UNNE); Eleonora Jaureguiberry, soci\u00f3loga y gestora cultural y Juan Carlos Aquino, coleccionista de arte, evalu\u00f3 las propuestas recibidas a trav\u00e9s de una convocatoria p\u00fablica realizada entre los meses de febrero y marzo.<br><br><strong>La Feria<\/strong><br>El epicentro de ArteCo ser\u00e1 la Galer\u00eda Col\u00f3n (cinco pisos), donde se ubicar\u00e1n galer\u00edas, proyectos, artistas individuales, talleres familiares, artesan\u00edas, editoriales y el festivales de arte sonoro (ArteSo) y Play video arte. La inauguraci\u00f3n ser\u00e1 el jueves 22 de mayo (19:00-21:00 hs), seguida de actividades de 14:00 a 21:00 hs. del viernes 23 al domingo 25. con acceso libre y gratuito.<br><br><strong>Encuentro y Circuito ArteCo<\/strong><br>El mi\u00e9rcoles 21 de mayo desde las 9 hs, en el Centro Cultural Universitario de la UNNE (C\u00f3rdoba y 9 de Julio), se realizar\u00e1 el Encuentro ArteCo 2025, una espacio para intercambio entre referentes del medio nacional y estudiantes, artistas, gestores y curadores para compartir experiencias y conocimientos que oficien de herramientas profesionalizantes para el sector de las artes visuales. El acceso a dicho encuentro es libre y con inscripci\u00f3n previa.<br><br>Otro punto fuerte de ArteCo ser\u00e1n las muestras y exhibiciones en museos y otras instituciones, adem\u00e1s de las actividades y muestras propuestas por los espacios culturales independientes de la ciudad, conform\u00e1ndose as\u00ed un Circuito ArteCo que se podr\u00e1 recorrer en paralelo a la feria del 22 al 25 de mayo.<br><br>Dichas muestras incluyen la exposici\u00f3n curada y producida por Fundaci\u00f3n Proa en el Centro de Interpretaci\u00f3n del Chamam\u00e9 &#8211; Casa \u00d1anderek\u00f3, por 25 de Mayo 1141 de 9 a 12 y de 17 a 20 hs., la exposici\u00f3n de Desir\u00e8e de Ridder y de Karina Amadori (Curitiba) con curadur\u00eda de Gustavo Insaurralde, en el Museo de Artesan\u00edas Tradicionales ubicado por Fray Jos\u00e9 de la Quintana 905 de 9 a 12 hs y de 17 a 20 hs.; una exposici\u00f3n de Alfredo Mu\u00f1oz con curadur\u00eda de Gustavo Insaurralde en el Museo Arqueol\u00f3gico y Antropol\u00f3gico de la Provincia de Corrientes &#8211; Casa Mart\u00ednez, sito en Fray Jos\u00e9 de la Quintana 971, de 9 a 12 hs y de 17 a 21 hs. y la muestra colectiva &#8220;\u00d1ee Raity&#8221;, con curadur\u00eda de Agustina Soria en la Sala del Sol del CCU UNNE.<br><br>Tres muestras que tendr\u00e1n lugar en el Museo de Bellas Artes &#8220;Juan R. Vidal\u201d con curador\u00eda de Daniela Russo Casco en la Sala \u201cJos\u00e9 Negro\u201d, curadur\u00eda de Julio S\u00e1nchez Baroni en Sala \u201cJusta D\u00edaz de Vivar\u201d, curadur\u00eda de Alejandra F\u00e9rn\u00e1ndez en la Sala de conferencias y curadur\u00eda de Fernanda Toccalino. El Instituto de Cultura de Corrientes, ubicado en San Juan 546, alojar\u00e1 la muestra \u201c\u00d1ande Arte\u201d sobre muralismo.<br><br>Menci\u00f3n aparte para la exposici\u00f3n Homenaje a Lucho Olivera con curadur\u00eda de Gustavo Insaurralde y la exposici\u00f3n en memoria de Luis Llarens, con curadur\u00eda de Luis Bogado, a llevarse a cabo en el Sal\u00f3n de los Pasos Perdidos de la Legislatura de Corrientes, Salta 545.<br><br>Completan el circuito las muestras \u201cLitoralidad\u201d a llevarse adelante en el Espacio Mari\u00f1o, Santa Fe 847, y la muestra colectiva \u201cLa Caja de Pandora\u201d, propuesta por Orto Galer\u00eda en MECA, Espa\u00f1a 1559.<\/p>\n","protected":false},"excerpt":{"rendered":"<p>La s\u00e9ptima edici\u00f3n de la feria de arte contempor\u00e1neo de Corrientes fue presentada hoy en la ciudad de Buenos Aires en el marco de un acto encabezado por la presidente&hellip; <\/p>\n","protected":false},"author":4,"featured_media":206000,"comment_status":"closed","ping_status":"open","sticky":false,"template":"","format":"standard","meta":{"footnotes":""},"categories":[23],"tags":[],"class_list":["post-205989","post","type-post","status-publish","format-standard","has-post-thumbnail","hentry","category-actualidad"],"_links":{"self":[{"href":"https:\/\/corrientesdetarde.com\/index.php\/wp-json\/wp\/v2\/posts\/205989","targetHints":{"allow":["GET"]}}],"collection":[{"href":"https:\/\/corrientesdetarde.com\/index.php\/wp-json\/wp\/v2\/posts"}],"about":[{"href":"https:\/\/corrientesdetarde.com\/index.php\/wp-json\/wp\/v2\/types\/post"}],"author":[{"embeddable":true,"href":"https:\/\/corrientesdetarde.com\/index.php\/wp-json\/wp\/v2\/users\/4"}],"replies":[{"embeddable":true,"href":"https:\/\/corrientesdetarde.com\/index.php\/wp-json\/wp\/v2\/comments?post=205989"}],"version-history":[{"count":1,"href":"https:\/\/corrientesdetarde.com\/index.php\/wp-json\/wp\/v2\/posts\/205989\/revisions"}],"predecessor-version":[{"id":206001,"href":"https:\/\/corrientesdetarde.com\/index.php\/wp-json\/wp\/v2\/posts\/205989\/revisions\/206001"}],"wp:featuredmedia":[{"embeddable":true,"href":"https:\/\/corrientesdetarde.com\/index.php\/wp-json\/wp\/v2\/media\/206000"}],"wp:attachment":[{"href":"https:\/\/corrientesdetarde.com\/index.php\/wp-json\/wp\/v2\/media?parent=205989"}],"wp:term":[{"taxonomy":"category","embeddable":true,"href":"https:\/\/corrientesdetarde.com\/index.php\/wp-json\/wp\/v2\/categories?post=205989"},{"taxonomy":"post_tag","embeddable":true,"href":"https:\/\/corrientesdetarde.com\/index.php\/wp-json\/wp\/v2\/tags?post=205989"}],"curies":[{"name":"wp","href":"https:\/\/api.w.org\/{rel}","templated":true}]}}