{"id":205995,"date":"2025-05-05T21:38:02","date_gmt":"2025-05-06T00:38:02","guid":{"rendered":"https:\/\/corrientesdetarde.com\/?p=205995"},"modified":"2025-05-05T21:38:54","modified_gmt":"2025-05-06T00:38:54","slug":"valdes-informo-que-el-puerto-de-corrientes-se-encuentra-operando-con-volumenes-maximos-historicos-y-es-clave-para-la-exportacion-de-maderas-y-cuero","status":"publish","type":"post","link":"https:\/\/corrientesdetarde.com\/index.php\/actualidad\/valdes-informo-que-el-puerto-de-corrientes-se-encuentra-operando-con-volumenes-maximos-historicos-y-es-clave-para-la-exportacion-de-maderas-y-cuero\/","title":{"rendered":"Vald\u00e9s inform\u00f3 que el Puerto de Corrientes se encuentra operando con vol\u00famenes m\u00e1ximos hist\u00f3ricos y es clave para la exportaci\u00f3n de maderas y cuero"},"content":{"rendered":"\n<p>El gobernador de Corrientes, Gustavo Vald\u00e9s inform\u00f3 por medio de sus redes sociales este lunes que \u201cel puerto de Corrientes, el de aguas no profundas que mayor volumen mueve del pa\u00eds, contin\u00faa operando con vol\u00famenes m\u00e1ximos hist\u00f3ricos. Su reactivaci\u00f3n fue clave para que diversas empresas forestales, incluido el aserradero m\u00e1s grande de la Argentina, AconTimber, puedan exportar al mundo, alcanzando alrededor de 550 contenedores mensuales. Adem\u00e1s, en las pr\u00f3ximas semanas, con la instalaci\u00f3n de Senasa en la zona portuaria, comenzaremos a exportar entre 70 y 80 contenedores mensuales de cuero\u201d.<\/p>\n\n\n\n<p>\u201cPor otro lado, la obra de ampliaci\u00f3n de la plazoleta fiscal nos permitir\u00e1 incrementar hasta un 40% la capacidad de almacenamiento de contenedores en espera de los convoyes para exportaci\u00f3n. Seguimos impulsando la producci\u00f3n y la industrializaci\u00f3n de nuestra provincia con acciones concretas para posicionar a Corrientes en los mercados internacionales. Desarrollo y futuro\u201d concluy\u00f3 el Primer Mandatario provincial en su posteo.<\/p>\n","protected":false},"excerpt":{"rendered":"<p>El gobernador de Corrientes, Gustavo Vald\u00e9s inform\u00f3 por medio de sus redes sociales este lunes que \u201cel puerto de Corrientes, el de aguas no profundas que mayor volumen mueve del&hellip; <\/p>\n","protected":false},"author":4,"featured_media":206008,"comment_status":"closed","ping_status":"open","sticky":false,"template":"","format":"standard","meta":{"footnotes":""},"categories":[23],"tags":[],"class_list":["post-205995","post","type-post","status-publish","format-standard","has-post-thumbnail","hentry","category-actualidad"],"_links":{"self":[{"href":"https:\/\/corrientesdetarde.com\/index.php\/wp-json\/wp\/v2\/posts\/205995","targetHints":{"allow":["GET"]}}],"collection":[{"href":"https:\/\/corrientesdetarde.com\/index.php\/wp-json\/wp\/v2\/posts"}],"about":[{"href":"https:\/\/corrientesdetarde.com\/index.php\/wp-json\/wp\/v2\/types\/post"}],"author":[{"embeddable":true,"href":"https:\/\/corrientesdetarde.com\/index.php\/wp-json\/wp\/v2\/users\/4"}],"replies":[{"embeddable":true,"href":"https:\/\/corrientesdetarde.com\/index.php\/wp-json\/wp\/v2\/comments?post=205995"}],"version-history":[{"count":1,"href":"https:\/\/corrientesdetarde.com\/index.php\/wp-json\/wp\/v2\/posts\/205995\/revisions"}],"predecessor-version":[{"id":206007,"href":"https:\/\/corrientesdetarde.com\/index.php\/wp-json\/wp\/v2\/posts\/205995\/revisions\/206007"}],"wp:featuredmedia":[{"embeddable":true,"href":"https:\/\/corrientesdetarde.com\/index.php\/wp-json\/wp\/v2\/media\/206008"}],"wp:attachment":[{"href":"https:\/\/corrientesdetarde.com\/index.php\/wp-json\/wp\/v2\/media?parent=205995"}],"wp:term":[{"taxonomy":"category","embeddable":true,"href":"https:\/\/corrientesdetarde.com\/index.php\/wp-json\/wp\/v2\/categories?post=205995"},{"taxonomy":"post_tag","embeddable":true,"href":"https:\/\/corrientesdetarde.com\/index.php\/wp-json\/wp\/v2\/tags?post=205995"}],"curies":[{"name":"wp","href":"https:\/\/api.w.org\/{rel}","templated":true}]}}