{"id":206233,"date":"2025-05-07T08:19:43","date_gmt":"2025-05-07T11:19:43","guid":{"rendered":"https:\/\/corrientesdetarde.com\/?p=206233"},"modified":"2025-05-07T08:19:54","modified_gmt":"2025-05-07T11:19:54","slug":"plus-unificado-valdes-anuncio-dias-de-pago-del-beneficio-de-mayo","status":"publish","type":"post","link":"https:\/\/corrientesdetarde.com\/index.php\/locales\/plus-unificado-valdes-anuncio-dias-de-pago-del-beneficio-de-mayo\/","title":{"rendered":"Plus Unificado: Vald\u00e9s anunci\u00f3 d\u00edas de pago del beneficio de mayo"},"content":{"rendered":"\n<p><em><strong>El gobernador Gustavo Vald\u00e9s confirm\u00f3 la liquidaci\u00f3n del Adicional Remunerativo Mensual de este mes entre este viernes 9 y el jueves 15. Alcanza a los agentes activos, jubilados y pensionados de la administraci\u00f3n p\u00fablica provincial.<\/strong><\/em><\/p>\n\n\n\n<p>A trav\u00e9s de sus redes sociales @gustavovaldesok, el primer mandatario de Corrientes Gustavo Vald\u00e9s, adelant\u00f3 el pago del Adicional Remunerativo Mensual de mayo (Plus Unificado), de $55 mil por agente de la administraci\u00f3n p\u00fablica provincial, tanto activos, jubilados y pensionados. La liquidaci\u00f3n comenzar\u00e1 este viernes 9, hasta el jueves 15<\/p>\n\n\n\n<p>El pago comenzar\u00e1 el viernes 9, para los agentes con Documento Nacional de Identidad terminados en 0 y 1. El segundo tramo se abonar\u00e1 el lunes 12, para aquellos con DNI finalizados en 2 y 3; ya estar\u00e1 disponible a trav\u00e9s de los cajeros autom\u00e1ticos habilitados por el Banco de Corrientes SA y homebanking de cada agente desde este s\u00e1bado 10.<\/p>\n\n\n\n<p>El cronograma continuar\u00e1 el martes 13, para los documentos terminados en 4 y 5; el mi\u00e9rcoles 14, ser\u00e1 el turno de los n\u00fameros 6 y 7.<\/p>\n\n\n\n<p>El plago del Plus Unificado de mayo finalizar\u00e1 el jueves 15, para los documentos con n\u00fameros terminados en 8 y 9.<\/p>\n\n\n\n<figure class=\"wp-block-image size-large\"><img loading=\"lazy\" decoding=\"async\" width=\"1024\" height=\"1024\" src=\"https:\/\/corrientesdetarde.com\/wp-content\/uploads\/2025\/05\/image-186-1024x1024.png\" alt=\"\" class=\"wp-image-206234\" srcset=\"https:\/\/corrientesdetarde.com\/wp-content\/uploads\/2025\/05\/image-186-1024x1024.png 1024w, https:\/\/corrientesdetarde.com\/wp-content\/uploads\/2025\/05\/image-186-300x300.png 300w, https:\/\/corrientesdetarde.com\/wp-content\/uploads\/2025\/05\/image-186-150x150.png 150w, https:\/\/corrientesdetarde.com\/wp-content\/uploads\/2025\/05\/image-186-768x768.png 768w, https:\/\/corrientesdetarde.com\/wp-content\/uploads\/2025\/05\/image-186.png 1206w\" sizes=\"auto, (max-width: 1024px) 100vw, 1024px\" \/><\/figure>\n","protected":false},"excerpt":{"rendered":"<p>El gobernador Gustavo Vald\u00e9s confirm\u00f3 la liquidaci\u00f3n del Adicional Remunerativo Mensual de este mes entre este viernes 9 y el jueves 15. Alcanza a los agentes activos, jubilados y pensionados&hellip; <\/p>\n","protected":false},"author":1,"featured_media":180339,"comment_status":"closed","ping_status":"open","sticky":false,"template":"","format":"standard","meta":{"footnotes":""},"categories":[8],"tags":[],"class_list":["post-206233","post","type-post","status-publish","format-standard","has-post-thumbnail","hentry","category-locales"],"_links":{"self":[{"href":"https:\/\/corrientesdetarde.com\/index.php\/wp-json\/wp\/v2\/posts\/206233","targetHints":{"allow":["GET"]}}],"collection":[{"href":"https:\/\/corrientesdetarde.com\/index.php\/wp-json\/wp\/v2\/posts"}],"about":[{"href":"https:\/\/corrientesdetarde.com\/index.php\/wp-json\/wp\/v2\/types\/post"}],"author":[{"embeddable":true,"href":"https:\/\/corrientesdetarde.com\/index.php\/wp-json\/wp\/v2\/users\/1"}],"replies":[{"embeddable":true,"href":"https:\/\/corrientesdetarde.com\/index.php\/wp-json\/wp\/v2\/comments?post=206233"}],"version-history":[{"count":1,"href":"https:\/\/corrientesdetarde.com\/index.php\/wp-json\/wp\/v2\/posts\/206233\/revisions"}],"predecessor-version":[{"id":206235,"href":"https:\/\/corrientesdetarde.com\/index.php\/wp-json\/wp\/v2\/posts\/206233\/revisions\/206235"}],"wp:featuredmedia":[{"embeddable":true,"href":"https:\/\/corrientesdetarde.com\/index.php\/wp-json\/wp\/v2\/media\/180339"}],"wp:attachment":[{"href":"https:\/\/corrientesdetarde.com\/index.php\/wp-json\/wp\/v2\/media?parent=206233"}],"wp:term":[{"taxonomy":"category","embeddable":true,"href":"https:\/\/corrientesdetarde.com\/index.php\/wp-json\/wp\/v2\/categories?post=206233"},{"taxonomy":"post_tag","embeddable":true,"href":"https:\/\/corrientesdetarde.com\/index.php\/wp-json\/wp\/v2\/tags?post=206233"}],"curies":[{"name":"wp","href":"https:\/\/api.w.org\/{rel}","templated":true}]}}