{"id":20626,"date":"2022-11-17T16:42:18","date_gmt":"2022-11-17T19:42:18","guid":{"rendered":"https:\/\/corrientesdetarde.com\/?p=20626"},"modified":"2022-11-17T16:42:23","modified_gmt":"2022-11-17T19:42:23","slug":"ferias-gastronomia-arte-y-actividadesdeportivas-para-disfrutar-el-fin-de-semana-largo","status":"publish","type":"post","link":"https:\/\/corrientesdetarde.com\/index.php\/eventos\/ferias-gastronomia-arte-y-actividadesdeportivas-para-disfrutar-el-fin-de-semana-largo\/","title":{"rendered":"Ferias, gastronom\u00eda, arte y actividadesdeportivas para disfrutar el fin de semana largo"},"content":{"rendered":"\n<p>La Municipalidad de Corrientes prepara una variada y atractiva programaci\u00f3n para los vecinos y visitantes, con propuestas que incluyen: gastronom\u00eda, cerveza artesanal, las cl\u00e1sicas ferias, al igual que varias competencias deportivas.<\/p>\n\n\n\n<p>Como cada fin de semana, la Municipalidad ofrece distintas alternativas para el disfrute de los vecinos de Corrientes y de quienes visitan la ciudad. Del viernes al lunes, se realizar\u00e1n m\u00faltiples actividades culturales, deportivas y de entretenimiento en diversos puntos de la capital.<br>\u00a0<br>FERIAS<br>La Feria de Artesanos se podr\u00e1 visitar el viernes en la plaza Cabral (peatonal Jun\u00edn entre San Lorenzo y Santa Fe), de 9 a 21, mientras que s\u00e1bado y domingo se desarrollar\u00e1 en un nuevo espacio, ubicado sobre avenida costanera Juan Pablo II y Las Heras.<br>\u00a0<br>En ambos lugares, los feriantes estar\u00e1n de 9 a 21, con productos realizados en madera, hierro, adem\u00e1s de tejidos, entre otras manualidades, como as\u00ed tambi\u00e9n floricultura, dulces regionales y platos regionales.<br>\u00a0<br>Del 18 al 20 de noviembre se realizar\u00e1 el Tarag\u00fc\u00ed Tatoo, con la participaci\u00f3n de m\u00e1s de 40 artistas de cuatro provincias en Somnia (plaza Ribera &#8211; Av. Centenario 4401), desde las 14.<br>\u00a0<br>ARTE Y GASTRONOM\u00cdA<br>El viernes 18, desde las 17 se realizar\u00e1 en el barrio Anah\u00ed, en el marco del programa \u201cLa Muni con vos&#8221; la exposici\u00f3n \u201cNaciones Unidas\u201d. En el CIC General Andresito (Cristo Obrero 345) se hablar\u00e1 sobre los inmigrantes y sus costumbres.<br>\u00a0<br>Ese mismo d\u00eda, a las 19, se presentar\u00e1 el libro \u201cCon las manos al Cielo\u201d en Casa Molinas, sita en Pellegrini 937.<br>\u00a0<br>El s\u00e1bado 19 se llevar\u00e1 adelante la Pe\u00f1a del Arte, en el Paseo Universitario del parque Mitre, a partir de las 17, con la actuaci\u00f3n de Juli\u00e1n Arami, Gian Franco, grupo Los Gonz\u00e1lez, familia chamamecera, la Chaque\u00f1ita Angelina Barner y el ballet 7 de oro. Acompa\u00f1aran tambi\u00e9n la jornada una feria gastron\u00f3mica y de emprendedores.<br>\u00a0<br>Ese mismo d\u00eda, el Patio Gastron\u00f3mico y Patio Cervecero ofrecer\u00e1n propuestas deliciosas para los vecinos y visitantes, en el Paseo Arazaty, de 19 a 2.<br>\u00a0<br>El domingo 20 se realizar\u00e1 la feria de las colectividades \u201cSabores del mundo\u201d en el parque Camba Cu\u00e1, de 17 a 23.<br>\u00a0<br>Adem\u00e1s, como es habitual, en el paseo Arazaty, tendr\u00e1 lugar ese d\u00eda la Pe\u00f1a Oficial de la Ciudad a partir de las 18. En esta ocasi\u00f3n, actuar\u00e1n: Familia Chamamecera, Grupo Los Gonz\u00e1lez, Los Caminantes del Gaucho Gil, El Pampa Torres (Salta), Los Amigos de Itat\u00ed, Nernia y Alfredo &#8220;Los Tey\u00fa&#8221; y Los Aut\u00e9nticos Conum\u00ed. Como siempre el acceso es libre y gratuito para toda la familia.<br>\u00a0<br>Por otra parte, el lunes 21, a las 20, en la Casa Molinas, ubicada por Pellegrini 937, se habilitar\u00e1 la muestra anual de vitraux y cer\u00e1mica \u201cBicolor\u201d. La misma podr\u00e1 ser visitada hasta el 2 de diciembre, de lunes a viernes, de 6 a 20 y s\u00e1bados, domingos y feriados, de 9 a 21.<br>\u00a0<br>DEPORTES<br>Del viernes 18 al lunes 21 de noviembre se llevar\u00e1 adelante la Liga Federal de Primera de Cestoball, de 9 a 12, y de 15 a 19, en los clubes C\u00f3rdoba, H\u00e9rcules, San Mart\u00edn, El Tala, y Sindicato de luz y Fuerza.<br>\u00a0<br>En tanto que el viernes 18 y el lunes 21 se desarrollar\u00e1 la Copa Municipalidad de la Ciudad de Corrientes \u201cB\u00e1squet\u201d, de 21 a 00, en el Estadio Jos\u00e9 Jorge Contte del Club de Regatas Corrientes.<br>\u00a0<br>Tambi\u00e9n desde el viernes 18 al 20 de noviembre tendr\u00e1 lugar el M\u00e1ster Hockey Mundialista, de 8 a 19, en la cancha de la Asociaci\u00f3n Correntina Amateurs de Hockey Corrientes (ACAH), ubicada camino al Perich\u00f3n y en Aranduroga Rugby Club, en ruta 43 Km 4.5. (Santa Ana).<br>\u00a0<br>Del s\u00e1bado 19 al lunes 21 de noviembre se concretar\u00e1 el Torneo Internacional de Handball \u201cCopa Daniel Blanco\u201d con la participaci\u00f3n de atletas de Corrientes, Buenos Aires, C\u00f3rdoba, Tucum\u00e1n, La Pampa, Chaco y los pa\u00edses vecinos Paraguay y Uruguay. El evento se llevar\u00e1 a cabo, de 8 a 21, en el Club H\u00e9rcules (Brasil 965); el Polideportivo 1536 Viv. (Cosqu\u00edn, Av. la Paz y, Corrientes), y en el CEF N\u00ba1(Av. Patagonia 1801)<br>\u00a0<br>El s\u00e1bado 19 y domingo 20 de noviembre, los equipos se medir\u00e1n en el 28\u00b0 Torneo S\u00faper Seven del Nordeste \u201cCopa de Oro- Vicente Rosello\u201d, de 14 a 21, en Taragu\u00ed Rugby Club (RN12 1037).<br>\u00a0<br>El lunes 21 de noviembre, a las 17, se llevar\u00e1 adelante la segunda edici\u00f3n de la \u201cMarat\u00f3n de la limpieza\u201d. Una actividad que busca promover la actividad f\u00edsica y, a su vez, incentivar el cuidado del ambiente, recolectando papeles y botellas descartables en la zona m\u00e1s concurrida de la ciudad: la costanera. Habr\u00e1 circuitos de 2 y 5 km.<br>\u00a0<br>SOL Y ARENA<br>Los vecinos y turistas podr\u00e1n disfrutar de los balnearios p\u00fablicos municipales que cuenta con todos los servicios gratuitos, adem\u00e1s de recreaciones al aire libre.<br>De 8 a 20, con servicio de guardavidas, ba\u00f1os p\u00fablicos, entre otros, se encuentran habilitadas las playas Arazaty I y II, Isla Malvinas I y II y Molina Punta. Adem\u00e1s, en las Malvinas II se encuentra el Paseo Balneario Recreativo Exclusivo para Canes.<br>\u00a0<br>INFORMACI\u00d3N TUR\u00cdSTICA<br>Durante estos d\u00edas, quienes deseen recabar informaci\u00f3n de todas las actividades, puntos tur\u00edsticos y dem\u00e1s atractivos que se pueden realizar en la ciudad, podr\u00e1n acercarse a cualquiera de los Centros de Informes Tur\u00edsticos.<br>\u00a0<br>Los mismos se encuentran en la plaza Sargento Cabral (lunes a viernes de 7 a 13; y fines de semana y feriados, de 7 a 22); plaza Juan de Vera (lunes a viernes de 8 a 20; fines de semana y feriados, de 7 a 22) y en la Terminal de \u00d3mnibus (lunes a viernes, de 8 a 11, fines de semana y feriados de 8 a 20).<\/p>\n\n\n\n<figure class=\"wp-block-image size-large\"><img loading=\"lazy\" decoding=\"async\" width=\"1024\" height=\"682\" src=\"https:\/\/corrientesdetarde.com\/wp-content\/uploads\/2022\/11\/image-205-1024x682.png\" alt=\"\" class=\"wp-image-20628\" srcset=\"https:\/\/corrientesdetarde.com\/wp-content\/uploads\/2022\/11\/image-205-1024x682.png 1024w, https:\/\/corrientesdetarde.com\/wp-content\/uploads\/2022\/11\/image-205-300x200.png 300w, https:\/\/corrientesdetarde.com\/wp-content\/uploads\/2022\/11\/image-205-768x512.png 768w, https:\/\/corrientesdetarde.com\/wp-content\/uploads\/2022\/11\/image-205-272x182.png 272w, https:\/\/corrientesdetarde.com\/wp-content\/uploads\/2022\/11\/image-205.png 1280w\" sizes=\"auto, (max-width: 1024px) 100vw, 1024px\" \/><\/figure>\n\n\n\n<figure class=\"wp-block-image size-large\"><img loading=\"lazy\" decoding=\"async\" width=\"1024\" height=\"682\" src=\"https:\/\/corrientesdetarde.com\/wp-content\/uploads\/2022\/11\/image-206-1024x682.png\" alt=\"\" class=\"wp-image-20629\" srcset=\"https:\/\/corrientesdetarde.com\/wp-content\/uploads\/2022\/11\/image-206-1024x682.png 1024w, https:\/\/corrientesdetarde.com\/wp-content\/uploads\/2022\/11\/image-206-300x200.png 300w, https:\/\/corrientesdetarde.com\/wp-content\/uploads\/2022\/11\/image-206-768x512.png 768w, https:\/\/corrientesdetarde.com\/wp-content\/uploads\/2022\/11\/image-206-272x182.png 272w, https:\/\/corrientesdetarde.com\/wp-content\/uploads\/2022\/11\/image-206.png 1280w\" sizes=\"auto, (max-width: 1024px) 100vw, 1024px\" \/><\/figure>\n\n\n\n<figure class=\"wp-block-image size-large\"><img loading=\"lazy\" decoding=\"async\" width=\"1024\" height=\"1024\" src=\"https:\/\/corrientesdetarde.com\/wp-content\/uploads\/2022\/11\/image-207-1024x1024.png\" alt=\"\" class=\"wp-image-20630\" srcset=\"https:\/\/corrientesdetarde.com\/wp-content\/uploads\/2022\/11\/image-207-1024x1024.png 1024w, https:\/\/corrientesdetarde.com\/wp-content\/uploads\/2022\/11\/image-207-300x300.png 300w, https:\/\/corrientesdetarde.com\/wp-content\/uploads\/2022\/11\/image-207-150x150.png 150w, https:\/\/corrientesdetarde.com\/wp-content\/uploads\/2022\/11\/image-207-768x769.png 768w, https:\/\/corrientesdetarde.com\/wp-content\/uploads\/2022\/11\/image-207-375x375.png 375w, https:\/\/corrientesdetarde.com\/wp-content\/uploads\/2022\/11\/image-207.png 1279w\" sizes=\"auto, (max-width: 1024px) 100vw, 1024px\" \/><\/figure>\n\n\n\n<figure class=\"wp-block-image size-large\"><img loading=\"lazy\" decoding=\"async\" width=\"1024\" height=\"1024\" src=\"https:\/\/corrientesdetarde.com\/wp-content\/uploads\/2022\/11\/image-208-1024x1024.png\" alt=\"\" class=\"wp-image-20631\" srcset=\"https:\/\/corrientesdetarde.com\/wp-content\/uploads\/2022\/11\/image-208-1024x1024.png 1024w, https:\/\/corrientesdetarde.com\/wp-content\/uploads\/2022\/11\/image-208-300x300.png 300w, https:\/\/corrientesdetarde.com\/wp-content\/uploads\/2022\/11\/image-208-150x150.png 150w, https:\/\/corrientesdetarde.com\/wp-content\/uploads\/2022\/11\/image-208-768x768.png 768w, https:\/\/corrientesdetarde.com\/wp-content\/uploads\/2022\/11\/image-208-375x375.png 375w, https:\/\/corrientesdetarde.com\/wp-content\/uploads\/2022\/11\/image-208.png 1280w\" sizes=\"auto, (max-width: 1024px) 100vw, 1024px\" \/><\/figure>\n","protected":false},"excerpt":{"rendered":"<p>La Municipalidad de Corrientes prepara una variada y atractiva programaci\u00f3n para los vecinos y visitantes, con propuestas que incluyen: gastronom\u00eda, cerveza artesanal, las cl\u00e1sicas ferias, al igual que varias competencias&hellip; <\/p>\n","protected":false},"author":8,"featured_media":20632,"comment_status":"closed","ping_status":"open","sticky":false,"template":"","format":"standard","meta":{"footnotes":""},"categories":[22],"tags":[],"class_list":["post-20626","post","type-post","status-publish","format-standard","has-post-thumbnail","hentry","category-eventos"],"_links":{"self":[{"href":"https:\/\/corrientesdetarde.com\/index.php\/wp-json\/wp\/v2\/posts\/20626","targetHints":{"allow":["GET"]}}],"collection":[{"href":"https:\/\/corrientesdetarde.com\/index.php\/wp-json\/wp\/v2\/posts"}],"about":[{"href":"https:\/\/corrientesdetarde.com\/index.php\/wp-json\/wp\/v2\/types\/post"}],"author":[{"embeddable":true,"href":"https:\/\/corrientesdetarde.com\/index.php\/wp-json\/wp\/v2\/users\/8"}],"replies":[{"embeddable":true,"href":"https:\/\/corrientesdetarde.com\/index.php\/wp-json\/wp\/v2\/comments?post=20626"}],"version-history":[{"count":1,"href":"https:\/\/corrientesdetarde.com\/index.php\/wp-json\/wp\/v2\/posts\/20626\/revisions"}],"predecessor-version":[{"id":20633,"href":"https:\/\/corrientesdetarde.com\/index.php\/wp-json\/wp\/v2\/posts\/20626\/revisions\/20633"}],"wp:featuredmedia":[{"embeddable":true,"href":"https:\/\/corrientesdetarde.com\/index.php\/wp-json\/wp\/v2\/media\/20632"}],"wp:attachment":[{"href":"https:\/\/corrientesdetarde.com\/index.php\/wp-json\/wp\/v2\/media?parent=20626"}],"wp:term":[{"taxonomy":"category","embeddable":true,"href":"https:\/\/corrientesdetarde.com\/index.php\/wp-json\/wp\/v2\/categories?post=20626"},{"taxonomy":"post_tag","embeddable":true,"href":"https:\/\/corrientesdetarde.com\/index.php\/wp-json\/wp\/v2\/tags?post=20626"}],"curies":[{"name":"wp","href":"https:\/\/api.w.org\/{rel}","templated":true}]}}