{"id":20634,"date":"2022-11-17T16:44:53","date_gmt":"2022-11-17T19:44:53","guid":{"rendered":"https:\/\/corrientesdetarde.com\/?p=20634"},"modified":"2022-11-17T16:44:57","modified_gmt":"2022-11-17T19:44:57","slug":"artistas-correntinos-en-la-fiesta-internacional-de-la-musica","status":"publish","type":"post","link":"https:\/\/corrientesdetarde.com\/index.php\/cultura\/artistas-correntinos-en-la-fiesta-internacional-de-la-musica\/","title":{"rendered":"Artistas correntinos en la Fiesta Internacional de la M\u00fasica"},"content":{"rendered":"\n<p>Mario Bofil, Guido Encinas, y Julieta y Luciano Obreg\u00f3n participan de la Fiesta Internacional de la M\u00fasica en Buenos Aires. En evento se realiza del 16 al 19 de noviembre en el Abasto Shopping.<\/p>\n\n\n\n<p>La\u00a013.\u00aa Feria Internacional de M\u00fasica de Buenos Aires (BAFIM), uno de los eventos m\u00e1s importantes de Latinoam\u00e9rica para la industria de la m\u00fasica, se desarrollar\u00e1 entre el 16 y el 19 de noviembre. Durante esos cuatro d\u00edas el p\u00fablico podr\u00e1 disfrutar, con entrada gratis, de una programaci\u00f3n que tiene el foco puesto en la diversidad, el federalismo, el trabajo conjunto de los sectores p\u00fablico y privado, y las nuevas tendencias. Habr\u00e1 m\u00fasica en vivo, un espacio de profesionalizaci\u00f3n, charlas y paneles de debate, una agenda de encuentros dedicados a la visibilizaci\u00f3n e inclusi\u00f3n de las mujeres y disidencias en el sector musical, adem\u00e1s de incluso una feria de discos, libros e instrumentos, entre otras propuestas.<\/p>\n\n\n\n<p>Consolidada como una de las ferias referentes de la regi\u00f3n,\u00a0BAFIM\u00a0convierte, edici\u00f3n a edici\u00f3n, a la Ciudad de Buenos Aires en el epicentro de la m\u00fasica de todo el pa\u00eds con la presencia de artistas, sellos, organizaciones sectoriales, sociedades de gesti\u00f3n, programadores, managers, agencias, medios especializados, invitados internacionales y p\u00fablico general.<\/p>\n\n\n\n<p><strong>LA PARTICIPACI\u00d3N DE LOS CORRENTINOS&nbsp;<\/strong><\/p>\n\n\n\n<p>Apertura BAFIM 2022 fue este mi\u00e9rcoles en las escalinatas del Abasto Shopping con un homenaje al chamam\u00e9, que es patrimonio cultural mundial de la humanidad, por la nueva generaci\u00f3n de artistas dedicados al g\u00e9nero, con&nbsp;Julieta y Luciano Obreg\u00f3n,&nbsp;Guido Encinas&nbsp;y&nbsp;Mario Bofill&nbsp;como invitado de honor.<\/p>\n\n\n\n<p>Adem\u00e1s hubo un show del artista urbano&nbsp;G SONY. Presentado por&nbsp;Terer\u00e9 Fest&nbsp;con el apoyo de Abasto Shopping y Abasto Barrio Cultural.<\/p>\n","protected":false},"excerpt":{"rendered":"<p>Mario Bofil, Guido Encinas, y Julieta y Luciano Obreg\u00f3n participan de la Fiesta Internacional de la M\u00fasica en Buenos Aires. En evento se realiza del 16 al 19 de noviembre&hellip; <\/p>\n","protected":false},"author":8,"featured_media":20635,"comment_status":"closed","ping_status":"open","sticky":false,"template":"","format":"standard","meta":{"footnotes":""},"categories":[15],"tags":[],"class_list":["post-20634","post","type-post","status-publish","format-standard","has-post-thumbnail","hentry","category-cultura"],"_links":{"self":[{"href":"https:\/\/corrientesdetarde.com\/index.php\/wp-json\/wp\/v2\/posts\/20634","targetHints":{"allow":["GET"]}}],"collection":[{"href":"https:\/\/corrientesdetarde.com\/index.php\/wp-json\/wp\/v2\/posts"}],"about":[{"href":"https:\/\/corrientesdetarde.com\/index.php\/wp-json\/wp\/v2\/types\/post"}],"author":[{"embeddable":true,"href":"https:\/\/corrientesdetarde.com\/index.php\/wp-json\/wp\/v2\/users\/8"}],"replies":[{"embeddable":true,"href":"https:\/\/corrientesdetarde.com\/index.php\/wp-json\/wp\/v2\/comments?post=20634"}],"version-history":[{"count":1,"href":"https:\/\/corrientesdetarde.com\/index.php\/wp-json\/wp\/v2\/posts\/20634\/revisions"}],"predecessor-version":[{"id":20636,"href":"https:\/\/corrientesdetarde.com\/index.php\/wp-json\/wp\/v2\/posts\/20634\/revisions\/20636"}],"wp:featuredmedia":[{"embeddable":true,"href":"https:\/\/corrientesdetarde.com\/index.php\/wp-json\/wp\/v2\/media\/20635"}],"wp:attachment":[{"href":"https:\/\/corrientesdetarde.com\/index.php\/wp-json\/wp\/v2\/media?parent=20634"}],"wp:term":[{"taxonomy":"category","embeddable":true,"href":"https:\/\/corrientesdetarde.com\/index.php\/wp-json\/wp\/v2\/categories?post=20634"},{"taxonomy":"post_tag","embeddable":true,"href":"https:\/\/corrientesdetarde.com\/index.php\/wp-json\/wp\/v2\/tags?post=20634"}],"curies":[{"name":"wp","href":"https:\/\/api.w.org\/{rel}","templated":true}]}}