{"id":206346,"date":"2025-05-07T15:19:50","date_gmt":"2025-05-07T18:19:50","guid":{"rendered":"https:\/\/corrientesdetarde.com\/?p=206346"},"modified":"2025-05-07T15:19:53","modified_gmt":"2025-05-07T18:19:53","slug":"la-importante-decision-que-mariano-herron-le-comunico-al-plantel-de-boca","status":"publish","type":"post","link":"https:\/\/corrientesdetarde.com\/index.php\/deportes\/la-importante-decision-que-mariano-herron-le-comunico-al-plantel-de-boca\/","title":{"rendered":"La importante decisi\u00f3n que Mariano Herr\u00f3n le comunic\u00f3 al plantel de Boca"},"content":{"rendered":"\n<p>El Xeneize se prepara para jugar ante Lan\u00fas por los octavos de final del Torneo Apertura 2025.<\/p>\n\n\n\n<p>Mientras\u00a0<strong>Boca<\/strong>\u00a0busca DT tras la salida de\u00a0<strong>Fernando Gago<\/strong>,\u00a0<strong>Marcos Rojo\u00a0<\/strong>confirm\u00f3 que\u00a0<strong>Mariano Herr\u00f3n<\/strong>\u00a0seguir\u00e1 como interino hasta que termine el Torneo Apertura.<\/p>\n\n\n\n<p>\u201cNos confirm\u00f3 a todos que iba a ser el<strong>&nbsp;DT de Boca en estos partidos de lo que dure la Copa<\/strong>&nbsp;para que nosotros tengamos la certeza de que \u00edbamos a trabajar con \u00e9l\u201d, explic\u00f3 el defensor en di\u00e1logo con<em>&nbsp;ESPN.<\/em><\/p>\n\n\n\n<p>En ese sentido, agreg\u00f3: \u201c<strong>\u00c9l est\u00e1 para ayudarnos a nosotros y nosotros a \u00e9l. (Dijo) que iba a hacer lo mejor para que Boca sea campe\u00f3n<\/strong>\u201d.<\/p>\n\n\n\n<figure class=\"wp-block-image\"><img decoding=\"async\" src=\"https:\/\/tn.com.ar\/resizer\/v2\/mariano-herron-asumio-como-interino-tras-la-salida-de-fernando-gago-de-boca-foto-prensa-boca-SXHBKNPE7FEXFA4FUX3KF4RJBE.jpg?auth=072d20061d4b97a764f6da9987671fac674ce06abe3efe645a894f4b5d4ff353&amp;width=767\" alt=\"Mariano Herr\u00f3n asumi\u00f3 como interino tras la salida de Fernando Gago de Boca. (Foto: Prensa Boca)\"\/><\/figure>\n\n\n\n<p>El defensor del Xeneize habl\u00f3 sobre Mariano Herr\u00f3n como DT. \u201cEs un gran profesional,&nbsp;<strong>sabe mucho de futbol<\/strong>, hace mucho que est\u00e1 trabajando en el club. Lo respeto mucho por su forma de trabajar\u201d, detall\u00f3.<\/p>\n\n\n\n<h2 class=\"wp-block-heading\">Boca y Lan\u00fas, con d\u00eda y horario confirmados para jugar en La Bombonera<\/h2>\n\n\n\n<p>El Xeneize recibir\u00e1 al Granate este s\u00e1bado, a las 21, por los octavos de final del Torneo Apertura 2025.<\/p>\n\n\n\n<p>Hay que recordar que&nbsp;<strong>Boca jugar\u00e1 de local por haber terminado mejor posicionado en su grupo que el Granate.<\/strong><\/p>\n\n\n\n<p>De hecho, Boca podr\u00eda disputar todos los mano a mano, excepto la final que ser\u00e1 en el estadio Madre de Ciudades de Santiago del Estero, en La Bombonera.<\/p>\n\n\n\n<p><strong>El \u00fanico que podr\u00eda sacarle ese beneficio en la semifinal es Rosario Central<\/strong>, el equipo que sum\u00f3 la mayor cantidad de puntos de la Zona A.<\/p>\n","protected":false},"excerpt":{"rendered":"<p>El Xeneize se prepara para jugar ante Lan\u00fas por los octavos de final del Torneo Apertura 2025. Mientras\u00a0Boca\u00a0busca DT tras la salida de\u00a0Fernando Gago,\u00a0Marcos Rojo\u00a0confirm\u00f3 que\u00a0Mariano Herr\u00f3n\u00a0seguir\u00e1 como interino hasta&hellip; <\/p>\n","protected":false},"author":8,"featured_media":206347,"comment_status":"closed","ping_status":"open","sticky":false,"template":"","format":"standard","meta":{"footnotes":""},"categories":[4],"tags":[],"class_list":["post-206346","post","type-post","status-publish","format-standard","has-post-thumbnail","hentry","category-deportes"],"_links":{"self":[{"href":"https:\/\/corrientesdetarde.com\/index.php\/wp-json\/wp\/v2\/posts\/206346","targetHints":{"allow":["GET"]}}],"collection":[{"href":"https:\/\/corrientesdetarde.com\/index.php\/wp-json\/wp\/v2\/posts"}],"about":[{"href":"https:\/\/corrientesdetarde.com\/index.php\/wp-json\/wp\/v2\/types\/post"}],"author":[{"embeddable":true,"href":"https:\/\/corrientesdetarde.com\/index.php\/wp-json\/wp\/v2\/users\/8"}],"replies":[{"embeddable":true,"href":"https:\/\/corrientesdetarde.com\/index.php\/wp-json\/wp\/v2\/comments?post=206346"}],"version-history":[{"count":1,"href":"https:\/\/corrientesdetarde.com\/index.php\/wp-json\/wp\/v2\/posts\/206346\/revisions"}],"predecessor-version":[{"id":206348,"href":"https:\/\/corrientesdetarde.com\/index.php\/wp-json\/wp\/v2\/posts\/206346\/revisions\/206348"}],"wp:featuredmedia":[{"embeddable":true,"href":"https:\/\/corrientesdetarde.com\/index.php\/wp-json\/wp\/v2\/media\/206347"}],"wp:attachment":[{"href":"https:\/\/corrientesdetarde.com\/index.php\/wp-json\/wp\/v2\/media?parent=206346"}],"wp:term":[{"taxonomy":"category","embeddable":true,"href":"https:\/\/corrientesdetarde.com\/index.php\/wp-json\/wp\/v2\/categories?post=206346"},{"taxonomy":"post_tag","embeddable":true,"href":"https:\/\/corrientesdetarde.com\/index.php\/wp-json\/wp\/v2\/tags?post=206346"}],"curies":[{"name":"wp","href":"https:\/\/api.w.org\/{rel}","templated":true}]}}