{"id":206349,"date":"2025-05-07T15:50:58","date_gmt":"2025-05-07T18:50:58","guid":{"rendered":"https:\/\/corrientesdetarde.com\/?p=206349"},"modified":"2025-05-07T15:51:01","modified_gmt":"2025-05-07T18:51:01","slug":"la-semana-bonplandiana-cerrara-con-un-congreso-internacional-sobre-el-naturalista","status":"publish","type":"post","link":"https:\/\/corrientesdetarde.com\/index.php\/cultura\/la-semana-bonplandiana-cerrara-con-un-congreso-internacional-sobre-el-naturalista\/","title":{"rendered":"La Semana Bonplandiana cerrar\u00e1 con un Congreso Internacional sobre el naturalista"},"content":{"rendered":"\n<p>El Gobierno de Corrientes, a trav\u00e9s del Instituto de Cultura, organiz\u00f3 la Semana Bonplandiana en honor al reconocido naturalista y bot\u00e1nico franc\u00e9s, que incluir\u00e1 muestras en el Museo de Ciencias Naturales Amado Bonpland (Av. Costanera Gral. San Mart\u00edn 100), y el cierre ser\u00e1 el viernes 9 de mayo, desde las 9, con el Congreso Internacional Bonpland \u2013 Humboldt, en el contexto internacional: \u201cLos museos como difusores de la obra cient\u00edfica\u201d.<\/p>\n\n\n\n<p>Esta actividad se llevar\u00e1 adelante en el marco de los 167 a\u00f1os del fallecimiento de Bonpland, y 170 a\u00f1os de la fundaci\u00f3n del Museo de Ciencias Naturales que lleva su nombre, con el acompa\u00f1amiento de la Asociaci\u00f3n Civil Cultural Bonpland y ADiMRA (Asociaci\u00f3n de Directores de Museos de la Rep\u00fablica Argentina).<\/p>\n\n\n\n<p>Desde el 5 de mayo al 9 de mayo, el p\u00fablico puede visitar las muestras \u201cPasado, presente y futuro de la Yerba Mate\u201d y Bonpland, otras miradas\u201d, en el horario de 8 a 13.30, y de 14 a 20, en el Museo ubicado en plena costanera correntina.<\/p>\n\n\n\n<p>Como parte de esta Semana Bonplandiana, tendr\u00e1 lugar el viernes 9 de mayo, de 9 a 12, y de 15 a 18,15, el Congreso Internacional Bonpland-Humboldt en el contexto internacional. Los museos como difusores de la obra cient\u00edfica\u201d, con la participaci\u00f3n de importantes expositores, incluido especialistas de Uruguay, Brasil, Paraguay y Venezuela.<\/p>\n\n\n\n<p><strong>Muestra<\/strong><\/p>\n\n\n\n<p>El Instituto de Bot\u00e1nica del Nordeste (IBONE) y la Facultad de Ciencias Agrarias de la Universidad Nacional del Nordeste (UNNE) colaboran activamente en la muestra \u201cPasado, Presente y Futuro de la Yerba Mate\u201d, que se desarrollar\u00e1 en el marco del Congreso \u201cBonpland-Humboldt en el contexto internacional: los museos como difusores de la obra cient\u00edfica\u201d.<\/p>\n\n\n\n<p>La muestra re\u00fane una selecci\u00f3n de libros hist\u00f3ricos y t\u00e9cnicos sobre la yerba mate, incluyendo t\u00edtulos como Historia y folklore del mate, El mate como bebida nacional, Caa Pora\u00ed, el esp\u00edritu de la yerba mate y Las voces de la yerba mate: breve vocabulario ilustrado, entre otros. Adem\u00e1s, se exhiben publicaciones sobre producci\u00f3n e industrializaci\u00f3n del cultivo. Los ejemplares fueron gentilmente cedidos por la Biblioteca del IBONE y por la Ing. Agr. (MSc) \u00c1ngela Burgos, docente de la c\u00e1tedra Cultivos III de la Facultad de Ciencias Agrarias \u2013 UNNE.<\/p>\n\n\n\n<p>Tambi\u00e9n forma parte de la exposici\u00f3n una colecci\u00f3n de calabazas porongo (Lagenaria siceraria), planta trepadora de la familia de las cucurbit\u00e1ceas cuyo fruto seco se emplea tradicionalmente como recipiente para el mate. Esta colecci\u00f3n, perteneciente al IBONE, pone en valor el uso cultural del porongo a trav\u00e9s del tiempo.<\/p>\n\n\n\n<p>Enriquece la muestra una colecci\u00f3n de bebidas a base de yerba mate, gentilmente cedida por el Dr. Pedro Sansberro, director del Laboratorio de Biotecnolog\u00eda Aplicada y Gen\u00f3mica Funcional (con doble dependencia en la Facultad de Ciencias Agrarias \u2013 UNNE e IBONE \u2013 CONICET).<\/p>\n\n\n\n<p>El p\u00fablico tambi\u00e9n podr\u00e1 observar una muestra de frutos, semillas, hojas y yerba mate canchada, ilustrando las distintas etapas de la industrializaci\u00f3n del cultivo, desde su cosecha hasta su presentaci\u00f3n final. Se incluyen adem\u00e1s materiales herborizados de Ilex paraguariensis (yerba mate) y Ilex dumosa (yerba se\u00f1orita), especie relacionada con menor contenido de cafe\u00edna (hasta nueve veces menos), pertenecientes al Herbario CTES del IBONE. De ambas especies tambi\u00e9n se exhibe material vivo perteneciente al Establecimiento Las Mar\u00edas S.A.C.I.F.A.<\/p>\n\n\n\n<p>Finalmente, se proyecta un video, resumen del trabajo realizado en el Laboratorio de Biotecnolog\u00eda Aplicada y Gen\u00f3mica Funcional, donde se presentan los principales resultados obtenidos en los \u00faltimos 20 a\u00f1os sobre propagaci\u00f3n de la yerba mate y estudios de tolerancia al estr\u00e9s (h\u00eddrico, enfermedades y estr\u00e9s combinado). Estas investigaciones buscan comprender c\u00f3mo este cultivo emblem\u00e1tico de nuestra regi\u00f3n desarrolla mecanismos de adaptaci\u00f3n frente al cambio clim\u00e1tico.<\/p>\n\n\n\n<p><strong>Congreso Internacional<\/strong><\/p>\n\n\n\n<p>Como cierre de esta semana dedicada a los aportes del naturalista, se realizar\u00e1 el viernes 9 de mayo, el Congreso Internacional sobre los museos como difusores de la obra cient\u00edfica. Una actividad gratuita, con inscripci\u00f3n gratuita (informes e inscripci\u00f3n:&nbsp;<a href=\"mailto:asoc.bonplandctes@gmail.com\" rel=\"noreferrer noopener\" target=\"_blank\">asoc.bonplandctes@gmail.com<\/a>).<\/p>\n\n\n\n<p><strong>PROGRAMA<\/strong><\/p>\n\n\n\n<p>Viernes 9 de mayo:&nbsp; Lugar: Museo \u201cAmado Bonpland\u201d. Avda Costanera Gral. San Mart\u00edn 100. Corrientes.<\/p>\n\n\n\n<p>&nbsp;9.&nbsp;&nbsp;&nbsp;&nbsp;&nbsp;&nbsp;&nbsp;&nbsp; Arribo y recepci\u00f3n de los participantes<\/p>\n\n\n\n<p>&nbsp;9.30.&nbsp;&nbsp;&nbsp;&nbsp;&nbsp;&nbsp;&nbsp;&nbsp;&nbsp; Apertura. Himno Nacional Argentino. Banda de M\u00fasica de la Policita de Corrientes<\/p>\n\n\n\n<p>&nbsp;&nbsp;&nbsp;&nbsp;&nbsp;&nbsp;&nbsp;&nbsp;&nbsp;&nbsp;&nbsp;&nbsp;&nbsp;&nbsp;&nbsp;&nbsp;&nbsp;&nbsp;&nbsp;&nbsp;&nbsp;&nbsp;&nbsp;&nbsp;&nbsp; Palabras de Autoridades presentes<\/p>\n\n\n\n<p>&nbsp;&nbsp;&nbsp;&nbsp;&nbsp;&nbsp;&nbsp;&nbsp;&nbsp;&nbsp;&nbsp;&nbsp;&nbsp;&nbsp;&nbsp;&nbsp;&nbsp;&nbsp;&nbsp;&nbsp;&nbsp;&nbsp;&nbsp;&nbsp;&nbsp; Ofrenda floral al pie del busto del Dr. Amado Bonpland<\/p>\n\n\n\n<p>&nbsp;&nbsp;&nbsp;&nbsp;&nbsp;&nbsp;&nbsp;&nbsp;&nbsp;&nbsp;&nbsp;&nbsp;&nbsp;&nbsp;&nbsp;&nbsp;&nbsp;&nbsp;&nbsp;&nbsp;&nbsp;&nbsp;&nbsp;&nbsp;&nbsp; Apertura de la muestra \u201cPasado, Presente y Futuro de la Yerba Mate\u201d. Director del Museo: Mlogo. Ra\u00fal Aguirre Barrios.<\/p>\n\n\n\n<p><strong>RECESO<\/strong>&nbsp;&nbsp;<\/p>\n\n\n\n<p>10.45.&nbsp;&nbsp;&nbsp;&nbsp;&nbsp;&nbsp;&nbsp;&nbsp;<em>&#8220;Bonpland en el Museo de Farmacobot\u00e1nica. Origen y destinos de su archivo&#8221;<\/em>&nbsp;\u2013 Disertantes: Leonardo M. Anconatani y Marcelo L. Wagner. Museo de Farmacobot\u00e1nica. Universidad de Buenos Aires, Argentina. Moderadora: Mar\u00eda P\u00eda Sotelo Bertschinger.<\/p>\n\n\n\n<p>11.30 .&nbsp;&nbsp;&nbsp;&nbsp;&nbsp;&nbsp;&nbsp;&nbsp;<em>\u201cLa Ruta Bonpland en el R\u00edo Uruguay\u201d<\/em>. Alejandro Yemini. Coordinador de Proyectos Culturales y Educativos. Fundaci\u00f3n Sinopsis. Montevideo, Uruguay.&nbsp;&nbsp;&nbsp;&nbsp;&nbsp;&nbsp;&nbsp;&nbsp;&nbsp;&nbsp;&nbsp;&nbsp;&nbsp;&nbsp;&nbsp; Moderadora: Marisa Duarte.<\/p>\n\n\n\n<p><strong>12.15.&nbsp;&nbsp;&nbsp;&nbsp;&nbsp;&nbsp;&nbsp; RECESO<\/strong><\/p>\n\n\n\n<p>14.30.&nbsp;&nbsp; &nbsp;&nbsp;&nbsp;&nbsp;<em>&#8220;Bonpland na Tr\u00edplice Fronteira mais austral do mundo&#8221;.<\/em>&nbsp;Ing. Maher Jaber Mahmud. Intendente Municipal Barra do Quarai. Argemiro Da Rosa Rocha. Secretario de Medio Ambiente. Turismo e Integraci\u00f3n Fronteriza \u2013Barra do Quara\u00ed. RS. Brasil. Moderadora: Gladis Mango de Rubio.<\/p>\n\n\n\n<p>15.15.&nbsp;&nbsp;&nbsp;&nbsp;&nbsp;&nbsp;&nbsp;<em>Presentaci\u00f3n de la Ruta Humboldt Bonpland<\/em>. Ing. Jos\u00e9 Luis Figueroa S\u00e1chez. Foro Humboldt &amp; Bonpland, Venezuela. Moderadora. Mar\u00eda del Carmen Vargas.&nbsp;<\/p>\n\n\n\n<p>16.&nbsp;&nbsp;&nbsp;&nbsp;&nbsp;&nbsp;&nbsp;&nbsp;<em>\u201cLas colecciones del herbario hist\u00f3rico de la Sociedad Cient\u00edfica del Paraguay\u201d.<\/em>&nbsp;Dra Mar\u00eda Fatima Mereles Haydar. Asunci\u00f3n, Paraguay.&nbsp;&nbsp;&nbsp; &nbsp;&nbsp;&nbsp;&nbsp;&nbsp;&nbsp;&nbsp;&nbsp;&nbsp;&nbsp;&nbsp;&nbsp;&nbsp;&nbsp;&nbsp;&nbsp;&nbsp;Moderadora: M\u00f3nica Arzani.<\/p>\n\n\n\n<p>&nbsp;<strong>RECESO<\/strong><\/p>\n\n\n\n<p>17.15.&nbsp;&nbsp;&nbsp;&nbsp;&nbsp;<em>&nbsp;\u201cLegado de Amado Bonpland en Corrientes\u201d<\/em>. Panel Lic. Aurora Arbelo de Mazzaro y Lic. Gladis Dora Mango de Rubio. Maryam Bonpland. Corrientes, Argentina. Moderadora: M\u00f3nica Arzani&nbsp; &nbsp; &nbsp; &nbsp; &nbsp;<\/p>\n\n\n\n<p>18.&nbsp;&nbsp;&nbsp;&nbsp;&nbsp;&nbsp;&nbsp; Conclusiones<\/p>\n\n\n\n<p>18.15.&nbsp;&nbsp; Presentaci\u00f3n Revista digital Asociaci\u00f3n Civil Cultural Bonpland. Corrientes. Gabriela Barrios, Gonz\u00e1lez Vedoya y Pablo Miguel Riquelme.<\/p>\n\n\n\n<p>18.45 .&nbsp;&nbsp;&nbsp;&nbsp;&nbsp;&nbsp;&nbsp; Entrega de certificados y presentes.<\/p>\n\n\n\n<p><strong>S\u00e1bado 10 de Mayo<\/strong><\/p>\n\n\n\n<p>10.&nbsp;&nbsp;&nbsp;&nbsp;&nbsp;&nbsp;&nbsp;&nbsp;&nbsp; Recorrido para los visitantes a los Museos Provinciales.<\/p>\n\n\n\n<figure class=\"wp-block-image size-large\"><img loading=\"lazy\" decoding=\"async\" width=\"819\" height=\"1024\" src=\"https:\/\/corrientesdetarde.com\/wp-content\/uploads\/2025\/05\/image-215-819x1024.png\" alt=\"\" class=\"wp-image-206350\" srcset=\"https:\/\/corrientesdetarde.com\/wp-content\/uploads\/2025\/05\/image-215-819x1024.png 819w, https:\/\/corrientesdetarde.com\/wp-content\/uploads\/2025\/05\/image-215-240x300.png 240w, https:\/\/corrientesdetarde.com\/wp-content\/uploads\/2025\/05\/image-215-768x960.png 768w, https:\/\/corrientesdetarde.com\/wp-content\/uploads\/2025\/05\/image-215.png 1024w\" sizes=\"auto, (max-width: 819px) 100vw, 819px\" \/><\/figure>\n\n\n\n<figure class=\"wp-block-image size-large\"><img loading=\"lazy\" decoding=\"async\" width=\"819\" height=\"1024\" src=\"https:\/\/corrientesdetarde.com\/wp-content\/uploads\/2025\/05\/image-216-819x1024.png\" alt=\"\" class=\"wp-image-206351\" srcset=\"https:\/\/corrientesdetarde.com\/wp-content\/uploads\/2025\/05\/image-216-819x1024.png 819w, https:\/\/corrientesdetarde.com\/wp-content\/uploads\/2025\/05\/image-216-240x300.png 240w, https:\/\/corrientesdetarde.com\/wp-content\/uploads\/2025\/05\/image-216-768x960.png 768w, https:\/\/corrientesdetarde.com\/wp-content\/uploads\/2025\/05\/image-216.png 1024w\" sizes=\"auto, (max-width: 819px) 100vw, 819px\" \/><\/figure>\n\n\n\n<figure class=\"wp-block-image size-large\"><img loading=\"lazy\" decoding=\"async\" width=\"819\" height=\"1024\" src=\"https:\/\/corrientesdetarde.com\/wp-content\/uploads\/2025\/05\/image-217-819x1024.png\" alt=\"\" class=\"wp-image-206352\" srcset=\"https:\/\/corrientesdetarde.com\/wp-content\/uploads\/2025\/05\/image-217-819x1024.png 819w, https:\/\/corrientesdetarde.com\/wp-content\/uploads\/2025\/05\/image-217-240x300.png 240w, https:\/\/corrientesdetarde.com\/wp-content\/uploads\/2025\/05\/image-217-768x960.png 768w, https:\/\/corrientesdetarde.com\/wp-content\/uploads\/2025\/05\/image-217.png 1024w\" sizes=\"auto, (max-width: 819px) 100vw, 819px\" \/><\/figure>\n\n\n\n<figure class=\"wp-block-image size-large\"><img loading=\"lazy\" decoding=\"async\" width=\"819\" height=\"1024\" src=\"https:\/\/corrientesdetarde.com\/wp-content\/uploads\/2025\/05\/image-218-819x1024.png\" alt=\"\" class=\"wp-image-206353\" srcset=\"https:\/\/corrientesdetarde.com\/wp-content\/uploads\/2025\/05\/image-218-819x1024.png 819w, https:\/\/corrientesdetarde.com\/wp-content\/uploads\/2025\/05\/image-218-240x300.png 240w, https:\/\/corrientesdetarde.com\/wp-content\/uploads\/2025\/05\/image-218-768x960.png 768w, https:\/\/corrientesdetarde.com\/wp-content\/uploads\/2025\/05\/image-218.png 1024w\" sizes=\"auto, (max-width: 819px) 100vw, 819px\" \/><\/figure>\n","protected":false},"excerpt":{"rendered":"<p>El Gobierno de Corrientes, a trav\u00e9s del Instituto de Cultura, organiz\u00f3 la Semana Bonplandiana en honor al reconocido naturalista y bot\u00e1nico franc\u00e9s, que incluir\u00e1 muestras en el Museo de Ciencias&hellip; <\/p>\n","protected":false},"author":8,"featured_media":206351,"comment_status":"closed","ping_status":"open","sticky":false,"template":"","format":"standard","meta":{"footnotes":""},"categories":[15],"tags":[],"class_list":["post-206349","post","type-post","status-publish","format-standard","has-post-thumbnail","hentry","category-cultura"],"_links":{"self":[{"href":"https:\/\/corrientesdetarde.com\/index.php\/wp-json\/wp\/v2\/posts\/206349","targetHints":{"allow":["GET"]}}],"collection":[{"href":"https:\/\/corrientesdetarde.com\/index.php\/wp-json\/wp\/v2\/posts"}],"about":[{"href":"https:\/\/corrientesdetarde.com\/index.php\/wp-json\/wp\/v2\/types\/post"}],"author":[{"embeddable":true,"href":"https:\/\/corrientesdetarde.com\/index.php\/wp-json\/wp\/v2\/users\/8"}],"replies":[{"embeddable":true,"href":"https:\/\/corrientesdetarde.com\/index.php\/wp-json\/wp\/v2\/comments?post=206349"}],"version-history":[{"count":1,"href":"https:\/\/corrientesdetarde.com\/index.php\/wp-json\/wp\/v2\/posts\/206349\/revisions"}],"predecessor-version":[{"id":206354,"href":"https:\/\/corrientesdetarde.com\/index.php\/wp-json\/wp\/v2\/posts\/206349\/revisions\/206354"}],"wp:featuredmedia":[{"embeddable":true,"href":"https:\/\/corrientesdetarde.com\/index.php\/wp-json\/wp\/v2\/media\/206351"}],"wp:attachment":[{"href":"https:\/\/corrientesdetarde.com\/index.php\/wp-json\/wp\/v2\/media?parent=206349"}],"wp:term":[{"taxonomy":"category","embeddable":true,"href":"https:\/\/corrientesdetarde.com\/index.php\/wp-json\/wp\/v2\/categories?post=206349"},{"taxonomy":"post_tag","embeddable":true,"href":"https:\/\/corrientesdetarde.com\/index.php\/wp-json\/wp\/v2\/tags?post=206349"}],"curies":[{"name":"wp","href":"https:\/\/api.w.org\/{rel}","templated":true}]}}