{"id":206355,"date":"2025-05-07T15:59:04","date_gmt":"2025-05-07T18:59:04","guid":{"rendered":"https:\/\/corrientesdetarde.com\/?p=206355"},"modified":"2025-05-07T15:59:17","modified_gmt":"2025-05-07T18:59:17","slug":"el-exjefe-de-alpine-rompio-el-silencio-tras-su-renuncia-y-sorprendio-con-una-frase-sobre-flavio-briatore","status":"publish","type":"post","link":"https:\/\/corrientesdetarde.com\/index.php\/deportes\/el-exjefe-de-alpine-rompio-el-silencio-tras-su-renuncia-y-sorprendio-con-una-frase-sobre-flavio-briatore\/","title":{"rendered":"El exjefe de Alpine rompi\u00f3 el silencio tras su renuncia y sorprendi\u00f3 con una frase sobre Flavio Briatore"},"content":{"rendered":"\n<p>Oliver Oakes decidi\u00f3 alejarse de la escuder\u00eda francesa en medio de los rumores sobre una feroz interna en el equipo y horas antes del anuncio de que Franco Colapinto reemplazar\u00e1 a Jack Doohan.<\/p>\n\n\n\n<p>Horas antes del anuncio del\u00a0<strong>regreso de<\/strong>\u00a0<strong>Franco Colapinto\u00a0a la\u00a0F\u00f3rmula 1<\/strong>, en\u00a0<strong>Alpine<\/strong>\u00a0hubo una noticia inesperada:\u00a0<strong>Oliver Oakes renunci\u00f3 a su cargo como jefe de equipo<\/strong>. Luego de unas horas de incertidumbre y hermetismo, el brit\u00e1nico\u00a0<strong>rompi\u00f3 el silencio y habl\u00f3 sobre Flavio Briatore<\/strong>, quien ahora le sum\u00f3 a su cargo de asesor ejecutivo el de director de la escuder\u00eda.<\/p>\n\n\n\n<p>En los medios de todo el mundo se publicaron las versiones sobre una lucha de poder interna en la escuder\u00eda francesa, en la que&nbsp;<strong>Oakes respaldaba a Jack Doohan y Briatore, a Colapinto<\/strong>. Ante el anuncio que se ven\u00eda, el directivo decidi\u00f3 alejarse en una clara se\u00f1al de derrota.<\/p>\n\n\n\n<figure class=\"wp-block-image\"><img decoding=\"async\" src=\"https:\/\/tn.com.ar\/resizer\/v2\/oliver-oakes-junto-a-flavio-briatore-revisando-los-ultimos-detalles-del-auto-de-alpine-foto-flaviobriatoreig-W4B42MRN4RHYZNAIQBV3PCPFGU.jpg?auth=08563d10116d4fac310fc05a9f9f61f20be7909cd5e827fa6cdfefa0d03e7017&amp;width=767\" alt=\"Oliver Oakes junto a Flavio Briatore revisando los \u00faltimos detalles del auto de Alpine. (Foto: flaviobriatore\/IG)\"\/><\/figure>\n\n\n\n<p>En las \u00faltimas horas, Oakes dej\u00f3 sus primeras declaraciones lejos de su puesto y&nbsp;<strong>decidi\u00f3 mandar un mensaje de apoyo a los trabajadores<\/strong>. \u201c<strong>Ha sido un privilegio liderar a todos en Enstone. Qu\u00e9 equipo, qu\u00e9 lugar.<\/strong>&nbsp;\u00a1Todos est\u00e1n listos para 2026 y donde este sue\u00f1o merece estar!&nbsp;<strong>Creo en Enstone\u201c<\/strong>.<\/p>\n\n\n\n<p>Con respeto a la disputa de poder,&nbsp;<strong>pronunci\u00f3 una sorpresiva frase sobre Briatore<\/strong>: \u201cEs una decisi\u00f3n personal para m\u00ed dejar el cargo.&nbsp;<strong>Flavio ha sido como un padre para m\u00ed, nada m\u00e1s que un apoyo desde que asum\u00ed el cargo, adem\u00e1s de darme la oportunidad\u201c.<\/strong><\/p>\n\n\n\n<figure class=\"wp-block-image\"><img decoding=\"async\" src=\"https:\/\/tn.com.ar\/resizer\/v2\/oliver-oakes-estaba-desde-julio-del-ano-pasado-en-alpine-foto-ap-YJ3BAA7QLJE2VAYB6MJDYJKZMM.jpg?auth=40a3c2de7dfed34ec2fd7018e6a15c1c7560d80c318c94fb77393aeb6cc756eb&amp;width=767\" alt=\"Oliver Oakes estaba desde julio del a\u00f1o pasado en Alpine (Foto: AP)\"\/><\/figure>\n\n\n\n<p>De esta manera, el directivo brit\u00e1nico decidi\u00f3 mantener las formas y no sumar mayores pol\u00e9micas a su renuncia inesperada. Adem\u00e1s, no habl\u00f3 ni de Jack Doohan ni de Franco Colapinto, por lo que decidi\u00f3 irse sin hacer demasiado ruido.<\/p>\n\n\n\n<h2 class=\"wp-block-heading\">La frase sobre Franco Colapinto que conden\u00f3 a Oliver Oakes en Alpine<\/h2>\n\n\n\n<p>D\u00edas atr\u00e1s, durante una conferencia de prensa en Miami, Oakes se hab\u00eda encargado de desmentir las afirmaciones de\u00a0<strong>Horacio Mar\u00edn<\/strong>, CEO de YPF, quien horas antes\u00a0hab\u00eda sugerido que Colapinto debutar\u00eda en Imola.<\/p>\n\n\n\n<p>\u201cLo vi, como todos los dem\u00e1s\u201d, coment\u00f3 Oakes. \u201cEra un patrocinador argentino, fuera de c\u00e1mara, dando su opini\u00f3n sobre Franco. Pero, como equipo, hemos sido claros:<strong>&nbsp;eso es solo ruido<\/strong>\u201d.<\/p>\n\n\n\n<p>Al ser consultado sobre si el australiano estar\u00eda en el auto en Imola, el director de Alpine enfatiz\u00f3: \u201c<strong>S\u00ed, tal como est\u00e1 hoy. Jack es nuestro piloto junto a Pierre (Gasly)<\/strong>. Siempre evaluamos las opciones, pero hoy es as\u00ed\u201d.<\/p>\n\n\n\n<p>Tan solo d\u00edas despu\u00e9s de hacer esa afirmaci\u00f3n, Oakes decidi\u00f3 renunciar a Alpine. Estaba en el cargo desde julio de 2024.<\/p>\n","protected":false},"excerpt":{"rendered":"<p>Oliver Oakes decidi\u00f3 alejarse de la escuder\u00eda francesa en medio de los rumores sobre una feroz interna en el equipo y horas antes del anuncio de que Franco Colapinto reemplazar\u00e1&hellip; <\/p>\n","protected":false},"author":8,"featured_media":206356,"comment_status":"closed","ping_status":"open","sticky":false,"template":"","format":"standard","meta":{"footnotes":""},"categories":[4],"tags":[],"class_list":["post-206355","post","type-post","status-publish","format-standard","has-post-thumbnail","hentry","category-deportes"],"_links":{"self":[{"href":"https:\/\/corrientesdetarde.com\/index.php\/wp-json\/wp\/v2\/posts\/206355","targetHints":{"allow":["GET"]}}],"collection":[{"href":"https:\/\/corrientesdetarde.com\/index.php\/wp-json\/wp\/v2\/posts"}],"about":[{"href":"https:\/\/corrientesdetarde.com\/index.php\/wp-json\/wp\/v2\/types\/post"}],"author":[{"embeddable":true,"href":"https:\/\/corrientesdetarde.com\/index.php\/wp-json\/wp\/v2\/users\/8"}],"replies":[{"embeddable":true,"href":"https:\/\/corrientesdetarde.com\/index.php\/wp-json\/wp\/v2\/comments?post=206355"}],"version-history":[{"count":1,"href":"https:\/\/corrientesdetarde.com\/index.php\/wp-json\/wp\/v2\/posts\/206355\/revisions"}],"predecessor-version":[{"id":206357,"href":"https:\/\/corrientesdetarde.com\/index.php\/wp-json\/wp\/v2\/posts\/206355\/revisions\/206357"}],"wp:featuredmedia":[{"embeddable":true,"href":"https:\/\/corrientesdetarde.com\/index.php\/wp-json\/wp\/v2\/media\/206356"}],"wp:attachment":[{"href":"https:\/\/corrientesdetarde.com\/index.php\/wp-json\/wp\/v2\/media?parent=206355"}],"wp:term":[{"taxonomy":"category","embeddable":true,"href":"https:\/\/corrientesdetarde.com\/index.php\/wp-json\/wp\/v2\/categories?post=206355"},{"taxonomy":"post_tag","embeddable":true,"href":"https:\/\/corrientesdetarde.com\/index.php\/wp-json\/wp\/v2\/tags?post=206355"}],"curies":[{"name":"wp","href":"https:\/\/api.w.org\/{rel}","templated":true}]}}