{"id":206358,"date":"2025-05-07T16:04:35","date_gmt":"2025-05-07T19:04:35","guid":{"rendered":"https:\/\/corrientesdetarde.com\/?p=206358"},"modified":"2025-05-07T16:04:47","modified_gmt":"2025-05-07T19:04:47","slug":"la-aberrante-declaracion-de-la-abogada-del-exdiputado-german-kiczka-condenado-por-pedofilia","status":"publish","type":"post","link":"https:\/\/corrientesdetarde.com\/index.php\/crimen-y-justicia\/la-aberrante-declaracion-de-la-abogada-del-exdiputado-german-kiczka-condenado-por-pedofilia\/","title":{"rendered":"La aberrante declaraci\u00f3n de la abogada del exdiputado Germ\u00e1n Kiczka, condenado por pedofilia"},"content":{"rendered":"\n<p>El exlegislador y su hermano fueron sentenciados a penas de 14 y 12 a\u00f1os de c\u00e1rcel. Los jueces dieron a conocer los fundamentos del fallo.<\/p>\n\n\n\n<p>Este martes se llev\u00f3 adelante una nueva audiencia en la causa que<strong>\u00a0conden\u00f3 al exdiputado Germ\u00e1n Kiczka y a su hermano Sebasti\u00e1n<\/strong>\u00a0por tenencia y distribuci\u00f3n de material de abuso sexual infantil. En esta oportunidad, los jueces dieron a conocer los fundamentos del fallo y la abogada de uno de ellos realiz\u00f3 una aberrante defensa. \u201c<strong>No aparentan ser ni\u00f1os de Argentina\u201d,<\/strong>\u00a0expres\u00f3 sobre las v\u00edctimas de los videos.<\/p>\n\n\n\n<p>Mar\u00eda Laura Alvarenga, quien lleva adelante la representaci\u00f3n de Sebasti\u00e1n Kiczka, cuestion\u00f3 los a\u00f1os de c\u00e1rcel que recibi\u00f3 por considerarlas excesivas.<strong>&nbsp;\u201cTienen m\u00e1s pena que algunos homicidios\u201d,&nbsp;<\/strong>asegur\u00f3.<\/p>\n\n\n\n<p>En un juicio que finaliz\u00f3 el 16 de abril, el tribunal impuso 14 y 12 a\u00f1os de prisi\u00f3n a Germ\u00e1n y Sebasti\u00e1n, respectivamente.<\/p>\n\n\n\n<p><strong>\u201cNo mataron a nadie, no abusaron a nadie\u201d,&nbsp;<\/strong>afirm\u00f3 la mujer al salir de la sala. Adem\u00e1s, insisti\u00f3 en que no se trat\u00f3 de abusos cometidos directamente ni de producci\u00f3n de ese material. \u201cDescargaron videos, videos que est\u00e1n en l\u00ednea. Si uno lee t\u00e9cnicamente, estrictamente, el art\u00edculo 128, ni siquiera mirarlos es delito.&nbsp;<strong>Si uno los mira en l\u00ednea, no pasa nada. Esos v\u00eddeos siguen ah\u00ed\u201d<\/strong>, agreg\u00f3 en di\u00e1logo con&nbsp;<em>Misiones Online<\/em>.<\/p>\n\n\n\n<figure class=\"wp-block-image\"><img decoding=\"async\" src=\"https:\/\/tn.com.ar\/resizer\/v2\/los-hermanos-kiczka-fueron-condenados-por-tenencia-de-material-de-abuso-sexual-infantil-foto-policia-de-misiones-KRCYIBWUIZHETEDQXQQ56SK7HU.png?auth=e3fc1d0af4cf93a77f1fbd1acf2fa1cb81085b25f0832d26506052ff9fc69268&amp;width=767\" alt=\"Los hermanos Kiczka fueron condenados por tenencia de material de abuso sexual infantil. (Foto: Polic\u00eda de Misiones)\"\/><\/figure>\n\n\n\n<p>En el mismo sentido, la abogada sostuvo que los condenados<strong>&nbsp;\u201ctienen m\u00e1s pena que algunos homicidios\u201d.<\/strong><\/p>\n\n\n\n<p>Asimismo, se\u00f1al\u00f3 que los jueces cometieron un error t\u00e9cnico al calificar los delitos como un concurso real, es decir, delitos independientes que se suman en la pena. \u201cUna \u00fanica conducta desarrollada a lo largo del tiempo no puede configurar un concurso real, sobre todo si son todos del mismo tipo penal y del mismo bien jur\u00eddico\u201d, sostuvo.<\/p>\n\n\n\n<p>Tambi\u00e9n apunt\u00f3 a la falta de claridad sobre la procedencia del material: \u201cNo se sabe qui\u00e9n lo produjo, ni de d\u00f3nde sali\u00f3. No se conocen las v\u00edctimas.&nbsp;<strong>No sabemos si eso fue hace 50 a\u00f1os o dos meses. No aparentan ser ni\u00f1os de Argentina<\/strong>\u201d, manifest\u00f3.<\/p>\n\n\n\n<p>Sobre el final, Alvarenga adelant\u00f3 que apelar\u00e1n la condena. \u201cAhora tenemos que leer los fundamentos completos, c\u00f3mo se sostienen estas penas. Una vez que los conozcamos,<strong>&nbsp;vamos a poder establecer las l\u00edneas para un recurso bueno.\u201d<\/strong><\/p>\n\n\n\n<p>Por \u00faltimo, al ser consultada por una conferencia de prensa convocada por Germ\u00e1n Kiczka para criticar la justicia provincial, la defensora dijo que desconoc\u00eda del anuncio, pero aclar\u00f3: \u201cEstoy segura de que Sebasti\u00e1n opina lo mismo\u201d.<\/p>\n","protected":false},"excerpt":{"rendered":"<p>El exlegislador y su hermano fueron sentenciados a penas de 14 y 12 a\u00f1os de c\u00e1rcel. Los jueces dieron a conocer los fundamentos del fallo. Este martes se llev\u00f3 adelante&hellip; <\/p>\n","protected":false},"author":8,"featured_media":206359,"comment_status":"closed","ping_status":"open","sticky":false,"template":"","format":"standard","meta":{"footnotes":""},"categories":[5],"tags":[],"class_list":["post-206358","post","type-post","status-publish","format-standard","has-post-thumbnail","hentry","category-crimen-y-justicia"],"_links":{"self":[{"href":"https:\/\/corrientesdetarde.com\/index.php\/wp-json\/wp\/v2\/posts\/206358","targetHints":{"allow":["GET"]}}],"collection":[{"href":"https:\/\/corrientesdetarde.com\/index.php\/wp-json\/wp\/v2\/posts"}],"about":[{"href":"https:\/\/corrientesdetarde.com\/index.php\/wp-json\/wp\/v2\/types\/post"}],"author":[{"embeddable":true,"href":"https:\/\/corrientesdetarde.com\/index.php\/wp-json\/wp\/v2\/users\/8"}],"replies":[{"embeddable":true,"href":"https:\/\/corrientesdetarde.com\/index.php\/wp-json\/wp\/v2\/comments?post=206358"}],"version-history":[{"count":1,"href":"https:\/\/corrientesdetarde.com\/index.php\/wp-json\/wp\/v2\/posts\/206358\/revisions"}],"predecessor-version":[{"id":206360,"href":"https:\/\/corrientesdetarde.com\/index.php\/wp-json\/wp\/v2\/posts\/206358\/revisions\/206360"}],"wp:featuredmedia":[{"embeddable":true,"href":"https:\/\/corrientesdetarde.com\/index.php\/wp-json\/wp\/v2\/media\/206359"}],"wp:attachment":[{"href":"https:\/\/corrientesdetarde.com\/index.php\/wp-json\/wp\/v2\/media?parent=206358"}],"wp:term":[{"taxonomy":"category","embeddable":true,"href":"https:\/\/corrientesdetarde.com\/index.php\/wp-json\/wp\/v2\/categories?post=206358"},{"taxonomy":"post_tag","embeddable":true,"href":"https:\/\/corrientesdetarde.com\/index.php\/wp-json\/wp\/v2\/tags?post=206358"}],"curies":[{"name":"wp","href":"https:\/\/api.w.org\/{rel}","templated":true}]}}