{"id":206369,"date":"2025-05-07T17:44:27","date_gmt":"2025-05-07T20:44:27","guid":{"rendered":"https:\/\/corrientesdetarde.com\/?p=206369"},"modified":"2025-05-07T17:44:38","modified_gmt":"2025-05-07T20:44:38","slug":"el-presto-dannan-y-zicarelli-los-invitados-para-la-batalla-cultural-en-corrientes","status":"publish","type":"post","link":"https:\/\/corrientesdetarde.com\/index.php\/eventos\/el-presto-dannan-y-zicarelli-los-invitados-para-la-batalla-cultural-en-corrientes\/","title":{"rendered":"El Presto, Dannan y Zicarelli, los invitados para \u201cLa Batalla Cultural\u201d en Corrientes"},"content":{"rendered":"\n<p><\/p>\n\n\n\n<p>La Escuela de Gobierno del Partido Popular invita a participar de la charla-debate \u201cLa Batalla Cultural: el rol de la cultura y la comunicaci\u00f3n en el nuevo escenario pol\u00edtico argentino\u201d, a cargo de Eduardo \u201cEl Presto\u201d Prestofelippo, Emmanuel Dannan y \u00c1lvaro Zicarelli.<\/p>\n\n\n\n<p>La charla-debate de entrada gratuita se realizar\u00e1 este s\u00e1bado 10 de mayo en el Sal\u00f3n Camba Cua del Hotel de Turismo (1\u00ba piso) en la ciudad de Corrientes.<\/p>\n\n\n\n<p>El evento promete ser un espacio clave para analizar el nuevo escenario pol\u00edtico de nuestro pa\u00eds, los desaf\u00edos que se vienen y el rol de la cultura y la comunicaci\u00f3n en la actualidad.<\/p>\n\n\n\n<p>Las acreditaciones comenzar\u00e1n este s\u00e1bado desde las 18:30hs y la charla dar\u00e1 inicio a las 19:00hs.<br>La participaci\u00f3n es gratuita y abierta al p\u00fablico.<br>Previa inscripci\u00f3n a trav\u00e9s del enlace o contact\u00e1ndose v\u00eda Instagram a @escueladegob.pp.<\/p>\n\n\n\n<p><em>Cupos limitados<\/em><\/p>\n\n\n\n<p>-Se recomienda reservar lugar con anticipaci\u00f3n debido a la capacidad limitada del sal\u00f3n.<\/p>\n\n\n\n<p><em>Fecha: S\u00e1bado 10 de mayo de 2025. Horario: 18:30hs (acreditaciones) &#8211; 19:00hs (inicio). Lugar: Sal\u00f3n Camba Cua, Hotel de Turismo (1\u00ba piso)<\/em><\/p>\n\n\n\n<p>M\u00e1s informaci\u00f3n: @escueladegob.pp<\/p>\n\n\n\n<figure class=\"wp-block-image size-large\"><img loading=\"lazy\" decoding=\"async\" width=\"777\" height=\"1024\" src=\"https:\/\/corrientesdetarde.com\/wp-content\/uploads\/2025\/05\/1000070072-777x1024.jpg\" alt=\"\" class=\"wp-image-206370\" srcset=\"https:\/\/corrientesdetarde.com\/wp-content\/uploads\/2025\/05\/1000070072-777x1024.jpg 777w, https:\/\/corrientesdetarde.com\/wp-content\/uploads\/2025\/05\/1000070072-228x300.jpg 228w, https:\/\/corrientesdetarde.com\/wp-content\/uploads\/2025\/05\/1000070072-768x1012.jpg 768w, https:\/\/corrientesdetarde.com\/wp-content\/uploads\/2025\/05\/1000070072.jpg 1080w\" sizes=\"auto, (max-width: 777px) 100vw, 777px\" \/><\/figure>\n","protected":false},"excerpt":{"rendered":"<p>La Escuela de Gobierno del Partido Popular invita a participar de la charla-debate \u201cLa Batalla Cultural: el rol de la cultura y la comunicaci\u00f3n en el nuevo escenario pol\u00edtico argentino\u201d,&hellip; <\/p>\n","protected":false},"author":1,"featured_media":206371,"comment_status":"closed","ping_status":"open","sticky":false,"template":"","format":"standard","meta":{"footnotes":""},"categories":[22],"tags":[],"class_list":["post-206369","post","type-post","status-publish","format-standard","has-post-thumbnail","hentry","category-eventos"],"_links":{"self":[{"href":"https:\/\/corrientesdetarde.com\/index.php\/wp-json\/wp\/v2\/posts\/206369","targetHints":{"allow":["GET"]}}],"collection":[{"href":"https:\/\/corrientesdetarde.com\/index.php\/wp-json\/wp\/v2\/posts"}],"about":[{"href":"https:\/\/corrientesdetarde.com\/index.php\/wp-json\/wp\/v2\/types\/post"}],"author":[{"embeddable":true,"href":"https:\/\/corrientesdetarde.com\/index.php\/wp-json\/wp\/v2\/users\/1"}],"replies":[{"embeddable":true,"href":"https:\/\/corrientesdetarde.com\/index.php\/wp-json\/wp\/v2\/comments?post=206369"}],"version-history":[{"count":1,"href":"https:\/\/corrientesdetarde.com\/index.php\/wp-json\/wp\/v2\/posts\/206369\/revisions"}],"predecessor-version":[{"id":206372,"href":"https:\/\/corrientesdetarde.com\/index.php\/wp-json\/wp\/v2\/posts\/206369\/revisions\/206372"}],"wp:featuredmedia":[{"embeddable":true,"href":"https:\/\/corrientesdetarde.com\/index.php\/wp-json\/wp\/v2\/media\/206371"}],"wp:attachment":[{"href":"https:\/\/corrientesdetarde.com\/index.php\/wp-json\/wp\/v2\/media?parent=206369"}],"wp:term":[{"taxonomy":"category","embeddable":true,"href":"https:\/\/corrientesdetarde.com\/index.php\/wp-json\/wp\/v2\/categories?post=206369"},{"taxonomy":"post_tag","embeddable":true,"href":"https:\/\/corrientesdetarde.com\/index.php\/wp-json\/wp\/v2\/tags?post=206369"}],"curies":[{"name":"wp","href":"https:\/\/api.w.org\/{rel}","templated":true}]}}