{"id":20637,"date":"2022-11-17T17:07:38","date_gmt":"2022-11-17T20:07:38","guid":{"rendered":"https:\/\/corrientesdetarde.com\/?p=20637"},"modified":"2022-11-17T17:07:41","modified_gmt":"2022-11-17T20:07:41","slug":"la-dpec-realizara-trabajos-de-mejoras-en-capital-y-el-interior-14","status":"publish","type":"post","link":"https:\/\/corrientesdetarde.com\/index.php\/informacion-general\/la-dpec-realizara-trabajos-de-mejoras-en-capital-y-el-interior-14\/","title":{"rendered":"La DPEC realizar\u00e1 trabajos de mejoras en Capital y el interior"},"content":{"rendered":"\n<p>La Direcci\u00f3n Provincial de Energ\u00eda de Corrientes (DPEC) informa que con motivo de realizar mejoras en el servicio, se ejecutar\u00e1n tareas de mantenimiento de L\u00edneas de Media Tensi\u00f3n (LMT), por lo cual se interrumpir\u00e1 el suministro de energ\u00eda el\u00e9ctrica en la ciudad&nbsp;<strong>CAPITAL<\/strong>, el viernes 18\/11\/22, en el horario de 08:00 a 10:00 Hs, zonas: B\u00b0 Villa Garc\u00eda, B\u00ba Popular, Cl\u00ednica del Sol y zonas de influencia.<\/p>\n\n\n\n<p>Adem\u00e1s, informa que a pedido de la empresa Transnea S.A, para realizar trabajos de mantenimiento en sus instalaciones, se interrumpir\u00e1 el suministro de energ\u00eda el\u00e9ctrica en la localidad de&nbsp;<strong>JUAN PUJOL y zonas de influencia<\/strong>, el viernes 18\/11\/22, en el horario de 06:00 a 10:00 Hs.<\/p>\n\n\n\n<p>Por otro lado, informa que con motivo de realizar mejoras en el servicio, se ejecutar\u00e1n trabajos en la futura Estaci\u00f3n Transformadora de Rebaje (ER) &#8220;Ber\u00f3n de Astrada&#8221;, por lo cual se interrumpir\u00e1 el suministro de energ\u00eda el\u00e9ctrica en las localidades de&nbsp;<strong>BER\u00d3N DE ASTRADA, Parajes YAHAP\u00c9, VALENCIA, Ruta Nac. 12 y zonas de influencia<\/strong>, el viernes 18\/11\/22, en el horario de 07:00 a 10:00 Hs.<\/p>\n\n\n\n<p>Por \u00faltimo, informa que con motivo de realizar mejoras en el servicio, se ejecutar\u00e1n tareas de mantenimiento y poda sobre la traza de L\u00edneas de Media Tensi\u00f3n (LMT), por lo cual se interrumpir\u00e1 el suministro de energ\u00eda el\u00e9ctrica en las localidades de&nbsp;<strong>LOMAS DE VALLEJOS, Trayecto de LOMAS DE VALLEJOS, Parajes CAPILLITA, PASO FLORENT\u00cdN, LOMA ALTA, todos los Parajes dependientes de la localidad y zonas de influencia<\/strong>, el viernes 18\/11\/22, en el horario de 14:00 a 18:00 Hs.<\/p>\n","protected":false},"excerpt":{"rendered":"<p>La Direcci\u00f3n Provincial de Energ\u00eda de Corrientes (DPEC) informa que con motivo de realizar mejoras en el servicio, se ejecutar\u00e1n tareas de mantenimiento de L\u00edneas de Media Tensi\u00f3n (LMT), por&hellip; <\/p>\n","protected":false},"author":8,"featured_media":20638,"comment_status":"closed","ping_status":"open","sticky":false,"template":"","format":"standard","meta":{"footnotes":""},"categories":[1],"tags":[],"class_list":["post-20637","post","type-post","status-publish","format-standard","has-post-thumbnail","hentry","category-informacion-general"],"_links":{"self":[{"href":"https:\/\/corrientesdetarde.com\/index.php\/wp-json\/wp\/v2\/posts\/20637","targetHints":{"allow":["GET"]}}],"collection":[{"href":"https:\/\/corrientesdetarde.com\/index.php\/wp-json\/wp\/v2\/posts"}],"about":[{"href":"https:\/\/corrientesdetarde.com\/index.php\/wp-json\/wp\/v2\/types\/post"}],"author":[{"embeddable":true,"href":"https:\/\/corrientesdetarde.com\/index.php\/wp-json\/wp\/v2\/users\/8"}],"replies":[{"embeddable":true,"href":"https:\/\/corrientesdetarde.com\/index.php\/wp-json\/wp\/v2\/comments?post=20637"}],"version-history":[{"count":1,"href":"https:\/\/corrientesdetarde.com\/index.php\/wp-json\/wp\/v2\/posts\/20637\/revisions"}],"predecessor-version":[{"id":20639,"href":"https:\/\/corrientesdetarde.com\/index.php\/wp-json\/wp\/v2\/posts\/20637\/revisions\/20639"}],"wp:featuredmedia":[{"embeddable":true,"href":"https:\/\/corrientesdetarde.com\/index.php\/wp-json\/wp\/v2\/media\/20638"}],"wp:attachment":[{"href":"https:\/\/corrientesdetarde.com\/index.php\/wp-json\/wp\/v2\/media?parent=20637"}],"wp:term":[{"taxonomy":"category","embeddable":true,"href":"https:\/\/corrientesdetarde.com\/index.php\/wp-json\/wp\/v2\/categories?post=20637"},{"taxonomy":"post_tag","embeddable":true,"href":"https:\/\/corrientesdetarde.com\/index.php\/wp-json\/wp\/v2\/tags?post=20637"}],"curies":[{"name":"wp","href":"https:\/\/api.w.org\/{rel}","templated":true}]}}