{"id":206373,"date":"2025-05-07T20:27:38","date_gmt":"2025-05-07T23:27:38","guid":{"rendered":"https:\/\/corrientesdetarde.com\/?p=206373"},"modified":"2025-05-07T20:27:50","modified_gmt":"2025-05-07T23:27:50","slug":"corrientes-fue-sede-del-congreso-de-turismo-y-del-9-workshop-del-litoral","status":"publish","type":"post","link":"https:\/\/corrientesdetarde.com\/index.php\/actualidad\/corrientes-fue-sede-del-congreso-de-turismo-y-del-9-workshop-del-litoral\/","title":{"rendered":"Corrientes fue sede del Congreso de Turismo y del 9\u00b0 Workshop del Litoral"},"content":{"rendered":"\n<p>La ciudad de Corrientes fue epicentro ayer de un destacado encuentro tur\u00edstico nacional con la realizaci\u00f3n del Congreso de Turismo y el 9\u00b0 Workshop del Turismo del Litoral. El evento, que reuni\u00f3 a unos 40 operadores tur\u00edsticos de renombre y m\u00e1s de 60 stands de prestadores, se desarroll\u00f3 en el Centro de Convenciones y represent\u00f3 un paso fundamental en el proceso de consolidaci\u00f3n de la provincia como un destino estrat\u00e9gico del pa\u00eds.<\/p>\n\n\n\n<p>La actividad fue fruto del trabajo articulado entre el Gobierno de Corrientes, a trav\u00e9s del Ministerio de Turismo, el Municipio de la Ciudad de Corrientes, la C\u00e1mara de Turismo provincial y la Asociaci\u00f3n Argentina de Agencias de Viajes y Turismo (AAAVYT) Nordeste. La presencia de referentes del sector tur\u00edstico de distintos puntos del pa\u00eds permiti\u00f3 generar un valioso espacio de intercambio, capacitaci\u00f3n y promoci\u00f3n de la oferta local y regional.<\/p>\n\n\n\n<figure class=\"wp-block-image size-full\"><img loading=\"lazy\" decoding=\"async\" width=\"509\" height=\"910\" src=\"https:\/\/corrientesdetarde.com\/wp-content\/uploads\/2025\/05\/image-221.png\" alt=\"\" class=\"wp-image-206381\" srcset=\"https:\/\/corrientesdetarde.com\/wp-content\/uploads\/2025\/05\/image-221.png 509w, https:\/\/corrientesdetarde.com\/wp-content\/uploads\/2025\/05\/image-221-168x300.png 168w\" sizes=\"auto, (max-width: 509px) 100vw, 509px\" \/><\/figure>\n\n\n\n<p>Durante la jornada se concret\u00f3 una intensa agenda de actividades, que incluy\u00f3 presentaciones institucionales y conferencias magistrales a cargo de expertos nacionales. En este contexto, tambi\u00e9n se realiz\u00f3 la firma del convenio de adhesi\u00f3n de Corrientes al Registro Nacional de Agencias de Viajes (RNAV), una iniciativa impulsada por la Federaci\u00f3n Argentina de Asociaciones de Empresas de Viajes y Turismo (FAEVYT). El acto fue encabezado por su presidente, Andr\u00e9s Dey\u00e1, junto a la ministra de Turismo de Corrientes, Alejandra Eliciri, y cont\u00f3 con el acompa\u00f1amiento de autoridades provinciales y referentes del sector privado.<\/p>\n\n\n\n<p>\u201cLa adhesi\u00f3n de Corrientes al RNAV es una muestra concreta de que el trabajo conjunto entre el sector p\u00fablico y privado puede generar pol\u00edticas tur\u00edsticas s\u00f3lidas y sostenibles\u201d, expres\u00f3 Dey\u00e1. Esta herramienta permite jerarquizar la actividad tur\u00edstica, promover la formalidad y brindar mayor seguridad a los viajeros.<\/p>\n\n\n\n<p>Por su parte, la ministra Alejandra Eliciri destac\u00f3: \u201cDesde el Gobierno de Corrientes venimos trabajando para posicionar a la provincia como un destino tur\u00edstico competitivo y sostenible. Este Congreso y Workshop reflejan el compromiso conjunto del Estado y el sector privado, y marcan un nuevo avance en nuestra pol\u00edtica de desarrollo tur\u00edstico\u201d.<\/p>\n\n\n\n<figure class=\"wp-block-image size-full\"><img loading=\"lazy\" decoding=\"async\" width=\"700\" height=\"909\" src=\"https:\/\/corrientesdetarde.com\/wp-content\/uploads\/2025\/05\/image-222.png\" alt=\"\" class=\"wp-image-206382\" srcset=\"https:\/\/corrientesdetarde.com\/wp-content\/uploads\/2025\/05\/image-222.png 700w, https:\/\/corrientesdetarde.com\/wp-content\/uploads\/2025\/05\/image-222-231x300.png 231w\" sizes=\"auto, (max-width: 700px) 100vw, 700px\" \/><\/figure>\n\n\n\n<p>El gobernador Gustavo Vald\u00e9s ha definido al turismo como una pol\u00edtica de Estado en su gesti\u00f3n, reconociendo su rol clave en el desarrollo econ\u00f3mico provincial. Actualmente, el sector aporta el 5% al Producto Bruto Interno de Corrientes, lo que evidencia su peso estrat\u00e9gico.<\/p>\n\n\n\n<p>Con eventos de esta magnitud, Corrientes reafirma su compromiso con el crecimiento sostenido del turismo y se proyecta como un destino competitivo, innovador y articulado entre el \u00e1mbito p\u00fablico y privado.<\/p>\n","protected":false},"excerpt":{"rendered":"<p>La ciudad de Corrientes fue epicentro ayer de un destacado encuentro tur\u00edstico nacional con la realizaci\u00f3n del Congreso de Turismo y el 9\u00b0 Workshop del Turismo del Litoral. El evento,&hellip; <\/p>\n","protected":false},"author":4,"featured_media":206383,"comment_status":"closed","ping_status":"open","sticky":false,"template":"","format":"standard","meta":{"footnotes":""},"categories":[23],"tags":[],"class_list":["post-206373","post","type-post","status-publish","format-standard","has-post-thumbnail","hentry","category-actualidad"],"_links":{"self":[{"href":"https:\/\/corrientesdetarde.com\/index.php\/wp-json\/wp\/v2\/posts\/206373","targetHints":{"allow":["GET"]}}],"collection":[{"href":"https:\/\/corrientesdetarde.com\/index.php\/wp-json\/wp\/v2\/posts"}],"about":[{"href":"https:\/\/corrientesdetarde.com\/index.php\/wp-json\/wp\/v2\/types\/post"}],"author":[{"embeddable":true,"href":"https:\/\/corrientesdetarde.com\/index.php\/wp-json\/wp\/v2\/users\/4"}],"replies":[{"embeddable":true,"href":"https:\/\/corrientesdetarde.com\/index.php\/wp-json\/wp\/v2\/comments?post=206373"}],"version-history":[{"count":1,"href":"https:\/\/corrientesdetarde.com\/index.php\/wp-json\/wp\/v2\/posts\/206373\/revisions"}],"predecessor-version":[{"id":206384,"href":"https:\/\/corrientesdetarde.com\/index.php\/wp-json\/wp\/v2\/posts\/206373\/revisions\/206384"}],"wp:featuredmedia":[{"embeddable":true,"href":"https:\/\/corrientesdetarde.com\/index.php\/wp-json\/wp\/v2\/media\/206383"}],"wp:attachment":[{"href":"https:\/\/corrientesdetarde.com\/index.php\/wp-json\/wp\/v2\/media?parent=206373"}],"wp:term":[{"taxonomy":"category","embeddable":true,"href":"https:\/\/corrientesdetarde.com\/index.php\/wp-json\/wp\/v2\/categories?post=206373"},{"taxonomy":"post_tag","embeddable":true,"href":"https:\/\/corrientesdetarde.com\/index.php\/wp-json\/wp\/v2\/tags?post=206373"}],"curies":[{"name":"wp","href":"https:\/\/api.w.org\/{rel}","templated":true}]}}