{"id":206448,"date":"2025-05-08T09:25:27","date_gmt":"2025-05-08T12:25:27","guid":{"rendered":"https:\/\/corrientesdetarde.com\/?p=206448"},"modified":"2025-05-08T09:25:38","modified_gmt":"2025-05-08T12:25:38","slug":"itati-un-abusador-fue-descubierto-mientras-atacaba-a-su-hijastra","status":"publish","type":"post","link":"https:\/\/corrientesdetarde.com\/index.php\/policiales\/itati-un-abusador-fue-descubierto-mientras-atacaba-a-su-hijastra\/","title":{"rendered":"Itat\u00ed: un abusador fue descubierto mientras atacaba a su hijastra"},"content":{"rendered":"\n<p>Un sujeto se encuentra en calidad de pr\u00f3fugo, luego de que su pareja lo descubriera de madrugada, abusando sexualmente de su hijastra mientras la menor dorm\u00eda. El caso est\u00e1 en manos de un juzgado de paz en Itat\u00ed y hasta ahora ni siquiera le realizaron la C\u00e1mara Gesell a la v\u00edctima del hecho. Pese a la restricci\u00f3n de acercamiento, la madre de la ni\u00f1a est\u00e1 aterrada de que su expareja intente volver a la casa y agredirlas.<\/p>\n\n\n\n<p>El hecho sucedi\u00f3 el d\u00eda viernes alrededor de las 5 de la madrugada, cuando una mujer, cuya identidad preservamos por cuestiones legales, escuch\u00f3 ruidos en la pieza de su hija de solo 12 a\u00f1os. La menor estaba dormida. Al encender la luz, descubri\u00f3 a su concubino practic\u00e1ndole sexo oral a la ni\u00f1a. La peque\u00f1a tambi\u00e9n se despert\u00f3 en ese momento al sentir que estaba siendo manoseada y todav\u00eda estaba aturdida, cuando su madre de un grito le orden\u00f3 al sujeto que dejara a la criatura.<\/p>\n\n\n\n<p>El sujeto, de apellido Maciel, de 42 a\u00f1os y apodado &#8220;Pavito&#8221;, hab\u00eda llegado a la casa de madrugada en estado de ebriedad y hasta posiblemente bajo los efectos del consumo de estupefacientes, seg\u00fan relataron a este medio familiares de la v\u00edctima. Tras ser descubierto escap\u00f3 de la vivienda en la que viv\u00eda y desde entonces ni la Polic\u00eda, ni la Justicia han podido localizarlo. La denuncia formal fue realizada en la comisar\u00eda de Itat\u00ed y el caso recay\u00f3 ins\u00f3litamente en el juzgado de paz del pueblo, a cargo de Alfredo Aquino, quien actu\u00f3 en consecuencia y orden\u00f3 de inmediato el desalojo del acusado de la casa donde vive la menor y trab\u00f3 una restricci\u00f3n de acercamiento a la finca. El agresor a\u00fan no fue demorado.<\/p>\n\n\n\n<p>Como si esto fuera poco, ya pasaron seis d\u00edas del hecho y la menor a\u00fan no pas\u00f3 por C\u00e1mara Gesell y todo se est\u00e1 manejando en la \u00f3rbita de un juzgado de paz, que si bien accion\u00f3 de manera correcta, aislando al agresor de las proximidades donde se desenvuelve la v\u00edctima, lo cierto es que lleva casi una semana libre y sin haber sido puesto bajo custodia.<\/p>\n\n\n\n<p>&#8220;Nosotros seguimos con miedo porque por m\u00e1s que la Justicia le imponga una perimetral, nadie nos da garant\u00edas de que no intente atacar a la ni\u00f1a y su madre, ya que sigue libre y ni la Polic\u00eda lo pudo detener. Ni siquiera la fiscal\u00eda de la capital que orden\u00f3 la captura de Maciel&#8221;. La causa est\u00e1 caratulada como abuso sexual simple.<\/p>\n","protected":false},"excerpt":{"rendered":"<p>Un sujeto se encuentra en calidad de pr\u00f3fugo, luego de que su pareja lo descubriera de madrugada, abusando sexualmente de su hijastra mientras la menor dorm\u00eda. El caso est\u00e1 en&hellip; <\/p>\n","protected":false},"author":1,"featured_media":206449,"comment_status":"closed","ping_status":"open","sticky":false,"template":"","format":"standard","meta":{"footnotes":""},"categories":[33],"tags":[],"class_list":["post-206448","post","type-post","status-publish","format-standard","has-post-thumbnail","hentry","category-policiales"],"_links":{"self":[{"href":"https:\/\/corrientesdetarde.com\/index.php\/wp-json\/wp\/v2\/posts\/206448","targetHints":{"allow":["GET"]}}],"collection":[{"href":"https:\/\/corrientesdetarde.com\/index.php\/wp-json\/wp\/v2\/posts"}],"about":[{"href":"https:\/\/corrientesdetarde.com\/index.php\/wp-json\/wp\/v2\/types\/post"}],"author":[{"embeddable":true,"href":"https:\/\/corrientesdetarde.com\/index.php\/wp-json\/wp\/v2\/users\/1"}],"replies":[{"embeddable":true,"href":"https:\/\/corrientesdetarde.com\/index.php\/wp-json\/wp\/v2\/comments?post=206448"}],"version-history":[{"count":1,"href":"https:\/\/corrientesdetarde.com\/index.php\/wp-json\/wp\/v2\/posts\/206448\/revisions"}],"predecessor-version":[{"id":206450,"href":"https:\/\/corrientesdetarde.com\/index.php\/wp-json\/wp\/v2\/posts\/206448\/revisions\/206450"}],"wp:featuredmedia":[{"embeddable":true,"href":"https:\/\/corrientesdetarde.com\/index.php\/wp-json\/wp\/v2\/media\/206449"}],"wp:attachment":[{"href":"https:\/\/corrientesdetarde.com\/index.php\/wp-json\/wp\/v2\/media?parent=206448"}],"wp:term":[{"taxonomy":"category","embeddable":true,"href":"https:\/\/corrientesdetarde.com\/index.php\/wp-json\/wp\/v2\/categories?post=206448"},{"taxonomy":"post_tag","embeddable":true,"href":"https:\/\/corrientesdetarde.com\/index.php\/wp-json\/wp\/v2\/tags?post=206448"}],"curies":[{"name":"wp","href":"https:\/\/api.w.org\/{rel}","templated":true}]}}