{"id":206500,"date":"2025-05-08T13:59:37","date_gmt":"2025-05-08T16:59:37","guid":{"rendered":"https:\/\/corrientesdetarde.com\/?p=206500"},"modified":"2025-05-08T13:59:40","modified_gmt":"2025-05-08T16:59:40","slug":"la-respuesta-de-lionel-scaloni-cuando-le-mencionaron-el-supuesto-interes-de-la-seleccion-de-brasil","status":"publish","type":"post","link":"https:\/\/corrientesdetarde.com\/index.php\/deportes\/la-respuesta-de-lionel-scaloni-cuando-le-mencionaron-el-supuesto-interes-de-la-seleccion-de-brasil\/","title":{"rendered":"La respuesta de Lionel Scaloni cuando le mencionaron el supuesto inter\u00e9s de la selecci\u00f3n de Brasil"},"content":{"rendered":"\n<p>El t\u00e9cnico campe\u00f3n del mundo dio una tajante contestaci\u00f3n ante los rumores de una propuesta para convertirse en el sucesor de Dorival Jr.<\/p>\n\n\n\n<p>Despu\u00e9s de la goleada de\u00a0<strong>Argentina<\/strong>\u00a0en el Monumental (4-1) por las Eliminatorias Sudamericanas, la selecci\u00f3n de\u00a0<strong>Brasil<\/strong>\u00a0profundiz\u00f3 su crisis y decant\u00f3 la renuncia de su director t\u00e9cnico\u00a0<strong>Dorival Jr.<\/strong>\u00a0Una danza de nombres comenz\u00f3 a circular para la sucesi\u00f3n, con el italiano\u00a0<strong>Carlo Ancelotti<\/strong>como principal candidato si finaliza su v\u00ednculo con\u00a0<strong>Real Madrid<\/strong>\u00a0a principios de temporada.<\/p>\n\n\n\n<p>Entre tantos rumores, uno casi disparatado se mencion\u00f3 en los \u00faltimos d\u00edas:&nbsp;<strong>la intenci\u00f3n de contratar a Lionel Scaloni mediante una oferta millonaria de la Confederaci\u00f3n Brasile\u00f1a de F\u00fatbol (CBF).<\/strong><\/p>\n\n\n\n<p>El entrenador fue consultado sobre ello por el periodista espa\u00f1ol Siro L\u00f3pez en una entrevista que se publicar\u00e1 el pr\u00f3ximo lunes en su canal de You Tube. Sin dudarlo, el DT de Pujato constest\u00f3: \u201cMe entero ahora, a m\u00ed no me llamaron.&nbsp;<strong>Lo siento en el alma, que vaya Carlo si tiene que ir<\/strong>, pero yo no, no&#8230;\u201d.<\/p>\n\n\n\n<p>En el adelanto de la nota, el entrenador se refiri\u00f3 a otros temas variados:<\/p>\n\n\n\n<h2 class=\"wp-block-heading\">La convocatoria de Nicol\u00e1s Paz:<\/h2>\n\n\n\n<p>\u201cEs mitad y mitad (argentino\/espa\u00f1ol) pero vino con nosotros. Estuvimos inteligentes, vimos la posibilidad y el chico quiso venir.&nbsp;<strong>Tiene un futuro enorme<\/strong>. Si el Madrid tiene opci\u00f3n por \u00e9l (est\u00e1 en Como), no lo dudar\u00eda (en comprarlo) porque creo que tiene nivel y mucho para crecer\u201d.<\/p>\n\n\n\n<h2 class=\"wp-block-heading\">\u00bfDirigir a un club?<\/h2>\n\n\n\n<p>\u201cNo me lo propuse todav\u00eda, estoy bien as\u00ed, voy por tiempo.&nbsp;<strong>S\u00ed, me gustar\u00eda en alg\u00fan momento<\/strong>&nbsp;y al Depor (Deportivo La Coru\u00f1a), claro\u201d<\/p>\n\n\n\n<h2 class=\"wp-block-heading\">Las cr\u00edticas de Diego Maradona cuando asumi\u00f3 en la Selecci\u00f3n<\/h2>\n\n\n\n<p>\u201c<strong>Las cr\u00edticas eran totalmente normales<\/strong>&nbsp;porque no hab\u00eda entrenador en ning\u00fan lado. Yo no ten\u00eda experiencia y \u00e9l, fiel a su estilo, siempre fue una persona que no se guardaba nada.&nbsp;<strong>No dijo nada raro<\/strong>\u201d.<\/p>\n","protected":false},"excerpt":{"rendered":"<p>El t\u00e9cnico campe\u00f3n del mundo dio una tajante contestaci\u00f3n ante los rumores de una propuesta para convertirse en el sucesor de Dorival Jr. Despu\u00e9s de la goleada de\u00a0Argentina\u00a0en el Monumental&hellip; <\/p>\n","protected":false},"author":8,"featured_media":206501,"comment_status":"closed","ping_status":"open","sticky":false,"template":"","format":"standard","meta":{"footnotes":""},"categories":[4],"tags":[],"class_list":["post-206500","post","type-post","status-publish","format-standard","has-post-thumbnail","hentry","category-deportes"],"_links":{"self":[{"href":"https:\/\/corrientesdetarde.com\/index.php\/wp-json\/wp\/v2\/posts\/206500","targetHints":{"allow":["GET"]}}],"collection":[{"href":"https:\/\/corrientesdetarde.com\/index.php\/wp-json\/wp\/v2\/posts"}],"about":[{"href":"https:\/\/corrientesdetarde.com\/index.php\/wp-json\/wp\/v2\/types\/post"}],"author":[{"embeddable":true,"href":"https:\/\/corrientesdetarde.com\/index.php\/wp-json\/wp\/v2\/users\/8"}],"replies":[{"embeddable":true,"href":"https:\/\/corrientesdetarde.com\/index.php\/wp-json\/wp\/v2\/comments?post=206500"}],"version-history":[{"count":1,"href":"https:\/\/corrientesdetarde.com\/index.php\/wp-json\/wp\/v2\/posts\/206500\/revisions"}],"predecessor-version":[{"id":206502,"href":"https:\/\/corrientesdetarde.com\/index.php\/wp-json\/wp\/v2\/posts\/206500\/revisions\/206502"}],"wp:featuredmedia":[{"embeddable":true,"href":"https:\/\/corrientesdetarde.com\/index.php\/wp-json\/wp\/v2\/media\/206501"}],"wp:attachment":[{"href":"https:\/\/corrientesdetarde.com\/index.php\/wp-json\/wp\/v2\/media?parent=206500"}],"wp:term":[{"taxonomy":"category","embeddable":true,"href":"https:\/\/corrientesdetarde.com\/index.php\/wp-json\/wp\/v2\/categories?post=206500"},{"taxonomy":"post_tag","embeddable":true,"href":"https:\/\/corrientesdetarde.com\/index.php\/wp-json\/wp\/v2\/tags?post=206500"}],"curies":[{"name":"wp","href":"https:\/\/api.w.org\/{rel}","templated":true}]}}