{"id":206512,"date":"2025-05-08T14:16:11","date_gmt":"2025-05-08T17:16:11","guid":{"rendered":"https:\/\/corrientesdetarde.com\/?p=206512"},"modified":"2025-05-08T14:16:16","modified_gmt":"2025-05-08T17:16:16","slug":"el-gobierno-acuso-al-pro-por-el-reves-con-ficha-limpia-y-reavivo-la-tension-se-cayo-por-su-impericia","status":"publish","type":"post","link":"https:\/\/corrientesdetarde.com\/index.php\/politica\/el-gobierno-acuso-al-pro-por-el-reves-con-ficha-limpia-y-reavivo-la-tension-se-cayo-por-su-impericia\/","title":{"rendered":"El Gobierno acus\u00f3 al PRO por el rev\u00e9s con Ficha Limpia y reaviv\u00f3 la tensi\u00f3n: \u201cSe cay\u00f3 por su impericia\u201d"},"content":{"rendered":"\n<p>Adorni asegur\u00f3 que el bloque macrista \u201cse apur\u00f3 con la votaci\u00f3n\u201d para intentar sacar r\u00e9dito electoral. Le dijo a la diputada Silvia Lospennato que le pida disculpas al Presidente por sus declaraciones.<\/p>\n\n\n\n<p>El Gobierno&nbsp;<strong>acus\u00f3 al PRO&nbsp;<\/strong>por la ca\u00edda del proyecto de Ficha Limpia y reaviv\u00f3 la tensi\u00f3n con el partido que preside Mauricio Macri.<\/p>\n\n\n\n<p>El vocero presidencial,&nbsp;<strong>Manuel Adorni,<\/strong>&nbsp;dijo que el proyecto de ley impulsado por Silvia Lospennato&nbsp;<strong>\u201cse cay\u00f3 por su propia impericia\u201d.<\/strong><\/p>\n\n\n\n<figure class=\"wp-block-image size-full\"><img loading=\"lazy\" decoding=\"async\" width=\"767\" height=\"424\" src=\"https:\/\/corrientesdetarde.com\/wp-content\/uploads\/2025\/05\/image-247.png\" alt=\"\" class=\"wp-image-206514\" srcset=\"https:\/\/corrientesdetarde.com\/wp-content\/uploads\/2025\/05\/image-247.png 767w, https:\/\/corrientesdetarde.com\/wp-content\/uploads\/2025\/05\/image-247-300x166.png 300w\" sizes=\"auto, (max-width: 767px) 100vw, 767px\" \/><\/figure>\n\n\n\n<p>El tambi\u00e9n candidato a legislador porte\u00f1o por La Libertad Avanza revel\u00f3 que antes de ingresar al recinto, el bloque oficialista pidi\u00f3 que<strong>&nbsp;\u201cse comprometieran a firmar un documento para reunir los 37 votos necesarios\u201d.<\/strong><\/p>\n\n\n\n<p>En ese contexto, explic\u00f3 que la intenci\u00f3n del documento era \u201cevitar que alg\u00fan vivo se diera vuelta y votara en contra, en favor de intereses espurios\u201d.<\/p>\n\n\n\n<p>\u201cFueron los mismos senadores del PRO quiense, sin esperar a la firma del documento,<strong>&nbsp;apuraron las cosas y bajaron al recinto a votar<\/strong>&nbsp;persiguiendo alguna especulaci\u00f3n electoral. Y el resultado es el que todos vimos: Ficha Limpia no se aprob\u00f3 y habr\u00e1 que esperar hasta el a\u00f1o que viene para tratarlo\u201d, sentenci\u00f3 Adorni.<\/p>\n\n\n\n<p>El portavoz del Presidente fue muy duro con el bloque del PRO, al que acus\u00f3 de \u201cinstalar durante semanas\u201d que el Gobierno quer\u00eda que el proyecto no se tratara por \u201calguna especulaci\u00f3n electoral\u201d.<\/p>\n\n\n\n<figure class=\"wp-block-image\"><img decoding=\"async\" src=\"https:\/\/tn.com.ar\/resizer\/v2\/ficha-limpia-no-logro-la-mayoria-absoluta-y-fracaso-su-aprobacion-por-apenas-un-voto-foto-na-claudio-fanchi-BAS4PV6YDFCMNOW3U7H4WYJKOE.png?auth=7baa188b0a3981f286d025a609c81b133b328b15d84932be5efaba2b7b3a93d3&amp;width=767\" alt=\"Ficha Limpia no logr\u00f3 la mayor\u00eda absoluta y fracas\u00f3 su aprobaci\u00f3n por apenas un voto. (Foto: NA \/ Claudio Fanchi)\"\/><\/figure>\n\n\n\n<p>En ese contexto, remarc\u00f3: \u201cY ahora que se cay\u00f3 el proyecto por su propia impericia,&nbsp;<strong>nos salen a acusar infundadamente,&nbsp;<\/strong>una vez m\u00e1s mintieron\u201d.<\/p>\n\n\n\n<p>Adorni tambi\u00e9n le respondi\u00f3 directamente a una de sus principales competidoras en la compulsa electoral porte\u00f1a e impulsora del proyecto Ficha Limpia,\u00a0<strong>Silvia Lospennato,\u00a0<\/strong>por sus declaraciones en\u00a0<strong>\u00a0<\/strong>luego de que se rechazara la iniciativa.<\/p>\n\n\n\n<p>\u201cLa diputada Lospennato<strong>&nbsp;deber\u00eda disculparse p\u00fablicamente<\/strong>&nbsp;por haber sugerido que el Gobierno busc\u00f3 sabotear la votaci\u00f3n\u201d, comenz\u00f3 el vocero.<\/p>\n\n\n\n<p>Luego, agreg\u00f3: \u201cAfirm\u00f3 err\u00f3nea y maliciosamente que el Gobierno transfiri\u00f3 a la provincia de Misiones m\u00e1s que a ninguna otra provincia. Algo que es falso y los datos son p\u00fablicos\u201d.<\/p>\n\n\n\n<p>A su vez, acus\u00f3 al PRO de acelerar la votaci\u00f3n para &#8220;<strong>anotarse una victoria pol\u00edtica antes de la elecci\u00f3n&#8221;<\/strong>. \u201cEl resultado de esa especulaci\u00f3n es el rechazo del proyecto y la decepci\u00f3n de un pueblo argentino que observa como la casta huye de la Justicia\u201d, sentenci\u00f3.<\/p>\n\n\n\n<p>\u201cHace 10 a\u00f1os que la pol\u00edtica viene poni\u00e9ndose excusas para no aprobar Ficha Limpia. Con Macri alegaban no tener mayor\u00edas y en el de Fern\u00e1ndez lo cajonearon\u201d, se\u00f1al\u00f3 Adorni.<\/p>\n\n\n\n<p>Luego, volvi\u00f3 a apuntar contra el PRO: \u201c<strong>Los mismos que lo postergaban acusaban al gobierno<\/strong>, que tiene solo seis senadores, de posponer el tratamiento de la ley cuando la realidad era que no estaban los votos para aprobarlo y quer\u00edamos evitar que se cayera el proyecto y no se pueda tratar hasta el a\u00f1o que viene\u201d.<\/p>\n\n\n\n<p>En ese sentido, agreg\u00f3: \u201cEs ins\u00f3lito que quienes<strong>&nbsp;no pudieron aprobar el proyecto en sus 4 a\u00f1os como Gobierno Nacional,<\/strong>&nbsp;ni en sus 17 a\u00f1os como Gobierno de la Ciudad, donde ten\u00edan mayor\u00eda, nos acusen de querer postergarlo cuando fue el propio Presidente quien lo envi\u00f3 en extraordinarias\u201d.<\/p>\n\n\n\n<figure class=\"wp-block-image\"><img decoding=\"async\" src=\"https:\/\/tn.com.ar\/resizer\/v2\/carlos-arce-y-sonia-decut-cambiaron-su-voto-e-hicieron-caer-el-proyecto-de-ficha-limpia-foto-senado-TIDPU4ELHVBW7LU5YZIBWWUADM.jpg?auth=8fefb59301db84022a8165dd8b045c3a30ae0a6f28917c14f0ed0c142a965b16&amp;width=767\" alt=\"Carlos Arce y Sonia Decut cambiaron su voto e hicieron caer el proyecto de Ficha Limpia. (Foto: Senado).\"\/><\/figure>\n\n\n\n<p>Sobre el cierre de su conferencia de prensa, donde no acept\u00f3 preguntas, Adorni marc\u00f3 las diferencias entre el Gobierno de&nbsp;<strong>Javier Milei&nbsp;<\/strong>y el de&nbsp;<strong>Mauricio Macri.<\/strong><\/p>\n\n\n\n<p>\u201cEste Gobierno logr\u00f3 la aprobaci\u00f3n de la boleta \u00fanica de papel, la que no lograron aprobar. Logr\u00f3 aprobar la suspensi\u00f3n de las PASO, que tampoco lograron aprobar. Y vamos a enterrar pol\u00edticamente al kirchnerismo que ellos no pudieron enterrar\u201d, remarc\u00f3.<\/p>\n\n\n\n<p>Adem\u00e1s, agreg\u00f3: \u201cNosotros<strong>&nbsp;vinimos a cambiar la forma de hacer pol\u00edtica en el pa\u00eds,<\/strong>&nbsp;vinimos a patear el tablero. Todos los que trabajen en este sentido, son bienvenidos. Y el que no lo vea o no lo entienda, ser\u00e1 juzgado por la historia\u201d.<\/p>\n\n\n\n<p>En paralelo, critic\u00f3 al kirchnerismo por celebrar el rechazo al proyecto de Ley: \u201cSe vieron&nbsp;<strong>escenas lamentables para la democracia&nbsp;<\/strong>de nuestro pa\u00eds. Los senadores kircheristas apaludieron la continuidad de la impulidad&#8221;.<\/p>\n\n\n\n<p>\u201cFestejaron que los delincuentes&nbsp;<strong>sigan refugi\u00e1ndose en el poder.<\/strong>&nbsp;Festejaron la impunidad de una condenada por severas causas de corrupci\u00f3n y responsable de la decadencia de este pa\u00eds&#8221;, sum\u00f3.<\/p>\n\n\n\n<p>Por \u00faltimo, acus\u00f3 al bloque de senadores kirchneristas de &#8220;<strong>operar para garantizar la impunidad de Cristina Kirchner<\/strong>&nbsp;que va a poder presentarse y refugiarse en sus fueros&#8221;.<\/p>\n","protected":false},"excerpt":{"rendered":"<p>Adorni asegur\u00f3 que el bloque macrista \u201cse apur\u00f3 con la votaci\u00f3n\u201d para intentar sacar r\u00e9dito electoral. Le dijo a la diputada Silvia Lospennato que le pida disculpas al Presidente por&hellip; <\/p>\n","protected":false},"author":8,"featured_media":206514,"comment_status":"closed","ping_status":"open","sticky":false,"template":"","format":"standard","meta":{"footnotes":""},"categories":[3],"tags":[],"class_list":["post-206512","post","type-post","status-publish","format-standard","has-post-thumbnail","hentry","category-politica"],"_links":{"self":[{"href":"https:\/\/corrientesdetarde.com\/index.php\/wp-json\/wp\/v2\/posts\/206512","targetHints":{"allow":["GET"]}}],"collection":[{"href":"https:\/\/corrientesdetarde.com\/index.php\/wp-json\/wp\/v2\/posts"}],"about":[{"href":"https:\/\/corrientesdetarde.com\/index.php\/wp-json\/wp\/v2\/types\/post"}],"author":[{"embeddable":true,"href":"https:\/\/corrientesdetarde.com\/index.php\/wp-json\/wp\/v2\/users\/8"}],"replies":[{"embeddable":true,"href":"https:\/\/corrientesdetarde.com\/index.php\/wp-json\/wp\/v2\/comments?post=206512"}],"version-history":[{"count":1,"href":"https:\/\/corrientesdetarde.com\/index.php\/wp-json\/wp\/v2\/posts\/206512\/revisions"}],"predecessor-version":[{"id":206515,"href":"https:\/\/corrientesdetarde.com\/index.php\/wp-json\/wp\/v2\/posts\/206512\/revisions\/206515"}],"wp:featuredmedia":[{"embeddable":true,"href":"https:\/\/corrientesdetarde.com\/index.php\/wp-json\/wp\/v2\/media\/206514"}],"wp:attachment":[{"href":"https:\/\/corrientesdetarde.com\/index.php\/wp-json\/wp\/v2\/media?parent=206512"}],"wp:term":[{"taxonomy":"category","embeddable":true,"href":"https:\/\/corrientesdetarde.com\/index.php\/wp-json\/wp\/v2\/categories?post=206512"},{"taxonomy":"post_tag","embeddable":true,"href":"https:\/\/corrientesdetarde.com\/index.php\/wp-json\/wp\/v2\/tags?post=206512"}],"curies":[{"name":"wp","href":"https:\/\/api.w.org\/{rel}","templated":true}]}}