{"id":206516,"date":"2025-05-08T14:19:08","date_gmt":"2025-05-08T17:19:08","guid":{"rendered":"https:\/\/corrientesdetarde.com\/?p=206516"},"modified":"2025-05-08T14:19:12","modified_gmt":"2025-05-08T17:19:12","slug":"se-conocio-la-causa-de-la-renuncia-de-oliver-oakes-en-alpine-su-hermano-fue-detenido-por-un-grave-delito","status":"publish","type":"post","link":"https:\/\/corrientesdetarde.com\/index.php\/deportes\/se-conocio-la-causa-de-la-renuncia-de-oliver-oakes-en-alpine-su-hermano-fue-detenido-por-un-grave-delito\/","title":{"rendered":"Se conoci\u00f3 la causa de la renuncia de Oliver Oakes en Alpine: su hermano fue detenido por un grave delito"},"content":{"rendered":"\n<p>La escuder\u00eda francesa hab\u00eda dicho que su salida se deb\u00eda a un problema personal.<\/p>\n\n\n\n<p>El diario brit\u00e1nico<em>\u00a0The Telegraph\u00a0<\/em>estremeci\u00f3 a la<strong>\u00a0F\u00f3rmula 1<\/strong>\u00a0con una noticia bomba:\u00a0<strong>el hermano de Oliver Oakes, exjefe de Alpine y de Franco Colapinto, fue detenido por un grave delito.<\/strong><\/p>\n\n\n\n<p>Seg\u00fan se inform\u00f3, Oakes viaj\u00f3 de urgencia a Dubai despu\u00e9s de que su hermano fuera<strong>&nbsp;arrestado por \u201ctransferencia de propiedad criminal\u201d.&nbsp;<\/strong>Adem\u00e1s, fue atrapado con una gran cantidad de dinero en efectivo.<\/p>\n\n\n\n<p><strong>Oliver Oakes\u00a0<\/strong>renunci\u00f3 el martes a su cargo como jefe del equipo\u00a0<strong>Alpine<\/strong>\u00a0de\u00a0<strong>F\u00f3rmula 1\u00a0<\/strong>y muchos creyeron que su salida se hab\u00eda dado en el marco del cambio de pilotos entre Franco Colapinto y Jack Doohan, su protegido.\u00a0<strong>Sin embargo, su salida estar\u00eda vinculada a proteger a su hermano en este momento complejo.<\/strong><\/p>\n\n\n\n<figure class=\"wp-block-image\"><img decoding=\"async\" src=\"https:\/\/tn.com.ar\/resizer\/v2\/oliver-oakes-renuncio-a-su-puesto-en-alpine-foto-reuters-XA2LPRK4YNGZLDERSJBFDLV3PA.jpg?auth=f22c834476f20bca435bffc95c7642e99ce9a356be10f92c3b59dd8af645a4fe&amp;width=767\" alt=\"Oliver Oakes renunci\u00f3 a su puesto en Alpine. (Foto: Reuters).\"\/><\/figure>\n\n\n\n<p>Flavio Briatore, que ocupar\u00e1 temporalmente el puesto de Oakes, hab\u00eda dejado trascender que su renuncia no ten\u00eda nada que ver con la escuder\u00eda y el cambio de pilotos.<\/p>\n\n\n\n<p>\u201cSe ha hablado mucho en las \u00faltimas 24 horas, asociando err\u00f3neamente la decisi\u00f3n de Oli de dimitir con un supuesto desacuerdo o con opiniones diferentes<strong>. Esto es completamente falso y est\u00e1 muy lejos de la realidad<\/strong>\u201d, escribi\u00f3 el italiano en un comunicado que subi\u00f3 en Instagram.<\/p>\n\n\n\n<figure class=\"wp-block-image\"><img decoding=\"async\" src=\"https:\/\/tn.com.ar\/resizer\/v2\/foto-instagram-3NEBFRSKKZGIFB76DMADVNU6TY.jpg?auth=098c589e8fdb3caf091ea44a5cfdeb8eed332708b34831e7749b3fa6f2d2b730&amp;width=767\" alt=\"(Foto: Instagram)\"\/><\/figure>\n\n\n\n<p>\u201cOli y yo tenemos una muy buena relaci\u00f3n y ten\u00edamos ambiciones a largo plazo de impulsar este equipo juntos. Aceptamos la petici\u00f3n de Oli de dimitir. Los motivos no est\u00e1n relacionados con el equipo y son de car\u00e1cter personal. Seguir\u00e9 involucr\u00e1ndome cada vez m\u00e1s con el equipo, junto con la s\u00f3lida gesti\u00f3n que ya tenemos establecida. Trabajaremos duro para mejorar nuestra posici\u00f3n esta temporada y prepararnos para 2026\u2033, escribi\u00f3.<\/p>\n\n\n\n<h2 class=\"wp-block-heading\">El comunicado de Alpine tras la salida de Oliver Oakes<\/h2>\n\n\n\n<p>\u201c<strong>El equipo BWT Alpine de F\u00f3rmula 1 anuncia la renuncia de Oliver Oakes como director del equipo.<\/strong>&nbsp;El equipo ha aceptado su dimisi\u00f3n con efecto inmediato.&nbsp;<strong>Flavio Briatore continuar\u00e1 como asesor ejecutivo y asumir\u00e1 las funciones que anteriormente desempe\u00f1aba Oliver Oakes<\/strong>. El equipo agradece a Oliver su esfuerzo desde su incorporaci\u00f3n el verano pasado y su contribuci\u00f3n para asegurar el sexto puesto en el Campeonato de Constructores de 2024. El equipo no har\u00e1 m\u00e1s comentarios\u201c, anunci\u00f3 el equipo franc\u00e9s en un comunicado.<\/p>\n","protected":false},"excerpt":{"rendered":"<p>La escuder\u00eda francesa hab\u00eda dicho que su salida se deb\u00eda a un problema personal. El diario brit\u00e1nico\u00a0The Telegraph\u00a0estremeci\u00f3 a la\u00a0F\u00f3rmula 1\u00a0con una noticia bomba:\u00a0el hermano de Oliver Oakes, exjefe de&hellip; <\/p>\n","protected":false},"author":8,"featured_media":206517,"comment_status":"closed","ping_status":"open","sticky":false,"template":"","format":"standard","meta":{"footnotes":""},"categories":[4],"tags":[],"class_list":["post-206516","post","type-post","status-publish","format-standard","has-post-thumbnail","hentry","category-deportes"],"_links":{"self":[{"href":"https:\/\/corrientesdetarde.com\/index.php\/wp-json\/wp\/v2\/posts\/206516","targetHints":{"allow":["GET"]}}],"collection":[{"href":"https:\/\/corrientesdetarde.com\/index.php\/wp-json\/wp\/v2\/posts"}],"about":[{"href":"https:\/\/corrientesdetarde.com\/index.php\/wp-json\/wp\/v2\/types\/post"}],"author":[{"embeddable":true,"href":"https:\/\/corrientesdetarde.com\/index.php\/wp-json\/wp\/v2\/users\/8"}],"replies":[{"embeddable":true,"href":"https:\/\/corrientesdetarde.com\/index.php\/wp-json\/wp\/v2\/comments?post=206516"}],"version-history":[{"count":1,"href":"https:\/\/corrientesdetarde.com\/index.php\/wp-json\/wp\/v2\/posts\/206516\/revisions"}],"predecessor-version":[{"id":206518,"href":"https:\/\/corrientesdetarde.com\/index.php\/wp-json\/wp\/v2\/posts\/206516\/revisions\/206518"}],"wp:featuredmedia":[{"embeddable":true,"href":"https:\/\/corrientesdetarde.com\/index.php\/wp-json\/wp\/v2\/media\/206517"}],"wp:attachment":[{"href":"https:\/\/corrientesdetarde.com\/index.php\/wp-json\/wp\/v2\/media?parent=206516"}],"wp:term":[{"taxonomy":"category","embeddable":true,"href":"https:\/\/corrientesdetarde.com\/index.php\/wp-json\/wp\/v2\/categories?post=206516"},{"taxonomy":"post_tag","embeddable":true,"href":"https:\/\/corrientesdetarde.com\/index.php\/wp-json\/wp\/v2\/tags?post=206516"}],"curies":[{"name":"wp","href":"https:\/\/api.w.org\/{rel}","templated":true}]}}