{"id":206519,"date":"2025-05-08T14:33:55","date_gmt":"2025-05-08T17:33:55","guid":{"rendered":"https:\/\/corrientesdetarde.com\/?p=206519"},"modified":"2025-05-08T14:33:58","modified_gmt":"2025-05-08T17:33:58","slug":"habemus-papam-el-nuevo-papa-es-el-cardenal-estadounidense-robert-prevost-y-sera-leon-xiv","status":"publish","type":"post","link":"https:\/\/corrientesdetarde.com\/index.php\/actualidad\/habemus-papam-el-nuevo-papa-es-el-cardenal-estadounidense-robert-prevost-y-sera-leon-xiv\/","title":{"rendered":"\u201cHabemus Papam\u201d: el nuevo Papa es el cardenal estadounidense, Robert Prevost, y ser\u00e1 Le\u00f3n XIV"},"content":{"rendered":"\n<p>Fue elegido en la cuarta votaci\u00f3n, en el segundo d\u00eda de C\u00f3nclave. Sucede a Jorge Bergoglio, a 18 d\u00edas de su muerte.<\/p>\n\n\n\n<p>En\u00a0<strong>la cuarta votaci\u00f3n\u00a0<\/strong>de la tarde de este jueves 8 de mayo,\u00a0humo blanco sali\u00f3 de la chimenea\u00a0de la Capilla Sixtina, del Vaticano y los 133 cardenales reunidos en C\u00f3nclave<strong>\u00a0anunciaron al mundo que eligieron al nuevo Papa<\/strong>, el cardenal estadounidense,\u00a0Robert Prevost, sucesor del fallecido Jorge Bergoglio,<strong>\u00a0Francisco. Sera Le\u00f3n XIV.<\/strong><\/p>\n\n\n\n<figure class=\"wp-block-image size-large\"><img loading=\"lazy\" decoding=\"async\" width=\"1024\" height=\"571\" src=\"https:\/\/corrientesdetarde.com\/wp-content\/uploads\/2025\/05\/IMG_20250508_142653-1024x571.jpg\" alt=\"\" class=\"wp-image-206521\" srcset=\"https:\/\/corrientesdetarde.com\/wp-content\/uploads\/2025\/05\/IMG_20250508_142653-1024x571.jpg 1024w, https:\/\/corrientesdetarde.com\/wp-content\/uploads\/2025\/05\/IMG_20250508_142653-300x167.jpg 300w, https:\/\/corrientesdetarde.com\/wp-content\/uploads\/2025\/05\/IMG_20250508_142653-768x428.jpg 768w, https:\/\/corrientesdetarde.com\/wp-content\/uploads\/2025\/05\/IMG_20250508_142653.jpg 1401w\" sizes=\"auto, (max-width: 1024px) 100vw, 1024px\" \/><\/figure>\n\n\n\n<p>El cardenal franc\u00e9s Dominique Mamberti tuvo el honor de pronunciar la famosa f\u00f3rmula latina &#8220;Habemus papam&#8221; al final del c\u00f3nclave. &#8220;Tenemos un Papa&#8221; en lat\u00edn y anunciar su identidad y su nombre como pont\u00edfice.<\/p>\n\n\n\n<p>El\u00a0humo blanco\u00a0implic\u00f3 que quien fue elegido<strong>\u00a0acet\u00f3 su cargo<\/strong>\u00a0y se dirigi\u00f3 a la<strong>\u00a0sala de las l\u00e1grimas\u00a0<\/strong>a ser vestido con las ropas blancas del pont\u00edfice.<\/p>\n\n\n\n<p>La plaza de San Pedro&nbsp;<strong>se llen\u00f3 de aplausos y gritos de alegr\u00eda<\/strong>, mientras la campa\u00f1as repicaban confirmando la elecci\u00f3n de un nuevo pont\u00edfice.<\/p>\n\n\n\n<p>Los congregados irrumpieron en un grito generalizado y grandes aplausos, mientras los fieles y curiosos agitan banderas nacionales.<\/p>\n\n\n\n<p>Con posterioridad el cardenal protodi\u00e1cono anunciar\u00e1 el nombre del cardenal elegido y su nombre pontificado y a continuaci\u00f3n aparecer\u00e1 el nuevo jefe de la Iglesia Cat\u00f3lica.<\/p>\n\n\n\n<p>El nuevo papa se asomar\u00e1 al balc\u00f3n para presentarse al mundo e\u00a0<strong>impartir su primera bendici\u00f3n &#8216;Urbi et Orbi&#8217;<\/strong>\u00a0(a la ciudad y al mundo).<a href=\"https:\/\/www.clarin.com\/fotogalerias\/conclave-elegir-nuevo-papa-todas-fotos-votaciones-elegir-sucesor-papa-francisco_5_lJcyC80vo2.html\"><\/a><\/p>\n\n\n\n<p>Seg\u00fan la normativa vaticana, para ser elegido papa son necesarios dos tercios de los votos. En este caso los cardenales electores son 133 por lo que el elegido necesita, como m\u00ednimo,<strong>&nbsp;89 votos.<\/strong><\/p>\n\n\n\n<p>El papa Francisco (Jorge Mario Bergoglio)<strong>&nbsp;fue elegido en 2013 en la quinta votaci\u00f3n<\/strong>, Benedicto XVI (Joseph Ratzinger) a la cuarta y Juan Pablo II (Karol Wojtyla) en 1978 a la octava.<\/p>\n","protected":false},"excerpt":{"rendered":"<p>Fue elegido en la cuarta votaci\u00f3n, en el segundo d\u00eda de C\u00f3nclave. Sucede a Jorge Bergoglio, a 18 d\u00edas de su muerte. En\u00a0la cuarta votaci\u00f3n\u00a0de la tarde de este jueves&hellip; <\/p>\n","protected":false},"author":8,"featured_media":206520,"comment_status":"closed","ping_status":"open","sticky":false,"template":"","format":"standard","meta":{"footnotes":""},"categories":[23],"tags":[],"class_list":["post-206519","post","type-post","status-publish","format-standard","has-post-thumbnail","hentry","category-actualidad"],"_links":{"self":[{"href":"https:\/\/corrientesdetarde.com\/index.php\/wp-json\/wp\/v2\/posts\/206519","targetHints":{"allow":["GET"]}}],"collection":[{"href":"https:\/\/corrientesdetarde.com\/index.php\/wp-json\/wp\/v2\/posts"}],"about":[{"href":"https:\/\/corrientesdetarde.com\/index.php\/wp-json\/wp\/v2\/types\/post"}],"author":[{"embeddable":true,"href":"https:\/\/corrientesdetarde.com\/index.php\/wp-json\/wp\/v2\/users\/8"}],"replies":[{"embeddable":true,"href":"https:\/\/corrientesdetarde.com\/index.php\/wp-json\/wp\/v2\/comments?post=206519"}],"version-history":[{"count":1,"href":"https:\/\/corrientesdetarde.com\/index.php\/wp-json\/wp\/v2\/posts\/206519\/revisions"}],"predecessor-version":[{"id":206522,"href":"https:\/\/corrientesdetarde.com\/index.php\/wp-json\/wp\/v2\/posts\/206519\/revisions\/206522"}],"wp:featuredmedia":[{"embeddable":true,"href":"https:\/\/corrientesdetarde.com\/index.php\/wp-json\/wp\/v2\/media\/206520"}],"wp:attachment":[{"href":"https:\/\/corrientesdetarde.com\/index.php\/wp-json\/wp\/v2\/media?parent=206519"}],"wp:term":[{"taxonomy":"category","embeddable":true,"href":"https:\/\/corrientesdetarde.com\/index.php\/wp-json\/wp\/v2\/categories?post=206519"},{"taxonomy":"post_tag","embeddable":true,"href":"https:\/\/corrientesdetarde.com\/index.php\/wp-json\/wp\/v2\/tags?post=206519"}],"curies":[{"name":"wp","href":"https:\/\/api.w.org\/{rel}","templated":true}]}}