{"id":206526,"date":"2025-05-08T14:46:30","date_gmt":"2025-05-08T17:46:30","guid":{"rendered":"https:\/\/corrientesdetarde.com\/?p=206526"},"modified":"2025-05-08T14:46:34","modified_gmt":"2025-05-08T17:46:34","slug":"el-pro-arremetio-contra-lla-por-el-fracaso-de-ficha-limpia-y-puso-en-duda-las-negociaciones-electorales-en-pba","status":"publish","type":"post","link":"https:\/\/corrientesdetarde.com\/index.php\/politica\/el-pro-arremetio-contra-lla-por-el-fracaso-de-ficha-limpia-y-puso-en-duda-las-negociaciones-electorales-en-pba\/","title":{"rendered":"El PRO arremeti\u00f3 contra LLA por el fracaso de Ficha Limpia y puso en duda las negociaciones electorales en PBA"},"content":{"rendered":"\n<p>La vocera del gobierno porte\u00f1o, Laura Alonso, se\u00f1al\u00f3 al presidente Javier Milei como el responsable de que el proyecto se haya ca\u00eddo.<\/p>\n\n\n\n<p>La vocera del gobierno porte\u00f1o,\u00a0<strong>Laura Alonso<\/strong>, arremeti\u00f3 contra el presidente\u00a0<strong>Javier Milei<\/strong>\u00a0por el\u00a0<strong>fracaso de Ficha Limpia<\/strong>\u00a0en el Senado y hasta puso\u00a0<strong>en duda<\/strong>\u00a0las\u00a0<strong>negociaciones del PRO con La Libertad Avanza<\/strong>\u00a0de cara a las pr\u00f3ximas elecciones.<\/p>\n\n\n\n<p><strong>\u201cLa confianza se quebr\u00f3 y la defraudaci\u00f3n es muy alta\u201d<\/strong>, dijo Alonso este jueves, en conferencia de prensa junto a&nbsp;<strong>Silvia Lospennato<\/strong>, la autora del proyecto que buscaba limitar las candidaturas de personas condenadas por la Justicia.<\/p>\n\n\n\n<p>La portavoz de Jorge Macri traz\u00f3 una l\u00ednea temporal para respaldar sus acusaciones y se\u00f1al\u00f3 que \u201cdesde el a\u00f1o pasado, fue el bloque del PRO el que puso la Ficha Limpia en la mesa de negociaci\u00f3n parlamentaria\u201d. Seg\u00fan record\u00f3,&nbsp;<strong>el oficialismo hab\u00eda aceptado debatir la iniciativa&nbsp;<\/strong>e incluso propuso&nbsp;<strong>introducir cambios al proyecto<\/strong>&nbsp;a trav\u00e9s de representantes de confianza de Milei.<\/p>\n\n\n\n<p>\u201cSe logr\u00f3 dictamen, se aprob\u00f3 en Diputados y fue al Senado. Ayer&nbsp;<strong>todos sab\u00edamos que los votos estaban<\/strong>\u201d, subray\u00f3. Sin embargo, dos senadores de Misiones, habituales aliados del oficialismo,<strong>&nbsp;\u201cdecidieron dar vuelta su voto en medio de la noche\u201d<\/strong>.<\/p>\n\n\n\n<p>Esa maniobra, seg\u00fan Alonso, fue&nbsp;<strong>sorpresiva incluso para el bloque kirchnerista<\/strong>: \u201cMiren las caras de los senadores si quieren una prueba de que algo hab\u00eda pasado. No iban a festejar y terminaron festejando\u201d.<\/p>\n\n\n\n<p>Para la funcionaria porte\u00f1a, el desenlace fue deliberado: \u201c<strong>No conocemos a ning\u00fan gobierno democr\u00e1tico que vaya al recinto a perder una votaci\u00f3n<\/strong>. Cuando faltan votos, se pasa a comisi\u00f3n o se llama a cuarto intermedio. Ayer no pas\u00f3 eso:&nbsp;<strong>se fue a una votaci\u00f3n para perder<\/strong>\u201d.<\/p>\n\n\n\n<p>El quiebre con La Libertad Avanza qued\u00f3 en evidencia en el tono con que Alonso calific\u00f3 el comunicado oficial posterior a la sesi\u00f3n, en el que el Gobierno culp\u00f3 al PRO y a Silvia Lospennato del fracaso legislativo.&nbsp;<strong>\u201cNos dio asco\u201d<\/strong>, sentenci\u00f3. \u201cEs simplemente&nbsp;<strong>una mentira fabricada<\/strong>&nbsp;para acusar a otro partido pol\u00edtico de algo de lo que no tenemos responsabilidad\u201d.<\/p>\n\n\n\n<p>Aunque aclar\u00f3 que&nbsp;<strong>no tiene informaci\u00f3n concreta sobre una ruptura formal<\/strong>&nbsp;de la alianza parlamentaria, Alonso dej\u00f3 abierta la puerta a una&nbsp;<strong>redefinici\u00f3n del v\u00ednculo&nbsp;<\/strong>entre ambos espacios. \u201cSilvia representa a much\u00edsimos ciudadanos, y ellos fueron defraudados por el presidente Milei. Ella fue muy clara: dijo que,&nbsp;<strong>despu\u00e9s de tres veces, le perdi\u00f3 la confianza<\/strong>\u201d, concluy\u00f3.<\/p>\n\n\n\n<p>Apenas se conoci\u00f3 el rechazo, la diputada\u00a0<strong>Silvia Lospennato<\/strong>, quien impuls\u00f3 el proyecto, mostr\u00f3 su descontento al aire <strong>\u00a0<\/strong>y acus\u00f3 al Gobierno de elegir a Cristina Kirchner como principal opositora.<\/p>\n\n\n\n<p>\u201cSi alguien especula que es bueno<strong>&nbsp;tenerla en la cancha<\/strong>&nbsp;porque eso va a facilitar una elecci\u00f3n, yo creo que est\u00e1 cometiendo un&nbsp;<strong>enorme error<\/strong>\u201d, sostuvo.<\/p>\n\n\n\n<p><\/p>\n","protected":false},"excerpt":{"rendered":"<p>La vocera del gobierno porte\u00f1o, Laura Alonso, se\u00f1al\u00f3 al presidente Javier Milei como el responsable de que el proyecto se haya ca\u00eddo. La vocera del gobierno porte\u00f1o,\u00a0Laura Alonso, arremeti\u00f3 contra&hellip; <\/p>\n","protected":false},"author":8,"featured_media":206527,"comment_status":"closed","ping_status":"open","sticky":false,"template":"","format":"standard","meta":{"footnotes":""},"categories":[3],"tags":[],"class_list":["post-206526","post","type-post","status-publish","format-standard","has-post-thumbnail","hentry","category-politica"],"_links":{"self":[{"href":"https:\/\/corrientesdetarde.com\/index.php\/wp-json\/wp\/v2\/posts\/206526","targetHints":{"allow":["GET"]}}],"collection":[{"href":"https:\/\/corrientesdetarde.com\/index.php\/wp-json\/wp\/v2\/posts"}],"about":[{"href":"https:\/\/corrientesdetarde.com\/index.php\/wp-json\/wp\/v2\/types\/post"}],"author":[{"embeddable":true,"href":"https:\/\/corrientesdetarde.com\/index.php\/wp-json\/wp\/v2\/users\/8"}],"replies":[{"embeddable":true,"href":"https:\/\/corrientesdetarde.com\/index.php\/wp-json\/wp\/v2\/comments?post=206526"}],"version-history":[{"count":1,"href":"https:\/\/corrientesdetarde.com\/index.php\/wp-json\/wp\/v2\/posts\/206526\/revisions"}],"predecessor-version":[{"id":206528,"href":"https:\/\/corrientesdetarde.com\/index.php\/wp-json\/wp\/v2\/posts\/206526\/revisions\/206528"}],"wp:featuredmedia":[{"embeddable":true,"href":"https:\/\/corrientesdetarde.com\/index.php\/wp-json\/wp\/v2\/media\/206527"}],"wp:attachment":[{"href":"https:\/\/corrientesdetarde.com\/index.php\/wp-json\/wp\/v2\/media?parent=206526"}],"wp:term":[{"taxonomy":"category","embeddable":true,"href":"https:\/\/corrientesdetarde.com\/index.php\/wp-json\/wp\/v2\/categories?post=206526"},{"taxonomy":"post_tag","embeddable":true,"href":"https:\/\/corrientesdetarde.com\/index.php\/wp-json\/wp\/v2\/tags?post=206526"}],"curies":[{"name":"wp","href":"https:\/\/api.w.org\/{rel}","templated":true}]}}